{"id":40888,"date":"2021-05-07T15:40:53","date_gmt":"2021-05-07T15:40:53","guid":{"rendered":"https:\/\/gazetaregionalna.com\/?p=40888"},"modified":"2021-05-07T15:40:54","modified_gmt":"2021-05-07T15:40:54","slug":"zuzlowcy-eltrox-wlokniarz-ugoszcza-betard-sparte-wroclaw-trzeba-wygrac-drugi-mecz","status":"publish","type":"post","link":"https:\/\/gazetaregionalna.com\/?p=40888","title":{"rendered":"\u017bu\u017clowcy Eltrox W\u0142\u00f3kniarz ugoszcz\u0105 Betard Spart\u0119 Wroc\u0142aw. Trzeba wygra\u0107 drugi mecz!"},"content":{"rendered":"\n<p>Czwarty mecz tegorocznego sezonu maj\u0105 w niedziel\u0119 \u017cu\u017clowcy Eltrox W\u0142\u00f3kniarz. Cz\u0119stochowianie na torze przy ul. Olszty\u0144skiej podejmowa\u0107 b\u0119d\u0105 Betard Spart\u0119 Wroc\u0142aw.<\/p>\n\n\n\n<p>Wroc\u0142awianie po trzech spotkaniach w PGE Ekstralidze maj\u0105 zaledwie jedno zwyci\u0119stwo i 2 punkty na koncie. Betard Sparta przed sezonem dokona\u0142a wzmocnie\u0144. Do Wroc\u0142awia z Grudzi\u0105dza trafi\u0142 Artiom \u0141aguta. Mia\u0142 wzmocni\u0107 dru\u017cyn\u0119 i walczy\u0107 z kolegami o podium w PGE Ekstralidze.<\/p>\n\n\n\n<p>Wroc\u0142awianie dobrze zacz\u0119li sezon, bo pokonali beniaminka z Torunia. W drugim spotkaniu \u015bcigali si\u0119 w Grudzi\u0105dzu i ju\u017c w pierwszym biegu stracili Tai Woffindena, kt\u00f3ry dozna\u0142 kontuzji. Betard Sparta przegra\u0142a 44:45. Wroc\u0142awianie bez Woffindena przegrali te\u017c w Lublinie z Motorem.<\/p>\n\n\n\n<p>Podobnie jak Betard Sparta je\u017adzi te\u017c Eltrox W\u0142\u00f3kniarz. Cz\u0119stochowianie jak na razie przegrali u siebie z Fogo Uni\u0105 Leszno i w Lublinie z Motorem oraz pokonali w Cz\u0119stochowie Falubaz Zielona G\u00f3ra. Po trzech meczach te\u017c maj\u0105 na koncie zwyci\u0119stwo i dwie pora\u017cki.<\/p>\n\n\n\n<p>Niedzielny mecz w Cz\u0119stochowie b\u0119dzie wa\u017cny dla jednych i drugich, ale to Eltrox W\u0142\u00f3kniarz powinien wykorzysta\u0107 atut w\u0142asnego toru i pokona\u0107 go\u015bci. \u0141atwo jednak nie b\u0119dzie. W sk\u0142adzie Betard Sparty s\u0105 przecie\u017c Maciej Janowski, Artiom \u0141aguta oraz Daniel Bewley i nieobliczalny Gleb Czugunov.<\/p>\n\n\n\n<p>Kibic\u00f3w Eltrox W\u0142\u00f3kniarz cieszy dobra jazda Leona Madsena oraz coraz lepsza postawa Fredrika Lindgrena i Bartosza Smekta\u0142y. Kibice czekaj\u0105 na lepsze wyst\u0119py Kacpra Woryny, kt\u00f3ry jak na razie nie mo\u017ce odnale\u017a\u0107 si\u0119 w Ekstralidze. Fani W\u0142\u00f3kniarz licz\u0105 te\u017c na waleczno\u015b\u0107 Jonasa Jeppesena i dobr\u0105 postaw\u0119 cz\u0119stochowskich junior\u00f3w.<\/p>\n\n\n\n<p>Je\u015bli tym razem liderzy \u201eLw\u00f3w\u201d pojad\u0105 na swoim poziomie, a tzw. \u201edruga linia\u201d zrobi swoje to zwyci\u0119stwo powinno zosta\u0107 w Cz\u0119stochowie.<\/p>\n\n\n\n<p>W poprzednim sezonie cz\u0119stochowskim \u017cu\u017clowcom do awansu do czo\u0142owej czw\u00f3rki i play-off zabrak\u0142o zwyci\u0119stwo i punkt\u00f3w na w\u0142asnym torze. W\u0142\u00f3kniarz ma ju\u017c pora\u017ck\u0119 u siebie z Fogo Uni\u0105 Leszno. Dlatego na wi\u0119cej nie powinien ju\u017c pozwoli\u0107&#8230;<\/p>\n\n\n\n<p>Niedzielny mecz zaplanowano na godz. 16:30. Odb\u0119dzie si\u0119 bez udzia\u0142u publiczno\u015bci.<\/p>\n\n\n\n<p><strong>Awizowane sk\u0142ady:<\/strong><\/p>\n\n\n\n<p><strong>Betard Sparta Wroc\u0142aw<\/strong><\/p>\n\n\n\n<p>1. Artem Laguta<\/p>\n\n\n\n<p>2. Daniel Bewley<\/p>\n\n\n\n<p>3. Tai Woffinden<\/p>\n\n\n\n<p>4. Gleb Chugunov<\/p>\n\n\n\n<p>5. Maciej Janowski<\/p>\n\n\n\n<p>6. Przemys\u0142aw Liszka<\/p>\n\n\n\n<p><strong>Eltrox W\u0142\u00f3kniarz Cz\u0119stochowa<\/strong><\/p>\n\n\n\n<p>9. Fredrik Lindgren<\/p>\n\n\n\n<p>10. Kacper Woryna<\/p>\n\n\n\n<p>11. Bartosz Smekta\u0142a<\/p>\n\n\n\n<p>12. Jonas Jeppesen<\/p>\n\n\n\n<p>13. Leon Madsen<\/p>\n\n\n\n<p>14. Jakub Mi\u015bkowiak<\/p>\n\n\n\n<p>15. Mateusz \u015awidnicki<\/p>\n\n\n\n<p>Tabela PGE Ekstraligi przed 5 kolejk\u0105<\/p>\n\n\n\n<ol class=\"wp-block-list\"><li>Moje Bermudy Stal Gorz\u00f3w 3 6 +34<\/li><li>Motor Lublin 4 6 +10<\/li><li>Apator Toru\u0144 4 4 +16<\/li><li>Fogo Unia Leszno 3 4 +6<\/li><li>Betard Sparta Wroc\u0142aw 3 2 -3<\/li><li>Eltrox W\u0142\u00f3kniarz Cz\u0119stochowa 3 2 -8<\/li><li>Falubaz Zielona G\u00f3ra 4 2 -10<\/li><li>GKM Grudzi\u0105dz 4 2 -45<\/li><\/ol>\n\n\n\n<p>(tekst: AK i MRK, foto: AK)<\/p>\n\n\n\n<figure class=\"wp-block-image size-large\"><img decoding=\"async\" width=\"1024\" height=\"665\" data-src=\"https:\/\/gazetaregionalna.com\/wp-content\/uploads\/2021\/04\/CKM-Falubaz-06-1024x665.jpg\" alt=\"\" class=\"wp-image-39410 lazyload\" data-srcset=\"https:\/\/gazetaregionalna.com\/wp-content\/uploads\/2021\/04\/CKM-Falubaz-06-1024x665.jpg 1024w, https:\/\/gazetaregionalna.com\/wp-content\/uploads\/2021\/04\/CKM-Falubaz-06-300x195.jpg 300w, https:\/\/gazetaregionalna.com\/wp-content\/uploads\/2021\/04\/CKM-Falubaz-06-768x499.jpg 768w, https:\/\/gazetaregionalna.com\/wp-content\/uploads\/2021\/04\/CKM-Falubaz-06-1536x997.jpg 1536w, https:\/\/gazetaregionalna.com\/wp-content\/uploads\/2021\/04\/CKM-Falubaz-06-2048x1329.jpg 2048w, https:\/\/gazetaregionalna.com\/wp-content\/uploads\/2021\/04\/CKM-Falubaz-06-696x452.jpg 696w, https:\/\/gazetaregionalna.com\/wp-content\/uploads\/2021\/04\/CKM-Falubaz-06-1068x693.jpg 1068w, https:\/\/gazetaregionalna.com\/wp-content\/uploads\/2021\/04\/CKM-Falubaz-06-1920x1246.jpg 1920w, https:\/\/gazetaregionalna.com\/wp-content\/uploads\/2021\/04\/CKM-Falubaz-06-647x420.jpg 647w, https:\/\/gazetaregionalna.com\/wp-content\/uploads\/2021\/04\/CKM-Falubaz-06-scaled.jpg 1200w\" data-sizes=\"(max-width: 1024px) 100vw, 1024px\" src=\"data:image\/svg+xml;base64,PHN2ZyB3aWR0aD0iMSIgaGVpZ2h0PSIxIiB4bWxucz0iaHR0cDovL3d3dy53My5vcmcvMjAwMC9zdmciPjwvc3ZnPg==\" style=\"--smush-placeholder-width: 1024px; --smush-placeholder-aspect-ratio: 1024\/665;\" \/><\/figure>\n\n\n\n<figure class=\"wp-block-image size-large\"><img decoding=\"async\" width=\"1024\" height=\"733\" data-src=\"https:\/\/gazetaregionalna.com\/wp-content\/uploads\/2021\/04\/CKM-Falubaz-20-1024x733.jpg\" alt=\"\" class=\"wp-image-39413 lazyload\" data-srcset=\"https:\/\/gazetaregionalna.com\/wp-content\/uploads\/2021\/04\/CKM-Falubaz-20-1024x733.jpg 1024w, https:\/\/gazetaregionalna.com\/wp-content\/uploads\/2021\/04\/CKM-Falubaz-20-300x215.jpg 300w, https:\/\/gazetaregionalna.com\/wp-content\/uploads\/2021\/04\/CKM-Falubaz-20-768x550.jpg 768w, https:\/\/gazetaregionalna.com\/wp-content\/uploads\/2021\/04\/CKM-Falubaz-20-1536x1100.jpg 1536w, https:\/\/gazetaregionalna.com\/wp-content\/uploads\/2021\/04\/CKM-Falubaz-20-2048x1467.jpg 2048w, https:\/\/gazetaregionalna.com\/wp-content\/uploads\/2021\/04\/CKM-Falubaz-20-696x499.jpg 696w, https:\/\/gazetaregionalna.com\/wp-content\/uploads\/2021\/04\/CKM-Falubaz-20-1068x765.jpg 1068w, https:\/\/gazetaregionalna.com\/wp-content\/uploads\/2021\/04\/CKM-Falubaz-20-1920x1375.jpg 1920w, https:\/\/gazetaregionalna.com\/wp-content\/uploads\/2021\/04\/CKM-Falubaz-20-586x420.jpg 586w, https:\/\/gazetaregionalna.com\/wp-content\/uploads\/2021\/04\/CKM-Falubaz-20-scaled.jpg 1200w\" data-sizes=\"(max-width: 1024px) 100vw, 1024px\" src=\"data:image\/svg+xml;base64,PHN2ZyB3aWR0aD0iMSIgaGVpZ2h0PSIxIiB4bWxucz0iaHR0cDovL3d3dy53My5vcmcvMjAwMC9zdmciPjwvc3ZnPg==\" style=\"--smush-placeholder-width: 1024px; --smush-placeholder-aspect-ratio: 1024\/733;\" \/><\/figure>\n\n\n\n<figure class=\"wp-block-image size-large\"><img decoding=\"async\" width=\"1024\" height=\"683\" data-src=\"https:\/\/gazetaregionalna.com\/wp-content\/uploads\/2021\/04\/CKM-Falubaz-37-1024x683.jpg\" alt=\"\" class=\"wp-image-39416 lazyload\" data-srcset=\"https:\/\/gazetaregionalna.com\/wp-content\/uploads\/2021\/04\/CKM-Falubaz-37-1024x683.jpg 1024w, https:\/\/gazetaregionalna.com\/wp-content\/uploads\/2021\/04\/CKM-Falubaz-37-300x200.jpg 300w, https:\/\/gazetaregionalna.com\/wp-content\/uploads\/2021\/04\/CKM-Falubaz-37-768x512.jpg 768w, https:\/\/gazetaregionalna.com\/wp-content\/uploads\/2021\/04\/CKM-Falubaz-37-1536x1024.jpg 1536w, https:\/\/gazetaregionalna.com\/wp-content\/uploads\/2021\/04\/CKM-Falubaz-37-2048x1365.jpg 2048w, https:\/\/gazetaregionalna.com\/wp-content\/uploads\/2021\/04\/CKM-Falubaz-37-696x464.jpg 696w, https:\/\/gazetaregionalna.com\/wp-content\/uploads\/2021\/04\/CKM-Falubaz-37-1068x712.jpg 1068w, https:\/\/gazetaregionalna.com\/wp-content\/uploads\/2021\/04\/CKM-Falubaz-37-1920x1280.jpg 1920w, https:\/\/gazetaregionalna.com\/wp-content\/uploads\/2021\/04\/CKM-Falubaz-37-630x420.jpg 630w, https:\/\/gazetaregionalna.com\/wp-content\/uploads\/2021\/04\/CKM-Falubaz-37-scaled.jpg 1200w\" data-sizes=\"(max-width: 1024px) 100vw, 1024px\" src=\"data:image\/svg+xml;base64,PHN2ZyB3aWR0aD0iMSIgaGVpZ2h0PSIxIiB4bWxucz0iaHR0cDovL3d3dy53My5vcmcvMjAwMC9zdmciPjwvc3ZnPg==\" style=\"--smush-placeholder-width: 1024px; --smush-placeholder-aspect-ratio: 1024\/683;\" \/><\/figure>\n\n\n\n<figure class=\"wp-block-image size-large\"><img decoding=\"async\" width=\"1024\" height=\"645\" data-src=\"https:\/\/gazetaregionalna.com\/wp-content\/uploads\/2021\/04\/CKM-Falubaz-01-1024x645.jpg\" alt=\"\" class=\"wp-image-39408 lazyload\" data-srcset=\"https:\/\/gazetaregionalna.com\/wp-content\/uploads\/2021\/04\/CKM-Falubaz-01-1024x645.jpg 1024w, https:\/\/gazetaregionalna.com\/wp-content\/uploads\/2021\/04\/CKM-Falubaz-01-300x189.jpg 300w, https:\/\/gazetaregionalna.com\/wp-content\/uploads\/2021\/04\/CKM-Falubaz-01-768x484.jpg 768w, https:\/\/gazetaregionalna.com\/wp-content\/uploads\/2021\/04\/CKM-Falubaz-01-1536x968.jpg 1536w, https:\/\/gazetaregionalna.com\/wp-content\/uploads\/2021\/04\/CKM-Falubaz-01-2048x1290.jpg 2048w, https:\/\/gazetaregionalna.com\/wp-content\/uploads\/2021\/04\/CKM-Falubaz-01-696x439.jpg 696w, https:\/\/gazetaregionalna.com\/wp-content\/uploads\/2021\/04\/CKM-Falubaz-01-1068x673.jpg 1068w, https:\/\/gazetaregionalna.com\/wp-content\/uploads\/2021\/04\/CKM-Falubaz-01-1920x1210.jpg 1920w, https:\/\/gazetaregionalna.com\/wp-content\/uploads\/2021\/04\/CKM-Falubaz-01-667x420.jpg 667w, https:\/\/gazetaregionalna.com\/wp-content\/uploads\/2021\/04\/CKM-Falubaz-01-scaled.jpg 1200w\" data-sizes=\"(max-width: 1024px) 100vw, 1024px\" src=\"data:image\/svg+xml;base64,PHN2ZyB3aWR0aD0iMSIgaGVpZ2h0PSIxIiB4bWxucz0iaHR0cDovL3d3dy53My5vcmcvMjAwMC9zdmciPjwvc3ZnPg==\" style=\"--smush-placeholder-width: 1024px; --smush-placeholder-aspect-ratio: 1024\/645;\" \/><\/figure>\n","protected":false},"excerpt":{"rendered":"<p>Czwarty mecz tegorocznego sezonu maj\u0105 w niedziel\u0119 \u017cu\u017clowcy Eltrox W\u0142\u00f3kniarz. Cz\u0119stochowianie na torze przy ul. Olszty\u0144skiej podejmowa\u0107 b\u0119d\u0105 Betard Spart\u0119 Wroc\u0142aw. Wroc\u0142awianie po trzech<\/p>\n","protected":false},"author":15,"featured_media":39419,"comment_status":"open","ping_status":"open","sticky":false,"template":"","format":"standard","meta":{"_monsterinsights_skip_tracking":false,"_monsterinsights_sitenote_active":false,"_monsterinsights_sitenote_note":"","_monsterinsights_sitenote_category":0,"_uf_show_specific_survey":0,"_uf_disable_surveys":false,"footnotes":""},"categories":[5,94,7],"tags":[],"class_list":["post-40888","post","type-post","status-publish","format-standard","has-post-thumbnail","hentry","category-sport","category-polecane","category-zuzel"],"_links":{"self":[{"href":"https:\/\/gazetaregionalna.com\/index.php?rest_route=\/wp\/v2\/posts\/40888","targetHints":{"allow":["GET"]}}],"collection":[{"href":"https:\/\/gazetaregionalna.com\/index.php?rest_route=\/wp\/v2\/posts"}],"about":[{"href":"https:\/\/gazetaregionalna.com\/index.php?rest_route=\/wp\/v2\/types\/post"}],"author":[{"embeddable":true,"href":"https:\/\/gazetaregionalna.com\/index.php?rest_route=\/wp\/v2\/users\/15"}],"replies":[{"embeddable":true,"href":"https:\/\/gazetaregionalna.com\/index.php?rest_route=%2Fwp%2Fv2%2Fcomments&post=40888"}],"version-history":[{"count":1,"href":"https:\/\/gazetaregionalna.com\/index.php?rest_route=\/wp\/v2\/posts\/40888\/revisions"}],"predecessor-version":[{"id":40889,"href":"https:\/\/gazetaregionalna.com\/index.php?rest_route=\/wp\/v2\/posts\/40888\/revisions\/40889"}],"wp:featuredmedia":[{"embeddable":true,"href":"https:\/\/gazetaregionalna.com\/index.php?rest_route=\/wp\/v2\/media\/39419"}],"wp:attachment":[{"href":"https:\/\/gazetaregionalna.com\/index.php?rest_route=%2Fwp%2Fv2%2Fmedia&parent=40888"}],"wp:term":[{"taxonomy":"category","embeddable":true,"href":"https:\/\/gazetaregionalna.com\/index.php?rest_route=%2Fwp%2Fv2%2Fcategories&post=40888"},{"taxonomy":"post_tag","embeddable":true,"href":"https:\/\/gazetaregionalna.com\/index.php?rest_route=%2Fwp%2Fv2%2Ftags&post=40888"}],"curies":[{"name":"wp","href":"https:\/\/api.w.org\/{rel}","templated":true}]}}