{"id":40844,"date":"2021-05-08T06:17:00","date_gmt":"2021-05-08T06:17:00","guid":{"rendered":"https:\/\/gazetaregionalna.com\/?p=40844"},"modified":"2021-05-08T08:17:53","modified_gmt":"2021-05-08T08:17:53","slug":"pomysl-na-wakacje-2021-polkolonie-kolorowe-oraz-przygoda-bez-smartfona","status":"publish","type":"post","link":"https:\/\/gazetaregionalna.com\/?p=40844","title":{"rendered":"Pomys\u0142 na wakacje 2021? \u201eP\u00f3\u0142kolonie Kolorowe\u201d oraz \u201ePrzygoda Bez Smartfona\u201d"},"content":{"rendered":"\n<h2 class=\"wp-block-heading\">Co trzeba sprawdzi\u0107 decyduj\u0105c o wyborze oferty letniego wypoczynku dla naszych pociech? Obok atrakcyjno\u015bci programu, znaczenie ma przede wszystkim sprawdzony i odpowiednio przygotowany organizator. Tak\u0105 gwarancj\u0119 daje firma Kolorowo i Bombowo z Cz\u0119stochowy.<\/h2>\n\n\n\n<figure class=\"wp-block-gallery columns-3 is-cropped wp-block-gallery-1 is-layout-flex wp-block-gallery-is-layout-flex\"><ul class=\"blocks-gallery-grid\"><li class=\"blocks-gallery-item\"><figure><a href=\"https:\/\/gazetaregionalna.com\/wp-content\/uploads\/2021\/05\/174539829_292521505707848_4861870058554645852_n.jpg\"><img decoding=\"async\" width=\"960\" height=\"720\" data-src=\"https:\/\/gazetaregionalna.com\/wp-content\/uploads\/2021\/05\/174539829_292521505707848_4861870058554645852_n.jpg\" alt=\"\" data-id=\"40848\" data-link=\"https:\/\/gazetaregionalna.com\/?attachment_id=40848\" class=\"wp-image-40848 lazyload\" data-srcset=\"https:\/\/gazetaregionalna.com\/wp-content\/uploads\/2021\/05\/174539829_292521505707848_4861870058554645852_n.jpg 960w, https:\/\/gazetaregionalna.com\/wp-content\/uploads\/2021\/05\/174539829_292521505707848_4861870058554645852_n-300x225.jpg 300w, https:\/\/gazetaregionalna.com\/wp-content\/uploads\/2021\/05\/174539829_292521505707848_4861870058554645852_n-768x576.jpg 768w, https:\/\/gazetaregionalna.com\/wp-content\/uploads\/2021\/05\/174539829_292521505707848_4861870058554645852_n-696x522.jpg 696w, https:\/\/gazetaregionalna.com\/wp-content\/uploads\/2021\/05\/174539829_292521505707848_4861870058554645852_n-560x420.jpg 560w, https:\/\/gazetaregionalna.com\/wp-content\/uploads\/2021\/05\/174539829_292521505707848_4861870058554645852_n-80x60.jpg 80w, https:\/\/gazetaregionalna.com\/wp-content\/uploads\/2021\/05\/174539829_292521505707848_4861870058554645852_n-265x198.jpg 265w\" data-sizes=\"(max-width: 960px) 100vw, 960px\" src=\"data:image\/svg+xml;base64,PHN2ZyB3aWR0aD0iMSIgaGVpZ2h0PSIxIiB4bWxucz0iaHR0cDovL3d3dy53My5vcmcvMjAwMC9zdmciPjwvc3ZnPg==\" style=\"--smush-placeholder-width: 960px; --smush-placeholder-aspect-ratio: 960\/720;\" \/><\/a><\/figure><\/li><li class=\"blocks-gallery-item\"><figure><a href=\"https:\/\/gazetaregionalna.com\/wp-content\/uploads\/2021\/05\/174863214_289004292726236_4707730407083503021_n.jpg\"><img decoding=\"async\" width=\"960\" height=\"720\" data-src=\"https:\/\/gazetaregionalna.com\/wp-content\/uploads\/2021\/05\/174863214_289004292726236_4707730407083503021_n.jpg\" alt=\"\" data-id=\"40849\" data-link=\"https:\/\/gazetaregionalna.com\/?attachment_id=40849\" class=\"wp-image-40849 lazyload\" data-srcset=\"https:\/\/gazetaregionalna.com\/wp-content\/uploads\/2021\/05\/174863214_289004292726236_4707730407083503021_n.jpg 960w, https:\/\/gazetaregionalna.com\/wp-content\/uploads\/2021\/05\/174863214_289004292726236_4707730407083503021_n-300x225.jpg 300w, https:\/\/gazetaregionalna.com\/wp-content\/uploads\/2021\/05\/174863214_289004292726236_4707730407083503021_n-768x576.jpg 768w, https:\/\/gazetaregionalna.com\/wp-content\/uploads\/2021\/05\/174863214_289004292726236_4707730407083503021_n-696x522.jpg 696w, https:\/\/gazetaregionalna.com\/wp-content\/uploads\/2021\/05\/174863214_289004292726236_4707730407083503021_n-560x420.jpg 560w, https:\/\/gazetaregionalna.com\/wp-content\/uploads\/2021\/05\/174863214_289004292726236_4707730407083503021_n-80x60.jpg 80w, https:\/\/gazetaregionalna.com\/wp-content\/uploads\/2021\/05\/174863214_289004292726236_4707730407083503021_n-265x198.jpg 265w\" data-sizes=\"(max-width: 960px) 100vw, 960px\" src=\"data:image\/svg+xml;base64,PHN2ZyB3aWR0aD0iMSIgaGVpZ2h0PSIxIiB4bWxucz0iaHR0cDovL3d3dy53My5vcmcvMjAwMC9zdmciPjwvc3ZnPg==\" style=\"--smush-placeholder-width: 960px; --smush-placeholder-aspect-ratio: 960\/720;\" \/><\/a><\/figure><\/li><li class=\"blocks-gallery-item\"><figure><a href=\"https:\/\/gazetaregionalna.com\/wp-content\/uploads\/2021\/05\/177368311_292521405707858_2840619416145746446_n.jpg\"><img decoding=\"async\" width=\"960\" height=\"720\" data-src=\"https:\/\/gazetaregionalna.com\/wp-content\/uploads\/2021\/05\/177368311_292521405707858_2840619416145746446_n.jpg\" alt=\"\" data-id=\"40850\" data-full-url=\"https:\/\/gazetaregionalna.com\/wp-content\/uploads\/2021\/05\/177368311_292521405707858_2840619416145746446_n.jpg\" data-link=\"https:\/\/gazetaregionalna.com\/?attachment_id=40850\" class=\"wp-image-40850 lazyload\" data-srcset=\"https:\/\/gazetaregionalna.com\/wp-content\/uploads\/2021\/05\/177368311_292521405707858_2840619416145746446_n.jpg 960w, https:\/\/gazetaregionalna.com\/wp-content\/uploads\/2021\/05\/177368311_292521405707858_2840619416145746446_n-300x225.jpg 300w, https:\/\/gazetaregionalna.com\/wp-content\/uploads\/2021\/05\/177368311_292521405707858_2840619416145746446_n-768x576.jpg 768w, https:\/\/gazetaregionalna.com\/wp-content\/uploads\/2021\/05\/177368311_292521405707858_2840619416145746446_n-696x522.jpg 696w, https:\/\/gazetaregionalna.com\/wp-content\/uploads\/2021\/05\/177368311_292521405707858_2840619416145746446_n-560x420.jpg 560w, https:\/\/gazetaregionalna.com\/wp-content\/uploads\/2021\/05\/177368311_292521405707858_2840619416145746446_n-80x60.jpg 80w, https:\/\/gazetaregionalna.com\/wp-content\/uploads\/2021\/05\/177368311_292521405707858_2840619416145746446_n-265x198.jpg 265w\" data-sizes=\"(max-width: 960px) 100vw, 960px\" src=\"data:image\/svg+xml;base64,PHN2ZyB3aWR0aD0iMSIgaGVpZ2h0PSIxIiB4bWxucz0iaHR0cDovL3d3dy53My5vcmcvMjAwMC9zdmciPjwvc3ZnPg==\" style=\"--smush-placeholder-width: 960px; --smush-placeholder-aspect-ratio: 960\/720;\" \/><\/a><\/figure><\/li><li class=\"blocks-gallery-item\"><figure><a href=\"https:\/\/gazetaregionalna.com\/wp-content\/uploads\/2021\/05\/177538054_292623635697635_7255804198505647002_n.jpg\"><img decoding=\"async\" width=\"960\" height=\"720\" data-src=\"https:\/\/gazetaregionalna.com\/wp-content\/uploads\/2021\/05\/177538054_292623635697635_7255804198505647002_n.jpg\" alt=\"\" data-id=\"40851\" data-full-url=\"https:\/\/gazetaregionalna.com\/wp-content\/uploads\/2021\/05\/177538054_292623635697635_7255804198505647002_n.jpg\" data-link=\"https:\/\/gazetaregionalna.com\/?attachment_id=40851\" class=\"wp-image-40851 lazyload\" data-srcset=\"https:\/\/gazetaregionalna.com\/wp-content\/uploads\/2021\/05\/177538054_292623635697635_7255804198505647002_n.jpg 960w, https:\/\/gazetaregionalna.com\/wp-content\/uploads\/2021\/05\/177538054_292623635697635_7255804198505647002_n-300x225.jpg 300w, https:\/\/gazetaregionalna.com\/wp-content\/uploads\/2021\/05\/177538054_292623635697635_7255804198505647002_n-768x576.jpg 768w, https:\/\/gazetaregionalna.com\/wp-content\/uploads\/2021\/05\/177538054_292623635697635_7255804198505647002_n-696x522.jpg 696w, https:\/\/gazetaregionalna.com\/wp-content\/uploads\/2021\/05\/177538054_292623635697635_7255804198505647002_n-560x420.jpg 560w, https:\/\/gazetaregionalna.com\/wp-content\/uploads\/2021\/05\/177538054_292623635697635_7255804198505647002_n-80x60.jpg 80w, https:\/\/gazetaregionalna.com\/wp-content\/uploads\/2021\/05\/177538054_292623635697635_7255804198505647002_n-265x198.jpg 265w\" data-sizes=\"(max-width: 960px) 100vw, 960px\" src=\"data:image\/svg+xml;base64,PHN2ZyB3aWR0aD0iMSIgaGVpZ2h0PSIxIiB4bWxucz0iaHR0cDovL3d3dy53My5vcmcvMjAwMC9zdmciPjwvc3ZnPg==\" style=\"--smush-placeholder-width: 960px; --smush-placeholder-aspect-ratio: 960\/720;\" \/><\/a><\/figure><\/li><li class=\"blocks-gallery-item\"><figure><a href=\"https:\/\/gazetaregionalna.com\/wp-content\/uploads\/2021\/05\/177687423_292623459030986_3706214922944417782_n.jpg\"><img decoding=\"async\" width=\"960\" height=\"720\" data-src=\"https:\/\/gazetaregionalna.com\/wp-content\/uploads\/2021\/05\/177687423_292623459030986_3706214922944417782_n.jpg\" alt=\"\" data-id=\"40852\" data-full-url=\"https:\/\/gazetaregionalna.com\/wp-content\/uploads\/2021\/05\/177687423_292623459030986_3706214922944417782_n.jpg\" data-link=\"https:\/\/gazetaregionalna.com\/?attachment_id=40852\" class=\"wp-image-40852 lazyload\" data-srcset=\"https:\/\/gazetaregionalna.com\/wp-content\/uploads\/2021\/05\/177687423_292623459030986_3706214922944417782_n.jpg 960w, https:\/\/gazetaregionalna.com\/wp-content\/uploads\/2021\/05\/177687423_292623459030986_3706214922944417782_n-300x225.jpg 300w, https:\/\/gazetaregionalna.com\/wp-content\/uploads\/2021\/05\/177687423_292623459030986_3706214922944417782_n-768x576.jpg 768w, https:\/\/gazetaregionalna.com\/wp-content\/uploads\/2021\/05\/177687423_292623459030986_3706214922944417782_n-696x522.jpg 696w, https:\/\/gazetaregionalna.com\/wp-content\/uploads\/2021\/05\/177687423_292623459030986_3706214922944417782_n-560x420.jpg 560w, https:\/\/gazetaregionalna.com\/wp-content\/uploads\/2021\/05\/177687423_292623459030986_3706214922944417782_n-80x60.jpg 80w, https:\/\/gazetaregionalna.com\/wp-content\/uploads\/2021\/05\/177687423_292623459030986_3706214922944417782_n-265x198.jpg 265w\" data-sizes=\"(max-width: 960px) 100vw, 960px\" src=\"data:image\/svg+xml;base64,PHN2ZyB3aWR0aD0iMSIgaGVpZ2h0PSIxIiB4bWxucz0iaHR0cDovL3d3dy53My5vcmcvMjAwMC9zdmciPjwvc3ZnPg==\" style=\"--smush-placeholder-width: 960px; --smush-placeholder-aspect-ratio: 960\/720;\" \/><\/a><\/figure><\/li><\/ul><\/figure>\n\n\n\n<p><br>Pandemia COVID -19 bardzo zmieni\u0142a \u017cycie nas wszystkich. Jej &nbsp;d\u0142ugofalowe skutki dla naszego zdrowia, tak\u017ce psychicznego, odczuwa\u0107 b\u0119dziemy przez ca\u0142e lata, mo\u017ce i do ko\u0144ca \u017cycia. Nauka zdalna, niepewno\u015b\u0107, odizolowanie od r\u00f3wie\u015bnik\u00f3w szczeg\u00f3lnie mocno odbija si\u0119 na kondycji psychicznej najm\u0142odszych. W tych trudnych czasach w\u0142a\u015bnie o tym warto pomy\u015ble\u0107.<\/p>\n\n\n\n<p>Szans\u0105 dla naszych dzieci, aby mog\u0142y odzyska\u0107 utracone wi\u0119zi z r\u00f3wie\u015bnikami, aktywnie sp\u0119dzi\u0107 czas, pozna\u0107 nowe miejsca, uczestniczy\u0107 w ciekawych warsztatach i wycieczkach, poczu\u0107 prawdziwy smak dzieci\u0144stwa, a przy tym nawi\u0105za\u0107 te\u017c nowe znajomo\u015bci (a by\u0107 mo\u017ce i przyja\u017anie), &nbsp;mo\u017ce by\u0107 udzia\u0142 w wakacyjnych wycieczkach czy p\u00f3\u0142koloniach. Jednak aby czas wakacyjnej przygody naszych milusi\u0144skich spe\u0142ni\u0142 wszystkie nasze oczekiwania i by\u0142 bezpieczny, warto wybra\u0107 sprawdzonego i odpowiednio przygotowanego organizatora letniego wypoczynku. Gwarancj\u0119 tak\u0105 daje firma Kolorowo i Bombowo z Cz\u0119stochowy, kt\u00f3ra ju\u017c dzisiaj organizuje zapisy na letni wypoczynek najm\u0142odszych.<br>Kolorowo i Bombowo \u2013 animacje, eventy, warsztaty, posiada ponad dziesi\u0119cioletnie do\u015bwiadczenie w prowadzeniu animacji, warsztat\u00f3w oraz wypoczynku dla dzieci i m\u0142odzie\u017cy. &nbsp;<\/p>\n\n\n\n<figure class=\"wp-block-image size-large\"><img decoding=\"async\" width=\"725\" height=\"1024\" data-src=\"https:\/\/gazetaregionalna.com\/wp-content\/uploads\/2021\/05\/177993421_293043488988983_5994436466914978199_n-725x1024.jpg\" alt=\"\" class=\"wp-image-40857 lazyload\" data-srcset=\"https:\/\/gazetaregionalna.com\/wp-content\/uploads\/2021\/05\/177993421_293043488988983_5994436466914978199_n-725x1024.jpg 725w, https:\/\/gazetaregionalna.com\/wp-content\/uploads\/2021\/05\/177993421_293043488988983_5994436466914978199_n-212x300.jpg 212w, https:\/\/gazetaregionalna.com\/wp-content\/uploads\/2021\/05\/177993421_293043488988983_5994436466914978199_n-768x1085.jpg 768w, https:\/\/gazetaregionalna.com\/wp-content\/uploads\/2021\/05\/177993421_293043488988983_5994436466914978199_n-1087x1536.jpg 1087w, https:\/\/gazetaregionalna.com\/wp-content\/uploads\/2021\/05\/177993421_293043488988983_5994436466914978199_n-696x984.jpg 696w, https:\/\/gazetaregionalna.com\/wp-content\/uploads\/2021\/05\/177993421_293043488988983_5994436466914978199_n-1068x1509.jpg 1068w, https:\/\/gazetaregionalna.com\/wp-content\/uploads\/2021\/05\/177993421_293043488988983_5994436466914978199_n-297x420.jpg 297w, https:\/\/gazetaregionalna.com\/wp-content\/uploads\/2021\/05\/177993421_293043488988983_5994436466914978199_n.jpg 1132w\" data-sizes=\"(max-width: 725px) 100vw, 725px\" src=\"data:image\/svg+xml;base64,PHN2ZyB3aWR0aD0iMSIgaGVpZ2h0PSIxIiB4bWxucz0iaHR0cDovL3d3dy53My5vcmcvMjAwMC9zdmciPjwvc3ZnPg==\" style=\"--smush-placeholder-width: 725px; --smush-placeholder-aspect-ratio: 725\/1024;\" \/><\/figure>\n\n\n\n<p>\u201eGdy \u015bmieje si\u0119 dziecko, to \u015bmieje si\u0119 ca\u0142y \u015bwiat\u201d &#8211; motto, kt\u00f3re przy\u015bwieca dzia\u0142alno\u015bci cz\u0119stochowskiej firmy. Doskonale wykszta\u0142cona i przygotowana do zaj\u0119\u0107 z najm\u0142odszymi kadra dba o to, aby oferta by\u0142a nie tylko atrakcyjna, ale tak\u017ce poszerza\u0142a horyzonty, wspiera\u0142a rozw\u00f3j dzieci i ich kreatywne my\u015blenie.<br>Na tegoroczne wakacje&nbsp; pracownicy Kolorowo i Bombowo szykuj\u0105 kilka form autorskiego wypoczynku . Mowa o propozycjach \u201eP\u00f3\u0142kolonie Kolorowe\u201d oraz \u201ePrzygoda Bez Smartfona\u201d.<\/p>\n\n\n\n<p>Zacznijmy od p\u00f3\u0142kolonii. W planach s\u0105 dwa turnusy. Tzw. Tydzie\u0144 Czerwony przewidziano od 12 do 16 lipca. Z kolei Tydzie\u0144 Niebieski trwa\u0142 b\u0119dzie od 19 do 23 lipca.<\/p>\n\n\n\n<p>Wed\u0142ug zapowiedzi na dzieci czeka\u0107 ma szereg atrakcji. Zaplanowano zaj\u0119cia sportowo-rekreacyjne, kreatywne warsztaty z kolorow\u0105, liczne animacje, wyj\u015bcia na basen, park linowy czy park trampolin. Program wype\u0142ni tak\u017ce mn\u00f3stwo aktywno\u015bci na \u015bwie\u017cym powietrzu, wycieczek oraz po prostu \u015bwietnej zabawy. Ka\u017cdy tydzie\u0144 \u201eP\u00f3\u0142kolonii Kolorowych\u201d ma inny temat przewodni. Tak, by uczestnicy biorcy udzia\u0142 w dw\u00f3ch turnusach, mieli mo\u017cliwo\u015b\u0107 jak najlepiej wykorzysta\u0107 ten czas. Podobnie wygl\u0105da\u0142o to w latach ubieg\u0142ych.<\/p>\n\n\n\n<p>Dodatkowo dzieci b\u0119d\u0105 mia\u0142y zapewniony tzw. all inclusive &#8211; co jest&nbsp; standardem firmy. Co si\u0119 za tym kryje? Cho\u0107by ubezpieczenie NNW oraz opieka wykwalifikowanej kadry. Rodzice lub opiekunowie prawni b\u0119d\u0105 zobowi\u0105zani doprowadzi\u0107 i odebra\u0107 dzieci z miejsca zbi\u00f3rki, a ca\u0142\u0105 reszt\u0105 zajmie si\u0119 ekipa Kolorowo i bombowo. \u201eP\u00f3\u0142kolonie Kolorowe\u201d b\u0119d\u0105 odbywa\u0107 si\u0119 od poniedzia\u0142ku do pi\u0105tku w godz. od 7.30 do 16.00.<\/p>\n\n\n\n<p>Kolejn\u0105 form\u0105 letniego wypoczynku organizowana przez firm\u0119 Kolorowo i Bombowo jest ciesz\u0105cy si\u0119 bardzo du\u017cym powodzeniem autorski program \u201ePrzygoda bez Smartfona\u201d.<\/p>\n\n\n\n<p>To ca\u0142odzienne jednodniowe wycieczki autokarowe prezentuj\u0105ce&nbsp; ciekawe i fascynuj\u0105ce miejsca, kt\u00f3re uwielbiaj\u0105 zar\u00f3wno dzieci, m\u0142odzie\u017c jak i doro\u015bli.<\/p>\n\n\n\n<p>Podczas \u201ePrzygody Bez Smartfona\u201d organizatorzy zapewniaj\u0105 all inclusive: ubezpieczenie, NNW, wspania\u0142e atrakcje, ciekawe miejsca, niezapomnian\u0105 &nbsp;atmosfer\u0119 oraz najlepsz\u0105 kadr\u0119 . Czyli wszystko to, co jest potrzebne by czas wakacji i letniego wypoczynku zapisa\u0142 si\u0119 na zawsze w dzieci\u0119cej pami\u0119ci. &nbsp;<\/p>\n\n\n\n<p>Atmosfera, kt\u00f3r\u0105 buduj\u0105 organizatorzy wraz z ca\u0142\u0105 ekip\u0105 Kolorowo i bombowo sprawia, \u017ce nawet dzieci bardziej nie\u015bmia\u0142e czy wycofane czuj\u0105 si\u0119 jak u siebie. Celem jest bowiem to, \u017ceby wakacje by\u0142y czasem, do kt\u00f3rego wracamy z ut\u0119sknieniem i na kt\u00f3ry czekamy przez ca\u0142y kolejny rok.<br>Bior\u0105c pod uwag\u0119 obecn\u0105 sytuacj\u0119, organizatorzy zobowi\u0105zuj\u0105 si\u0119 przestrzega\u0107 wszelkich zasad sanitarnych, jakie obowi\u0105zywa\u0107 b\u0119d\u0105 latem. Letni wypoczynek b\u0119dzie bezpieczny pod ka\u017cdym, r\u00f3wnie\u017c epidemicznym wzgl\u0119dem. Wszystkie wymogi stawiane organizatorom letniego wypoczynku zostan\u0105 spe\u0142nione w 100 proc.<\/p>\n\n\n\n<p>Szczeg\u00f3\u0142y dotycz\u0105ce tej wakacyjnej oferty mo\u017cna pozna\u0107, dzwoni\u0105c pod numer telefonu: 690-260-434 lub wchodz\u0105c na stron\u0119: <a href=\"http:\/\/www.kolorowoibombowo.pl\" target=\"_blank\" rel=\"noopener\"><strong>www.kolorowoibombowo.pl<\/strong><\/a>. Wiele informacji mo\u017cna znale\u017a\u0107 tak\u017ce na stronie P\u00f3\u0142kolonie Kolorowe na Facebooku.<\/p>\n\n\n\n<p>Warto po\u015bpieszy\u0107 si\u0119 z zapisami, bo liczba miejsc jest ograniczona. <\/p>\n","protected":false},"excerpt":{"rendered":"<p>Co trzeba sprawdzi\u0107 decyduj\u0105c o wyborze oferty letniego wypoczynku dla naszych pociech? Obok atrakcyjno\u015bci programu, znaczenie ma przede wszystkim sprawdzony i odpowiednio przygotowany organizator.<\/p>\n","protected":false},"author":7,"featured_media":40849,"comment_status":"open","ping_status":"open","sticky":false,"template":"","format":"standard","meta":{"_monsterinsights_skip_tracking":false,"_monsterinsights_sitenote_active":false,"_monsterinsights_sitenote_note":"","_monsterinsights_sitenote_category":0,"_uf_show_specific_survey":0,"_uf_disable_surveys":false,"footnotes":""},"categories":[41,94,2],"tags":[],"class_list":["post-40844","post","type-post","status-publish","format-standard","has-post-thumbnail","hentry","category-edukacja","category-polecane","category-wiadomosci"],"_links":{"self":[{"href":"https:\/\/gazetaregionalna.com\/index.php?rest_route=\/wp\/v2\/posts\/40844","targetHints":{"allow":["GET"]}}],"collection":[{"href":"https:\/\/gazetaregionalna.com\/index.php?rest_route=\/wp\/v2\/posts"}],"about":[{"href":"https:\/\/gazetaregionalna.com\/index.php?rest_route=\/wp\/v2\/types\/post"}],"author":[{"embeddable":true,"href":"https:\/\/gazetaregionalna.com\/index.php?rest_route=\/wp\/v2\/users\/7"}],"replies":[{"embeddable":true,"href":"https:\/\/gazetaregionalna.com\/index.php?rest_route=%2Fwp%2Fv2%2Fcomments&post=40844"}],"version-history":[{"count":5,"href":"https:\/\/gazetaregionalna.com\/index.php?rest_route=\/wp\/v2\/posts\/40844\/revisions"}],"predecessor-version":[{"id":40858,"href":"https:\/\/gazetaregionalna.com\/index.php?rest_route=\/wp\/v2\/posts\/40844\/revisions\/40858"}],"wp:featuredmedia":[{"embeddable":true,"href":"https:\/\/gazetaregionalna.com\/index.php?rest_route=\/wp\/v2\/media\/40849"}],"wp:attachment":[{"href":"https:\/\/gazetaregionalna.com\/index.php?rest_route=%2Fwp%2Fv2%2Fmedia&parent=40844"}],"wp:term":[{"taxonomy":"category","embeddable":true,"href":"https:\/\/gazetaregionalna.com\/index.php?rest_route=%2Fwp%2Fv2%2Fcategories&post=40844"},{"taxonomy":"post_tag","embeddable":true,"href":"https:\/\/gazetaregionalna.com\/index.php?rest_route=%2Fwp%2Fv2%2Ftags&post=40844"}],"curies":[{"name":"wp","href":"https:\/\/api.w.org\/{rel}","templated":true}]}}