{"id":40806,"date":"2021-05-08T10:00:00","date_gmt":"2021-05-08T10:00:00","guid":{"rendered":"https:\/\/gazetaregionalna.com\/?p=40806"},"modified":"2021-05-07T10:54:30","modified_gmt":"2021-05-07T10:54:30","slug":"w-czestochowie-odbeda-sie-targi-ogrodnicze","status":"publish","type":"post","link":"https:\/\/gazetaregionalna.com\/?p=40806","title":{"rendered":"W Cz\u0119stochowie odb\u0119d\u0105 si\u0119 Targi Ogrodnicze. Ofert\u0119 przedstawi kilkudziesi\u0119ciu sprzedawc\u00f3w"},"content":{"rendered":"\n<h2 class=\"wp-block-heading\">Po rocznej przerwie powr\u00f3c\u0105 majowe Targi Ogrodnicze. Cz\u0119stochowski oddzia\u0142 Stowarzyszenia In\u017cynier\u00f3w i Technik\u00f3w Ogrodnictwa zorganizuje je na placu przy LO im. Sienkiewicza.<\/h2>\n\n\n\n<p>Dok\u0142adnie w po\u0142owie maja, tj. nazajutrz po tzw. zimnych ogrodnikach na placu szkolnym przy Liceum im. Sienkiewicza (Al. NMP 56) w Cz\u0119stochowie rozpocznie si\u0119 dwudniowy ogrodniczy festyn. Po rocznej przerwie spowodowanej pandemi\u0105 koronawirusa,  cz\u0119stochowski oddzia\u0142 Stowarzyszenia In\u017cynier\u00f3w i Technik\u00f3w Ogrodnictwa powraca do trwaj\u0105cej od kilku dziesi\u0119cioleci tradycji organizowania majowych Targ\u00f3w Ogrodniczych. <\/p>\n\n\n\n<p>Ju\u017c tradycyjnie ta wiosenna impreza b\u0119dzie doskona\u0142\u0105 okazj\u0105 nie tylko do zakup\u00f3w, ale i do swoistego  &#8222;przegl\u0105du&#8221; tego, co ogrodnicy w tym sezonie maj\u0105 wyj\u0105tkowego do zaoferowania. Z pewno\u015bci\u0105 b\u0119d\u0105 to najciekawsze gatunki i odmiany ro\u015blin rabatowych, balkonowych i tarasowych. Nie zabraknie najatrakcyjniejszych  drzewek i krzew\u00f3w ozdobnych, tak\u017ce takich o nieco wyszukanych formach.  Wed\u0142ug zapowiedzi prezentowana b\u0119dzie tak\u017ce kolekcja ro\u015blin cebulowych. <\/p>\n\n\n\n<figure class=\"wp-block-image size-large\"><img decoding=\"async\" width=\"679\" height=\"1024\" data-src=\"https:\/\/gazetaregionalna.com\/wp-content\/uploads\/2021\/05\/targiOgrodnicze-679x1024.jpg\" alt=\"\" class=\"wp-image-40811 lazyload\" data-srcset=\"https:\/\/gazetaregionalna.com\/wp-content\/uploads\/2021\/05\/targiOgrodnicze-679x1024.jpg 679w, https:\/\/gazetaregionalna.com\/wp-content\/uploads\/2021\/05\/targiOgrodnicze-199x300.jpg 199w, https:\/\/gazetaregionalna.com\/wp-content\/uploads\/2021\/05\/targiOgrodnicze-768x1158.jpg 768w, https:\/\/gazetaregionalna.com\/wp-content\/uploads\/2021\/05\/targiOgrodnicze-1019x1536.jpg 1019w, https:\/\/gazetaregionalna.com\/wp-content\/uploads\/2021\/05\/targiOgrodnicze-696x1049.jpg 696w, https:\/\/gazetaregionalna.com\/wp-content\/uploads\/2021\/05\/targiOgrodnicze-1068x1610.jpg 1068w, https:\/\/gazetaregionalna.com\/wp-content\/uploads\/2021\/05\/targiOgrodnicze-279x420.jpg 279w, https:\/\/gazetaregionalna.com\/wp-content\/uploads\/2021\/05\/targiOgrodnicze.jpg 1061w\" data-sizes=\"(max-width: 679px) 100vw, 679px\" src=\"data:image\/svg+xml;base64,PHN2ZyB3aWR0aD0iMSIgaGVpZ2h0PSIxIiB4bWxucz0iaHR0cDovL3d3dy53My5vcmcvMjAwMC9zdmciPjwvc3ZnPg==\" style=\"--smush-placeholder-width: 679px; --smush-placeholder-aspect-ratio: 679\/1024;\" \/><figcaption>Targi Ogrodnicze (mat. prasowe)<\/figcaption><\/figure>\n\n\n\n<p>&#8211; Niew\u0105tpliwie Targi Ogrodnicze to  niepowtarzalna okazja do podpatrzenia i kupienia tego, co ka\u017cdego  mi\u0142o\u015bnika ro\u015blin ucieszy. Dodatkow\u0105 frajd\u0105 jak\u0105 oferuj\u0105 Targi jest  mo\u017cliwo\u015b\u0107 bezpo\u015bredniej rozmowy na &#8222;uprawowe&#8221; tematy z ogrodnikami,  kt\u00f3rzy sami oferowane ro\u015bliny wyhodowali. To taki targowy bonus, dla  wielu fan\u00f3w ogrodnictwa bardzo wa\u017cny &#8211; zapowiadaj\u0105 organizatorzy targ\u00f3w.<\/p>\n\n\n\n<p>Atrakcyjno\u015b\u0107 oferty zapewni  kilkudziesi\u0119ciu sprzedawc\u00f3w &#8211; ogrodnik\u00f3w z regionu cz\u0119stochowskiego i  centralnej Polski. Przywioz\u0105 to, co maj\u0105 najlepszego do pokazania i   sprzedania. <\/p>\n\n\n\n<p>Organizacja i ustawienie targowych stoisk b\u0119d\u0105 uwzgl\u0119dnia\u0107  wymogi sanitarnych obostrze\u0144. <\/p>\n\n\n\n<p>Targi Ogrodnicze odb\u0119d\u0105 si\u0119 15 i 16  maja. Mo\u017cna w nich uczestniczy\u0107 od godz. 9 do 19.<\/p>\n\n\n\n<p><strong>ZS<\/strong><\/p>\n","protected":false},"excerpt":{"rendered":"<p>Po rocznej przerwie powr\u00f3c\u0105 majowe Targi Ogrodnicze. Cz\u0119stochowski oddzia\u0142 Stowarzyszenia In\u017cynier\u00f3w i Technik\u00f3w Ogrodnictwa zorganizuje je na placu przy LO im. Sienkiewicza. Dok\u0142adnie w<\/p>\n","protected":false},"author":18,"featured_media":40812,"comment_status":"open","ping_status":"open","sticky":false,"template":"","format":"standard","meta":{"_monsterinsights_skip_tracking":false,"_monsterinsights_sitenote_active":false,"_monsterinsights_sitenote_note":"","_monsterinsights_sitenote_category":0,"_uf_show_specific_survey":0,"_uf_disable_surveys":false,"footnotes":""},"categories":[94,3,17,29,12,34,2,13],"tags":[1636,1637,1895,1896],"class_list":["post-40806","post","type-post","status-publish","format-standard","has-post-thumbnail","hentry","category-polecane","category-czestochowa-informacje","category-dom","category-ekologia","category-kultura-i-rozrywka","category-ogrod","category-wiadomosci","category-wydarzenia","tag-ogrod","tag-rosliny","tag-targi-ogrodnicze","tag-wiosna"],"_links":{"self":[{"href":"https:\/\/gazetaregionalna.com\/index.php?rest_route=\/wp\/v2\/posts\/40806","targetHints":{"allow":["GET"]}}],"collection":[{"href":"https:\/\/gazetaregionalna.com\/index.php?rest_route=\/wp\/v2\/posts"}],"about":[{"href":"https:\/\/gazetaregionalna.com\/index.php?rest_route=\/wp\/v2\/types\/post"}],"author":[{"embeddable":true,"href":"https:\/\/gazetaregionalna.com\/index.php?rest_route=\/wp\/v2\/users\/18"}],"replies":[{"embeddable":true,"href":"https:\/\/gazetaregionalna.com\/index.php?rest_route=%2Fwp%2Fv2%2Fcomments&post=40806"}],"version-history":[{"count":3,"href":"https:\/\/gazetaregionalna.com\/index.php?rest_route=\/wp\/v2\/posts\/40806\/revisions"}],"predecessor-version":[{"id":40814,"href":"https:\/\/gazetaregionalna.com\/index.php?rest_route=\/wp\/v2\/posts\/40806\/revisions\/40814"}],"wp:featuredmedia":[{"embeddable":true,"href":"https:\/\/gazetaregionalna.com\/index.php?rest_route=\/wp\/v2\/media\/40812"}],"wp:attachment":[{"href":"https:\/\/gazetaregionalna.com\/index.php?rest_route=%2Fwp%2Fv2%2Fmedia&parent=40806"}],"wp:term":[{"taxonomy":"category","embeddable":true,"href":"https:\/\/gazetaregionalna.com\/index.php?rest_route=%2Fwp%2Fv2%2Fcategories&post=40806"},{"taxonomy":"post_tag","embeddable":true,"href":"https:\/\/gazetaregionalna.com\/index.php?rest_route=%2Fwp%2Fv2%2Ftags&post=40806"}],"curies":[{"name":"wp","href":"https:\/\/api.w.org\/{rel}","templated":true}]}}