{"id":4080,"date":"2019-06-30T10:26:21","date_gmt":"2019-06-30T10:26:21","guid":{"rendered":"https:\/\/gazetaregionalna.com\/?p=4080"},"modified":"2019-06-30T10:26:25","modified_gmt":"2019-06-30T10:26:25","slug":"bloki-komunalne-do-naprawy","status":"publish","type":"post","link":"https:\/\/gazetaregionalna.com\/?p=4080","title":{"rendered":"Bloki komunalne do naprawy"},"content":{"rendered":"\n<p>Za ponad 700 tys. z\u0142otych samorz\u0105d \u017barek modernizuje bloki komunalne z miejscowo\u015bci Przybyn\u00f3w. Prace odbywaj\u0105 si\u0119 z udzia\u0142em pozyskanych przez gmin\u0119 funduszy unijnych.<br> Roboty prowadzone s\u0105 w budynkach przy ul. Berka Joselewicza i Le\u015bniowskiej.<\/p>\n\n\n\n<figure class=\"wp-block-image\"><img decoding=\"async\" width=\"960\" height=\"640\" data-src=\"https:\/\/gazetaregionalna.com\/wp-content\/uploads\/2019\/06\/65746628_2433710836651843_3552973410277523456_n.jpg\" alt=\"\" class=\"wp-image-4081 lazyload\" data-srcset=\"https:\/\/gazetaregionalna.com\/wp-content\/uploads\/2019\/06\/65746628_2433710836651843_3552973410277523456_n.jpg 960w, https:\/\/gazetaregionalna.com\/wp-content\/uploads\/2019\/06\/65746628_2433710836651843_3552973410277523456_n-300x200.jpg 300w, https:\/\/gazetaregionalna.com\/wp-content\/uploads\/2019\/06\/65746628_2433710836651843_3552973410277523456_n-768x512.jpg 768w\" data-sizes=\"(max-width: 960px) 100vw, 960px\" src=\"data:image\/svg+xml;base64,PHN2ZyB3aWR0aD0iMSIgaGVpZ2h0PSIxIiB4bWxucz0iaHR0cDovL3d3dy53My5vcmcvMjAwMC9zdmciPjwvc3ZnPg==\" style=\"--smush-placeholder-width: 960px; --smush-placeholder-aspect-ratio: 960\/640;\" \/><\/figure>\n\n\n\n<p><br> W obu blokach zakres prowadzonych rob\u00f3t jest podobnych. Ocieplana jest elewacja, strop, poprawiane s\u0105 fundamenty. Wymiana jest r\u00f3wnie\u017c stolarka \u2014 okna i drzwi.<br> Ekipy remontowe poprawiaj\u0105 instalacje: gazowe i centralnego ogrzewania. Wewn\u0105trz trwa wymiana instalacji elektrycznej.<\/p>\n\n\n\n<ul class=\"wp-block-list\"><li>G\u0142\u00f3wnym celem projektu jest poprawa efektywno\u015bci energetycznej i zmniejszenie emisji zanieczyszcze\u0144 do atmosfery i redukcji zu\u017cycia energii \u2013 informuje burmistrz Klemens Podlejski.<br>\nZadanie wykonuje firma ELEKTRO \u2013 MONTEX Sp. z o.o. z Nieznanic. Warto\u015b\u0107 prac w obu budynkach &#8211; 722 334 z\u0142. Dotacja unijna to 456 813 z\u0142.<\/li><\/ul>\n","protected":false},"excerpt":{"rendered":"<p>Za ponad 700 tys. z\u0142otych samorz\u0105d \u017barek modernizuje bloki komunalne z miejscowo\u015bci Przybyn\u00f3w. Prace odbywaj\u0105 si\u0119 z udzia\u0142em pozyskanych przez gmin\u0119 funduszy unijnych. Roboty<\/p>\n","protected":false},"author":3,"featured_media":4082,"comment_status":"open","ping_status":"open","sticky":false,"template":"","format":"standard","meta":{"_monsterinsights_skip_tracking":false,"_monsterinsights_sitenote_active":false,"_monsterinsights_sitenote_note":"","_monsterinsights_sitenote_category":0,"_uf_show_specific_survey":0,"_uf_disable_surveys":false,"footnotes":""},"categories":[20,33,4,2],"tags":[],"class_list":["post-4080","post","type-post","status-publish","format-standard","has-post-thumbnail","hentry","category-budownictwo","category-inwestycje","category-region","category-wiadomosci"],"_links":{"self":[{"href":"https:\/\/gazetaregionalna.com\/index.php?rest_route=\/wp\/v2\/posts\/4080","targetHints":{"allow":["GET"]}}],"collection":[{"href":"https:\/\/gazetaregionalna.com\/index.php?rest_route=\/wp\/v2\/posts"}],"about":[{"href":"https:\/\/gazetaregionalna.com\/index.php?rest_route=\/wp\/v2\/types\/post"}],"author":[{"embeddable":true,"href":"https:\/\/gazetaregionalna.com\/index.php?rest_route=\/wp\/v2\/users\/3"}],"replies":[{"embeddable":true,"href":"https:\/\/gazetaregionalna.com\/index.php?rest_route=%2Fwp%2Fv2%2Fcomments&post=4080"}],"version-history":[{"count":1,"href":"https:\/\/gazetaregionalna.com\/index.php?rest_route=\/wp\/v2\/posts\/4080\/revisions"}],"predecessor-version":[{"id":4083,"href":"https:\/\/gazetaregionalna.com\/index.php?rest_route=\/wp\/v2\/posts\/4080\/revisions\/4083"}],"wp:featuredmedia":[{"embeddable":true,"href":"https:\/\/gazetaregionalna.com\/index.php?rest_route=\/wp\/v2\/media\/4082"}],"wp:attachment":[{"href":"https:\/\/gazetaregionalna.com\/index.php?rest_route=%2Fwp%2Fv2%2Fmedia&parent=4080"}],"wp:term":[{"taxonomy":"category","embeddable":true,"href":"https:\/\/gazetaregionalna.com\/index.php?rest_route=%2Fwp%2Fv2%2Fcategories&post=4080"},{"taxonomy":"post_tag","embeddable":true,"href":"https:\/\/gazetaregionalna.com\/index.php?rest_route=%2Fwp%2Fv2%2Ftags&post=4080"}],"curies":[{"name":"wp","href":"https:\/\/api.w.org\/{rel}","templated":true}]}}