{"id":40547,"date":"2021-05-05T08:51:45","date_gmt":"2021-05-05T08:51:45","guid":{"rendered":"https:\/\/gazetaregionalna.com\/?p=40547"},"modified":"2021-05-05T08:51:47","modified_gmt":"2021-05-05T08:51:47","slug":"food-trucki-2","status":"publish","type":"post","link":"https:\/\/gazetaregionalna.com\/?p=40547","title":{"rendered":"Food Trucki w Lubli\u0144cu! Wielki powr\u00f3t od 7 do 9 maja!"},"content":{"rendered":"\n<h2 class=\"wp-block-heading\">Ju\u017c za par\u0119 dni 7, 8 i 9 maja 2021 roku pod Galeri\u0119 Handlow\u0105 Karuzela w Lubli\u0144cu powracaj\u0105 Food Trucki.<\/h2>\n\n\n\n<p>Przez trzy dni od godziny 12:00 do 20:00 jak zawsze b\u0119dzie smacznie i r\u00f3\u017cnorodnie. Wszystko to oczywi\u015bcie przy zachowaniu szczeg\u00f3lnej ostro\u017cno\u015bci, wyznaczone strefy, odleg\u0142o\u015bci co 2 metry i \u015brodki dezynfekuj\u0105ce.<\/p>\n\n\n\n<p>Na zlocie znajd\u0105 si\u0119 nast\u0119puj\u0105ce Food Trucki:<\/p>\n\n\n\n<ul class=\"wp-block-list\"><li><a href=\"https:\/\/www.facebook.com\/panfryta\/\" target=\"_blank\" rel=\"noopener\">Pan Fryta<\/a> \u2013 prawdziwe belgijskie frytki;<\/li><li><a href=\"https:\/\/www.facebook.com\/leminifoodtruck\/\" target=\"_blank\" rel=\"noopener\">Le mini lemoniada<\/a> \u2013 lemoniada molekularna;<\/li><li><a href=\"https:\/\/www.facebook.com\/panburgerwola\/\" target=\"_blank\" rel=\"noopener\">Pan Burger<\/a> \u2013 ameryka\u0144skie burgery;<\/li><li><a href=\"https:\/\/www.facebook.com\/dimsumtruckwawa\" target=\"_blank\" rel=\"noopener\">Dim Sum Truck<\/a> \u2013 piero\u017cki na parze;<\/li><li>Viva Mexico &#8211; meksyka\u0144ski quesadille;<\/li><li>Sweet Donuts &#8211; s\u0142odziutkie mini p\u0105czki;<\/li><li>American Grilled Chees &#8211; ameryka\u0144skie tosty;<\/li><li><a href=\"https:\/\/www.facebook.com\/migrand.food.truck.on.tour\" target=\"_blank\" rel=\"noopener\">Migrand on Tour<\/a> &#8211; niesamowite pastrami;<\/li><li><a href=\"https:\/\/www.facebook.com\/PulledPorkFT\" target=\"_blank\" rel=\"noopener\">Pulled Pork F.T<\/a> &#8211; kanapki z szarpan\u0105 wieprzowin\u0105;<\/li><li><a href=\"https:\/\/www.facebook.com\/WokAndWalkFoodTruck\" target=\"_blank\" rel=\"noopener\">Wok &amp; Walk<\/a> &#8211; azjatycki chow mein.<\/li><\/ul>\n\n\n\n<p>Zostaje teraz tylko liczy\u0107 na dobr\u0105 pogod\u0119 i \u017cyczy\u0107 smacznego!!!<\/p>\n\n\n\n<figure class=\"wp-block-image size-large\"><img decoding=\"async\" width=\"1024\" height=\"1024\" data-src=\"https:\/\/gazetaregionalna.com\/wp-content\/uploads\/2021\/05\/burger-1024x1024.jpg\" alt=\"burger\" class=\"wp-image-40548 lazyload\" data-srcset=\"https:\/\/gazetaregionalna.com\/wp-content\/uploads\/2021\/05\/burger-1024x1024.jpg 1024w, https:\/\/gazetaregionalna.com\/wp-content\/uploads\/2021\/05\/burger-300x300.jpg 300w, https:\/\/gazetaregionalna.com\/wp-content\/uploads\/2021\/05\/burger-150x150.jpg 150w, https:\/\/gazetaregionalna.com\/wp-content\/uploads\/2021\/05\/burger-768x768.jpg 768w, https:\/\/gazetaregionalna.com\/wp-content\/uploads\/2021\/05\/burger-696x696.jpg 696w, https:\/\/gazetaregionalna.com\/wp-content\/uploads\/2021\/05\/burger-1068x1068.jpg 1068w, https:\/\/gazetaregionalna.com\/wp-content\/uploads\/2021\/05\/burger-420x420.jpg 420w, https:\/\/gazetaregionalna.com\/wp-content\/uploads\/2021\/05\/burger.jpg 1080w\" data-sizes=\"(max-width: 1024px) 100vw, 1024px\" src=\"data:image\/svg+xml;base64,PHN2ZyB3aWR0aD0iMSIgaGVpZ2h0PSIxIiB4bWxucz0iaHR0cDovL3d3dy53My5vcmcvMjAwMC9zdmciPjwvc3ZnPg==\" style=\"--smush-placeholder-width: 1024px; --smush-placeholder-aspect-ratio: 1024\/1024;\" \/><figcaption>Fot. <strong><a href=\"https:\/\/www.facebook.com\/events\/947478732713735\/?active_tab=about\" class=\"rank-math-link\" target=\"_blank\" rel=\"noopener\">Zlot Food Truck\u00f3w Lubliniec<\/a><\/strong><\/figcaption><\/figure>\n","protected":false},"excerpt":{"rendered":"<p>Ju\u017c za par\u0119 dni 7, 8 i 9 maja 2021 roku pod Galeri\u0119 Handlow\u0105 Karuzela w Lubli\u0144cu powracaj\u0105 Food Trucki. Przez trzy dni od<\/p>\n","protected":false},"author":12,"featured_media":40549,"comment_status":"open","ping_status":"open","sticky":false,"template":"","format":"standard","meta":{"_monsterinsights_skip_tracking":false,"_monsterinsights_sitenote_active":false,"_monsterinsights_sitenote_note":"","_monsterinsights_sitenote_category":0,"_uf_show_specific_survey":0,"_uf_disable_surveys":false,"footnotes":""},"categories":[16,25,2,13],"tags":[1873],"class_list":["post-40547","post","type-post","status-publish","format-standard","has-post-thumbnail","hentry","category-gastronomia","category-lubliniec","category-wiadomosci","category-wydarzenia","tag-foof-trucki"],"_links":{"self":[{"href":"https:\/\/gazetaregionalna.com\/index.php?rest_route=\/wp\/v2\/posts\/40547","targetHints":{"allow":["GET"]}}],"collection":[{"href":"https:\/\/gazetaregionalna.com\/index.php?rest_route=\/wp\/v2\/posts"}],"about":[{"href":"https:\/\/gazetaregionalna.com\/index.php?rest_route=\/wp\/v2\/types\/post"}],"author":[{"embeddable":true,"href":"https:\/\/gazetaregionalna.com\/index.php?rest_route=\/wp\/v2\/users\/12"}],"replies":[{"embeddable":true,"href":"https:\/\/gazetaregionalna.com\/index.php?rest_route=%2Fwp%2Fv2%2Fcomments&post=40547"}],"version-history":[{"count":1,"href":"https:\/\/gazetaregionalna.com\/index.php?rest_route=\/wp\/v2\/posts\/40547\/revisions"}],"predecessor-version":[{"id":40550,"href":"https:\/\/gazetaregionalna.com\/index.php?rest_route=\/wp\/v2\/posts\/40547\/revisions\/40550"}],"wp:featuredmedia":[{"embeddable":true,"href":"https:\/\/gazetaregionalna.com\/index.php?rest_route=\/wp\/v2\/media\/40549"}],"wp:attachment":[{"href":"https:\/\/gazetaregionalna.com\/index.php?rest_route=%2Fwp%2Fv2%2Fmedia&parent=40547"}],"wp:term":[{"taxonomy":"category","embeddable":true,"href":"https:\/\/gazetaregionalna.com\/index.php?rest_route=%2Fwp%2Fv2%2Fcategories&post=40547"},{"taxonomy":"post_tag","embeddable":true,"href":"https:\/\/gazetaregionalna.com\/index.php?rest_route=%2Fwp%2Fv2%2Ftags&post=40547"}],"curies":[{"name":"wp","href":"https:\/\/api.w.org\/{rel}","templated":true}]}}