{"id":40035,"date":"2021-04-30T10:36:13","date_gmt":"2021-04-30T10:36:13","guid":{"rendered":"https:\/\/gazetaregionalna.com\/?p=40035"},"modified":"2021-04-30T10:36:14","modified_gmt":"2021-04-30T10:36:14","slug":"wyzsza-szkola-planowania-strategicznego-2","status":"publish","type":"post","link":"https:\/\/gazetaregionalna.com\/?p=40035","title":{"rendered":"Wy\u017csza Szko\u0142a Planowania Strategicznego z nowym projektem w ramach programu Erasmus+"},"content":{"rendered":"\n<h3 class=\"wp-block-heading\">Wy\u017csza Szko\u0142a Planowania Strategicznego w D\u0105browie G\u00f3rniczej wsp\u00f3lnie z Pre\u0161ovsk\u00e1 Univerzita v Pre\u0161ove (S\u0142owacja) oraz Univerzita Jana Evangelisty Purkyn\u011b v \u00dast\u00ed nad Labem (Czechy) przyst\u0119puje do realizacji projektu w ramach programu Erasmus+ pn. \u201eWykorzystanie innowacyjnych metod nauczania na kierunkach piel\u0119gniarstwo i ratownictwo medyczne\u201d.<\/h3>\n\n\n\n<p>Wykorzystanie innowacyjnych metod nauczania na kierunkach piel\u0119gniarstwo i ratownictwo medyczne&#8221; to projekt trzech uczelni z Europy \u015arodkowej: Wy\u017cszej Szko\u0142y Planowania Strategicznego w D\u0105browie G\u00f3rniczej, Presovska Univerzita v Presove oraz Univerzita Jana Evangelisty Purkyn\u011b v \u00dast\u00ed nad Labem.<\/p>\n\n\n\n<p>Beneficjentami s\u0105 studenci i nauczyciele akademiccy kierunk\u00f3w piel\u0119gniarstwo i ratownictwo medyczne, kt\u00f3rzy chc\u0105 podwy\u017cszy\u0107 swoje kwalifikacje zawodowe, kompetencje j\u0119zykowe i przygotowa\u0107 si\u0119 do pracy w \u015brodowisku mi\u0119dzynarodowym. Projekt zaproponowany jest jako odpowied\u017a na sytuacj\u0119 zwi\u0105zan\u0105 z pandemi\u0105 COVID-19 i przej\u015bciem uczelni na nauk\u0119 hybrydow\u0105 oraz zdaln\u0105.<\/p>\n\n\n\n<figure class=\"wp-block-image size-large is-resized\"><img decoding=\"async\" data-src=\"https:\/\/gazetaregionalna.com\/wp-content\/uploads\/2021\/04\/wsps2-1024x683.jpg\" alt=\"\" class=\"wp-image-40043 lazyload\" width=\"696\" height=\"464\" src=\"data:image\/svg+xml;base64,PHN2ZyB3aWR0aD0iMSIgaGVpZ2h0PSIxIiB4bWxucz0iaHR0cDovL3d3dy53My5vcmcvMjAwMC9zdmciPjwvc3ZnPg==\" style=\"--smush-placeholder-width: 696px; --smush-placeholder-aspect-ratio: 696\/464;\"><figcaption>Wy\u017csza Szko\u0142a Planowania Strategicznego <\/figcaption><\/figure>\n\n\n\n<p>W czasie realizacji projektu przewidywane jest utworzenie rezultat\u00f3w pracy intelektualnej takich jak:<\/p>\n\n\n\n<ul class=\"wp-block-list\"><li>interaktywny, wieloj\u0119zyczny podr\u0119cznik &#8211; platforma e-learningowa stanowi\u0105ca zbi\u00f3r film\u00f3w stanowi\u0105cych instrukta\u017c do wykonywania procedur, kt\u00f3re s\u0105 niezb\u0119dne do wykszta\u0142cenia profesjonalnego ratownika medycznego czy piel\u0119gniarki. Interaktywny podr\u0119cznik zostanie przygotowany w formie wieloj\u0119zycznej, tak aby nauce wykonywania zabieg\u00f3w medycznych towarzyszy\u0142a jednocze\u015bnie nauka j\u0119zyka, niezb\u0119dna do pracy w \u015brodowisku mi\u0119dzynarodowym;<\/li><\/ul>\n\n\n\n<ul class=\"wp-block-list\"><li>wsp\u00f3lny, mi\u0119dzynarodowy program kszta\u0142cenia przedmiot\u00f3w praktycznych na kierunkach piel\u0119gniarstwo i ratownictwo medyczne;<\/li><\/ul>\n\n\n\n<ul class=\"wp-block-list\"><li>program kszta\u0142cenia dw\u00f3ch kurs\u00f3w specjalistycznych: &#8222;Pracownik s\u0142u\u017cby zdrowia w sytuacji kryzysowej&#8221; oraz &#8222;Praca w medycznych zespo\u0142ach mi\u0119dzynarodowych&#8221;.<\/li><\/ul>\n\n\n\n<p>Ponadto w czasie trwania projektu przewidziane jest zorganizowanie szkolenia dla nauczycieli akademickich &#8222;Praktyczne kszta\u0142cenie student\u00f3w piel\u0119gniarstwa i ratownictwa medycznego&#8221; dotycz\u0105cego prowadzenia zaj\u0119\u0107 praktycznych, a tak\u017ce przeprowadzenie pilota\u017cowej edycji kurs\u00f3w &#8222;Pracownik s\u0142u\u017cby zdrowia w sytuacji kryzysowej&#8221; oraz &#8222;Praca w medycznych zespo\u0142ach mi\u0119dzynarodowych&#8221;<\/p>\n\n\n\n<p>Planowane jest tak\u017ce zorganizowanie dw\u00f3ch mi\u0119dzynarodowych konferencji: &#8222;Piel\u0119gniarstwo i ratownictwo medyczne &#8211; kszta\u0142cenie zdalne i hybrydowe&#8221; po\u0142\u0105czonej z prezentacj\u0105 i rozpowszechnianiem interaktywnego, wieloj\u0119zycznego podr\u0119cznika oraz konferencji &#8222;Mi\u0119dzynarodowe zespo\u0142y medyczne&#8221; po\u0142\u0105czonej z prezentacj\u0105 efekt\u00f3w kszta\u0142cenia uzyskanych podczas kurs\u00f3w&nbsp; &#8222;Pracownik s\u0142u\u017cby zdrowia w sytuacji kryzysowej&#8221; oraz &#8222;Praca w medycznych zespo\u0142ach mi\u0119dzynarodowych&#8221;.<\/p>\n\n\n\n<figure class=\"wp-block-image size-large is-resized\"><img decoding=\"async\" data-src=\"https:\/\/gazetaregionalna.com\/wp-content\/uploads\/2021\/04\/2-1.png\" alt=\"\" class=\"wp-image-40044 lazyload\" width=\"669\" height=\"405\" data-srcset=\"https:\/\/gazetaregionalna.com\/wp-content\/uploads\/2021\/04\/2-1.png 669w, https:\/\/gazetaregionalna.com\/wp-content\/uploads\/2021\/04\/2-1-300x182.png 300w\" data-sizes=\"(max-width: 669px) 100vw, 669px\" src=\"data:image\/svg+xml;base64,PHN2ZyB3aWR0aD0iMSIgaGVpZ2h0PSIxIiB4bWxucz0iaHR0cDovL3d3dy53My5vcmcvMjAwMC9zdmciPjwvc3ZnPg==\" style=\"--smush-placeholder-width: 669px; --smush-placeholder-aspect-ratio: 669\/405;\" \/><figcaption>Wy\u017csza Szko\u0142a Planowania Strategicznego <\/figcaption><\/figure>\n\n\n\n<p>Wa\u017cnym aspektem przygotowanego projektu jest trwa\u0142o\u015b\u0107 i uniwersalno\u015b\u0107 przewidywanych rezultat\u00f3w. Interaktywny, wieloj\u0119zyczny podr\u0119cznik b\u0119dzie wykorzystywany przez nauczycieli akademickich i student\u00f3w kierunk\u00f3w piel\u0119gniarstwo i ratownictwo medyczne uczelni jako podstawowe narz\u0119dzie<br>do prowadzenia kszta\u0142cenia praktycznego, szczeg\u00f3lnie w sytuacji nauki hybrydowej oraz zdalnej.<\/p>\n\n\n\n<p>Wypracowanie wsp\u00f3lnych, mi\u0119dzynarodowych program\u00f3w kszta\u0142cenia przedmiot\u00f3w praktycznych na kierunkach piel\u0119gniarstwo i ratownictwo medyczne u\u0142atwi wzajemne uznawanie kwalifikacji i stanowi pierwszy krok do podj\u0119cia dzia\u0142a\u0144 w celu wypracowania pe\u0142nych wsp\u00f3lnych program\u00f3w kszta\u0142cenia.<\/p>\n\n\n\n<p>Wi\u0119cej informacji: <a href=\"https:\/\/www.wsps.pl\/\" class=\"rank-math-link\" target=\"_blank\" rel=\"noopener\">https:\/\/www.wsps.pl\/<\/a> <\/p>\n\n\n\n<p>Czytaj tak\u017ce: <a href=\"https:\/\/gazetaregionalna.com\/wp-admin\/post.php?post=40010&amp;action=edit\" class=\"rank-math-link\">Wy\u017csza Szko\u0142a Planowania Strategicznego \u2013 uczelnia przyjazna dla os\u00f3b niepe\u0142nosprawnych<\/a><\/p>\n","protected":false},"excerpt":{"rendered":"<p>Wy\u017csza Szko\u0142a Planowania Strategicznego w D\u0105browie G\u00f3rniczej wsp\u00f3lnie z Pre\u0161ovsk\u00e1 Univerzita v Pre\u0161ove (S\u0142owacja) oraz Univerzita Jana Evangelisty Purkyn\u011b v \u00dast\u00ed nad Labem (Czechy)<\/p>\n","protected":false},"author":5,"featured_media":40042,"comment_status":"open","ping_status":"open","sticky":false,"template":"","format":"standard","meta":{"_monsterinsights_skip_tracking":false,"_monsterinsights_sitenote_active":false,"_monsterinsights_sitenote_note":"","_monsterinsights_sitenote_category":0,"_uf_show_specific_survey":0,"_uf_disable_surveys":false,"footnotes":""},"categories":[41],"tags":[],"class_list":["post-40035","post","type-post","status-publish","format-standard","has-post-thumbnail","hentry","category-edukacja"],"_links":{"self":[{"href":"https:\/\/gazetaregionalna.com\/index.php?rest_route=\/wp\/v2\/posts\/40035","targetHints":{"allow":["GET"]}}],"collection":[{"href":"https:\/\/gazetaregionalna.com\/index.php?rest_route=\/wp\/v2\/posts"}],"about":[{"href":"https:\/\/gazetaregionalna.com\/index.php?rest_route=\/wp\/v2\/types\/post"}],"author":[{"embeddable":true,"href":"https:\/\/gazetaregionalna.com\/index.php?rest_route=\/wp\/v2\/users\/5"}],"replies":[{"embeddable":true,"href":"https:\/\/gazetaregionalna.com\/index.php?rest_route=%2Fwp%2Fv2%2Fcomments&post=40035"}],"version-history":[{"count":5,"href":"https:\/\/gazetaregionalna.com\/index.php?rest_route=\/wp\/v2\/posts\/40035\/revisions"}],"predecessor-version":[{"id":40047,"href":"https:\/\/gazetaregionalna.com\/index.php?rest_route=\/wp\/v2\/posts\/40035\/revisions\/40047"}],"wp:featuredmedia":[{"embeddable":true,"href":"https:\/\/gazetaregionalna.com\/index.php?rest_route=\/wp\/v2\/media\/40042"}],"wp:attachment":[{"href":"https:\/\/gazetaregionalna.com\/index.php?rest_route=%2Fwp%2Fv2%2Fmedia&parent=40035"}],"wp:term":[{"taxonomy":"category","embeddable":true,"href":"https:\/\/gazetaregionalna.com\/index.php?rest_route=%2Fwp%2Fv2%2Fcategories&post=40035"},{"taxonomy":"post_tag","embeddable":true,"href":"https:\/\/gazetaregionalna.com\/index.php?rest_route=%2Fwp%2Fv2%2Ftags&post=40035"}],"curies":[{"name":"wp","href":"https:\/\/api.w.org\/{rel}","templated":true}]}}