{"id":39986,"date":"2021-05-01T08:00:00","date_gmt":"2021-05-01T08:00:00","guid":{"rendered":"https:\/\/gazetaregionalna.com\/?p=39986"},"modified":"2021-04-30T15:17:49","modified_gmt":"2021-04-30T15:17:49","slug":"luzowanie-obostrzen-do-muzeum-czestochowskiego-pojdziemy-juz-4-maja-do-biblioteki-5-maja","status":"publish","type":"post","link":"https:\/\/gazetaregionalna.com\/?p=39986","title":{"rendered":"Luzowanie obostrze\u0144. Do Muzeum Cz\u0119stochowskiego p\u00f3jdziemy ju\u017c 4 maja, do biblioteki &#8211; 5 maja"},"content":{"rendered":"\n<h2 class=\"wp-block-heading\"><strong>Za spraw\u0105  stopniowego luzowania obostrze\u0144 ju\u017c po d\u0142ugim weekendzie w Cz\u0119stochowie wznowi dzia\u0142alno\u015b\u0107 cz\u0119\u015b\u0107 miejskich instytucji kultury. Pozosta\u0142e powinny zaprosi\u0107 cz\u0119stochowian pod koniec maja.&nbsp;<\/strong><\/h2>\n\n\n\n<p>Jako pierwsze w Cz\u0119stochowie wznowi\u0105 dzia\u0142alno\u015b\u0107 Muzeum Cz\u0119stochowskie, O\u015brodek Promocji Kultury &#8222;Gaude Mater&#8221; i Miejska Galeria Sztuki. Zapraszaj\u0105 one ju\u017c od wtorku, 4 maja. Pozosta\u0142e instytucje b\u0119d\u0105 si\u0119 otwiera\u0142y stopniowo. <\/p>\n\n\n\n<h3 class=\"wp-block-heading\">Muzeum zaczyna od ekspozycji sta\u0142ych!<\/h3>\n\n\n\n<p><strong>Muzeum Cz\u0119stochowskie<\/strong> czynne b\u0119dzie dla zwiedzaj\u0105cych we wtorki, \u015brody, czwartki od godz. 11.30 do 17.00, a w pi\u0105tki, soboty i niedziele &#8211; od godz. 11.30 do 17.30; w poniedzia\u0142ki pozostanie nieczynne. Ostatnie wej\u015bcie dla zwiedzaj\u0105cych mo\u017cliwe s\u0105 na 30 minut przed zamkni\u0119ciem obiektu. \u00a0Z kolei Rezerwat Archeologiczny b\u0119dzie czynny tylko w ka\u017cd\u0105 trzeci\u0105 sobot\u0119 i niedziel\u0119 miesi\u0105ca. \u00a0<\/p>\n\n\n\n<figure class=\"wp-block-image size-large\"><img decoding=\"async\" width=\"1024\" height=\"653\" data-src=\"https:\/\/gazetaregionalna.com\/wp-content\/uploads\/2021\/04\/Rezerwat-Archeologiczny-1024x653.jpg\" alt=\"\" class=\"wp-image-40100 lazyload\" data-srcset=\"https:\/\/gazetaregionalna.com\/wp-content\/uploads\/2021\/04\/Rezerwat-Archeologiczny-1024x653.jpg 1024w, https:\/\/gazetaregionalna.com\/wp-content\/uploads\/2021\/04\/Rezerwat-Archeologiczny-300x191.jpg 300w, https:\/\/gazetaregionalna.com\/wp-content\/uploads\/2021\/04\/Rezerwat-Archeologiczny-768x490.jpg 768w, https:\/\/gazetaregionalna.com\/wp-content\/uploads\/2021\/04\/Rezerwat-Archeologiczny-1536x980.jpg 1536w, https:\/\/gazetaregionalna.com\/wp-content\/uploads\/2021\/04\/Rezerwat-Archeologiczny-2048x1306.jpg 2048w, https:\/\/gazetaregionalna.com\/wp-content\/uploads\/2021\/04\/Rezerwat-Archeologiczny-696x444.jpg 696w, https:\/\/gazetaregionalna.com\/wp-content\/uploads\/2021\/04\/Rezerwat-Archeologiczny-1068x681.jpg 1068w, https:\/\/gazetaregionalna.com\/wp-content\/uploads\/2021\/04\/Rezerwat-Archeologiczny-1920x1224.jpg 1920w, https:\/\/gazetaregionalna.com\/wp-content\/uploads\/2021\/04\/Rezerwat-Archeologiczny-659x420.jpg 659w, https:\/\/gazetaregionalna.com\/wp-content\/uploads\/2021\/04\/Rezerwat-Archeologiczny-scaled.jpg 1200w\" data-sizes=\"(max-width: 1024px) 100vw, 1024px\" src=\"data:image\/svg+xml;base64,PHN2ZyB3aWR0aD0iMSIgaGVpZ2h0PSIxIiB4bWxucz0iaHR0cDovL3d3dy53My5vcmcvMjAwMC9zdmciPjwvc3ZnPg==\" style=\"--smush-placeholder-width: 1024px; --smush-placeholder-aspect-ratio: 1024\/653;\" \/><figcaption>Rezerwat Archeologiczny (fot. Jacek \u015aliwczy\u0144ski\/ Muzeum Cz\u0119stochowskie)<\/figcaption><\/figure>\n\n\n\n<p>Na pocz\u0105tek Muzeum Cz\u0119stochowskie udost\u0119pni wystawy sta\u0142e i czasowe w: Ratuszu (pl. Biega\u0144skiego), Galerii Dobrej Sztuki (Al. NMP 47),\u00a0 Pawilonie Wystawowym w Parku im. Staszica, Muzeum G\u00f3rnictwa Rud \u017belaza w Parku im. Staszica, Rezerwacie Archeologicznym (ul. \u0141ukasi\u0144skiego 20),\u00a0 Muzeum \u017byd\u00f3w Cz\u0119stochowian (ul. Katedralna 8) i Domu Poezji \u2013 Muzeum Haliny Po\u015bwiatowskiej (ul. Jasnog\u00f3rska 23). \u00a0 Ekspozycje zostan\u0105 udost\u0119pnione do zwiedzania z zachowaniem re\u017cimu sanitarnego. Obowi\u0105zuje zakrywanie nosa i ust, korzystanie z p\u0142yn\u00f3w dezynfekuj\u0105cych do r\u0105k udost\u0119pnionych przy wej\u015bciach do obiekt\u00f3w, zachowanie dystansu co najmniej 1,5 m od innych os\u00f3b (nakaz nie obowi\u0105zuje rodzin oraz os\u00f3b wsp\u00f3lnie gospodaruj\u0105cych) oraz limitowanie os\u00f3b przebywaj\u0105cych jednocze\u015bnie na ekspozycjach (maks. 1 osoba na 15 m kw). Wykorzystywanie multimedi\u00f3w i innych urz\u0105dze\u0144 aktywowanych dotykiem odbywa\u0107 si\u0119 b\u0119dzie wy\u0142\u0105cznie z zachowaniem re\u017cimu sanitarnego, podobnie jak korzystanie z szatni wy\u0142\u0105cznie z zachowaniem re\u017cimu sanitarnego.<\/p>\n\n\n\n<h3 class=\"wp-block-heading\">OPK &#8222;Gaude Mater&#8221; szykuje spotkanie z \u017bulczykiem<\/h3>\n\n\n\n<p><strong>O\u015brodek Promocji Kultury \u201eGaude Mater\u201d  <\/strong>czeka na mieszka\u0144c\u00f3w od poniedzia\u0142ku do pi\u0105tku w godz. 10- 20. Na pocz\u0105tek otwiera dla nich galeri\u0119 wystaw, oczywi\u015bcie z zachowaniem re\u017cimu sanitarnego. Zasady s\u0105 nast\u0119puj\u0105ce: zakrywanie nosa i ust, korzystanie z p\u0142yn\u00f3w dezynfekuj\u0105cych do r\u0105k udost\u0119pnionych przy wej\u015bciach do obiekt\u00f3w, zachowanie dystansu co najmniej 1,5 m od innych os\u00f3b, limitowanie os\u00f3b przebywaj\u0105cych jednocze\u015bnie na ekspozycjach (maks. 1 osoba na 15 m kw). \u00a0 Zwiedzaj\u0105cy b\u0119d\u0105 mogli zobaczy\u0107 wystaw\u0119 malarstwa El\u017cbiety, Lecha Ledeckich i Magdaleny Kmiecik oraz fotografii Piotra Ledeckiego. Ponadto przy wej\u015bciu do instytucji znajduje si\u0119 mural Joanny Ambroz, kt\u00f3ry jest traktowany jako ekspozycja sta\u0142a.\u00a0 \u00a0 <\/p>\n\n\n\n<figure class=\"wp-block-image size-large\"><img decoding=\"async\" width=\"1024\" height=\"683\" data-src=\"https:\/\/gazetaregionalna.com\/wp-content\/uploads\/2021\/04\/joanna-ambroz-mural-osrodek-promocji-kultury-czestochowa-foto-lukasz-kolewinski-00007-1024x683.jpg\" alt=\"\" class=\"wp-image-38632 lazyload\" data-srcset=\"https:\/\/gazetaregionalna.com\/wp-content\/uploads\/2021\/04\/joanna-ambroz-mural-osrodek-promocji-kultury-czestochowa-foto-lukasz-kolewinski-00007-1024x683.jpg 1024w, https:\/\/gazetaregionalna.com\/wp-content\/uploads\/2021\/04\/joanna-ambroz-mural-osrodek-promocji-kultury-czestochowa-foto-lukasz-kolewinski-00007-300x200.jpg 300w, https:\/\/gazetaregionalna.com\/wp-content\/uploads\/2021\/04\/joanna-ambroz-mural-osrodek-promocji-kultury-czestochowa-foto-lukasz-kolewinski-00007-768x512.jpg 768w, https:\/\/gazetaregionalna.com\/wp-content\/uploads\/2021\/04\/joanna-ambroz-mural-osrodek-promocji-kultury-czestochowa-foto-lukasz-kolewinski-00007-1536x1024.jpg 1536w, https:\/\/gazetaregionalna.com\/wp-content\/uploads\/2021\/04\/joanna-ambroz-mural-osrodek-promocji-kultury-czestochowa-foto-lukasz-kolewinski-00007-696x464.jpg 696w, https:\/\/gazetaregionalna.com\/wp-content\/uploads\/2021\/04\/joanna-ambroz-mural-osrodek-promocji-kultury-czestochowa-foto-lukasz-kolewinski-00007-1068x712.jpg 1068w, https:\/\/gazetaregionalna.com\/wp-content\/uploads\/2021\/04\/joanna-ambroz-mural-osrodek-promocji-kultury-czestochowa-foto-lukasz-kolewinski-00007-1920x1280.jpg 1920w, https:\/\/gazetaregionalna.com\/wp-content\/uploads\/2021\/04\/joanna-ambroz-mural-osrodek-promocji-kultury-czestochowa-foto-lukasz-kolewinski-00007-630x420.jpg 630w, https:\/\/gazetaregionalna.com\/wp-content\/uploads\/2021\/04\/joanna-ambroz-mural-osrodek-promocji-kultury-czestochowa-foto-lukasz-kolewinski-00007.jpg 1200w\" data-sizes=\"(max-width: 1024px) 100vw, 1024px\" src=\"data:image\/svg+xml;base64,PHN2ZyB3aWR0aD0iMSIgaGVpZ2h0PSIxIiB4bWxucz0iaHR0cDovL3d3dy53My5vcmcvMjAwMC9zdmciPjwvc3ZnPg==\" style=\"--smush-placeholder-width: 1024px; --smush-placeholder-aspect-ratio: 1024\/683;\" \/><figcaption>Mural autorstwa Joanny Ambroz w OPK &#8222;Gaude Mater&#8221; 9fot. \u0141ukasz Kolewi\u0144ski)<\/figcaption><\/figure>\n\n\n\n<p>Z kolei od 29 maja OPK planuje wznowi\u0107 dzia\u0142alno\u015b\u0107 w zakresie organizacji wydarze\u0144 artystycznych &#8211; koncert\u00f3w, spotka\u0144 autorskich, warsztat\u00f3w oraz prelekcji. Na start zaplanowano spotkanie z pisarzem Jakubem \u017bulczykiem (autorem m.in.  &#8222;\u015al\u0119pn\u0105c od \u015bwiate\u0142&#8221; i &#8222;Zr\u00f3b mi jak\u0105\u015b krzywd\u0119&#8221;) &#8211; rzecz jasna z zachowaniem obowi\u0105zuj\u0105cych zasad i re\u017cimu sanitarnego.<\/p>\n\n\n\n<h3 class=\"wp-block-heading\">W Miejskiej Galerii Sztuki kr\u00f3luje &#8222;Consensus Omnium&#8221;<\/h3>\n\n\n\n<p>Sale wystawowe <strong>Miejskiej Galerii Sztuki<\/strong> wznowi\u0105 swoj\u0105 dzia\u0142alno\u015b\u0107 4 maja. B\u0119dzie je mo\u017cna ogl\u0105da\u0107 od wtorku do pi\u0105tku, od godz. 10.30 do 18.00 oraz w soboty i niedziele od godz. 12 do 19. \u00a0Zwiedzanie wystaw z zachowaniem re\u017cimu sanitarnego zgodnie z Regulaminem zwiedzania wystaw Miejskiej Galerii Sztuki w Cz\u0119stochowie opublikowanym <a href=\"https:\/\/www.galeria.czest.pl\/zasady-sanitarne-w-mgs\/ogloszenia\" class=\"rank-math-link\" target=\"_blank\" rel=\"noopener\">na stronie instytucji<\/a>. \u00a0 Aktualnie na zwiedzaj\u0105cych czekaj\u0105 wystawy &#8222;Consensus Omnium&#8221; Marcina Berdyszaka oraz &#8222;Kobiety mojego kina&#8221; Doroty Reterskiej (Galeria Zwiastun).<\/p>\n\n\n\n<figure class=\"wp-block-image size-large\"><img decoding=\"async\" width=\"1024\" height=\"683\" data-src=\"https:\/\/gazetaregionalna.com\/wp-content\/uploads\/2021\/01\/MarcinBerdyszak-1024x683.jpg\" alt=\"\" class=\"wp-image-32291 lazyload\" data-srcset=\"https:\/\/gazetaregionalna.com\/wp-content\/uploads\/2021\/01\/MarcinBerdyszak-1024x683.jpg 1024w, https:\/\/gazetaregionalna.com\/wp-content\/uploads\/2021\/01\/MarcinBerdyszak-300x200.jpg 300w, https:\/\/gazetaregionalna.com\/wp-content\/uploads\/2021\/01\/MarcinBerdyszak-768x512.jpg 768w, https:\/\/gazetaregionalna.com\/wp-content\/uploads\/2021\/01\/MarcinBerdyszak-1536x1025.jpg 1536w, https:\/\/gazetaregionalna.com\/wp-content\/uploads\/2021\/01\/MarcinBerdyszak-696x464.jpg 696w, https:\/\/gazetaregionalna.com\/wp-content\/uploads\/2021\/01\/MarcinBerdyszak-1068x712.jpg 1068w, https:\/\/gazetaregionalna.com\/wp-content\/uploads\/2021\/01\/MarcinBerdyszak-1920x1281.jpg 1920w, https:\/\/gazetaregionalna.com\/wp-content\/uploads\/2021\/01\/MarcinBerdyszak-630x420.jpg 630w, https:\/\/gazetaregionalna.com\/wp-content\/uploads\/2021\/01\/MarcinBerdyszak.jpg 1200w\" data-sizes=\"(max-width: 1024px) 100vw, 1024px\" src=\"data:image\/svg+xml;base64,PHN2ZyB3aWR0aD0iMSIgaGVpZ2h0PSIxIiB4bWxucz0iaHR0cDovL3d3dy53My5vcmcvMjAwMC9zdmciPjwvc3ZnPg==\" style=\"--smush-placeholder-width: 1024px; --smush-placeholder-aspect-ratio: 1024\/683;\" \/><figcaption>10. Triennale Sztuki Sacrum. Prace Marcina Berdyszaka (fot. Robert Jod\u0142owski\/Miejska Galeria Sztuki)<\/figcaption><\/figure>\n\n\n\n<p>Niestety, wielbiciele Kino Studyjnego OKF &#8222;Iluzja&#8221;, kt\u00f3re mie\u015bci si\u0119 w strukturach galerii, mo\u017ce wznowi\u0107 dzia\u0142alno\u015b\u0107 \u2013 zgodnie z rozporz\u0105dzeniem \u2013 dopiero 29 maja. Kinomani ju\u017c zacieraj\u0105 r\u0119ce, licz\u0105c na pokaz film\u00f3w, kt\u00f3re triumfowa\u0142y podczas tegorocznej gali przyznania Oscar\u00f3w.<\/p>\n\n\n\n<h3 class=\"wp-block-heading\">Biblioteka Publiczna zaprasza czytelnik\u00f3w od 5 maja<\/h3>\n\n\n\n<p>Od \u015brody, 5 maja wznawiaj\u0105 dzia\u0142alno\u015b\u0107 \u2013 w re\u017cimie sanitarnym  \u2013 Biblioteka G\u0142\u00f3wna i plac\u00f3wki filialne. Biblioteki pracowa\u0107 b\u0119d\u0105 &#8211; w dniach otwarcia &#8211; wy\u0142\u0105cznie w zakresie wypo\u017cyczania i zwrot\u00f3w zbior\u00f3w. Gry planszowe r\u00f3wnie\u017c b\u0119d\u0105 wypo\u017cyczane. \u015arodowiskowa dzia\u0142alno\u015b\u0107 kulturalno-edukacyjna pozostanie realizowana w formie online. \u00a0Mo\u017cliwe b\u0119dzie dokonywanie rezerwacji na dost\u0119pne zbiory przez system biblioteczny SOWA, a tak\u017ce mailowo i telefonicznie do plac\u00f3wek. \u017beby skorzysta\u0107 z Czytelni G\u0142\u00f3wnej (Al. NMP 22) nale\u017cy zadzwoni\u0107 lub napisa\u0107, by zarezerwowa\u0107 materia\u0142y i um\u00f3wi\u0107 termin indywidualnej wizyty \u2013 tel. 34 360-61-13; e-mail: dib@biblioteka.czest.pl lub 34 360-61-11; e-mail: czyt@biblioteka.czest.pl, czyt_nauk@biblioteka.czest.pl. \u00a0 Stanowiska komputerowe oraz katalogi kartkowe b\u0119d\u0105 niedost\u0119pne dla u\u017cytkownik\u00f3w do odwo\u0142ania.\u00a0 \u00a0Dopuszcza si\u0119 czasowe ograniczenia b\u0105d\u017a zmiany godzin lub dni otwarcia plac\u00f3wek.\u00a0 \u00a0 <\/p>\n\n\n\n<h2 class=\"wp-block-heading\">Miejski Dom Kultury zaczyna od Salonu Sztuki<\/h2>\n\n\n\n<p>Miejski Dom Kultury w Cz\u0119stochowie\u00a0od 4 maja otwiera Salon Sztuki (obowi\u0105zuje limit 1 osoba na 15 m kw, obowi\u0105zkowa dezynfekcja, obowi\u0105zkowe maseczki). Zmiany dotycz\u0105 dzia\u0142alno\u015bci kulturalno- edukacyjnej plac\u00f3wki z wy\u0142\u0105czeniem p\u0142ywalni.\u00a0Z kolei od\u00a0 29 maja przewidziano otwarcie sali widowiskowej dla max. 50 proc. miejsc siedz\u0105cych z zachowaniem \u015bcis\u0142ego re\u017cimu sanitarnego (obowi\u0105zkowa dezynfekcja &#8211; dozowniki z p\u0142ynem dezynfekuj\u0105cym przed wej\u015bciem do sali, obowi\u0105zkowe maseczki i ruch jednokierunkowy), otwarcie studia nagra\u0144 z zachowaniem \u015bcis\u0142ego re\u017cimu sanitarnego. Ruszy r\u00f3wnie\u017c nab\u00f3r na warsztaty wakacyjne organizowane w miesi\u0105cach lipiec- sierpie\u0144 (od 15 czerwca dla dotychczasowych uczestnik\u00f3w, od 20 sierpnia dla nowych ch\u0119tnych). Przewidziano te\u017c wznowienie dzia\u0142alno\u015bci artystycznej (przygotowania do koncert\u00f3w) Zespo\u0142u Pie\u015bni i Ta\u0144ca w Cz\u0119stochowie zgodnie z zaleceniami Pa\u0144stwowego Powiatowego Inspektora Sanitarnego w Cz\u0119stochowie.<\/p>\n\n\n\n<h3 class=\"wp-block-heading\">Teatr im. Mickiewicza czeka na 29 maja. Plan\u00f3w jest wiele!<\/h3>\n\n\n\n<figure class=\"wp-block-image size-large\"><img decoding=\"async\" width=\"1024\" height=\"684\" data-src=\"https:\/\/gazetaregionalna.com\/wp-content\/uploads\/2021\/04\/Pannonica2-2-1024x684.jpg\" alt=\"\" class=\"wp-image-39208 lazyload\" data-srcset=\"https:\/\/gazetaregionalna.com\/wp-content\/uploads\/2021\/04\/Pannonica2-2-1024x684.jpg 1024w, https:\/\/gazetaregionalna.com\/wp-content\/uploads\/2021\/04\/Pannonica2-2-300x200.jpg 300w, https:\/\/gazetaregionalna.com\/wp-content\/uploads\/2021\/04\/Pannonica2-2-768x513.jpg 768w, https:\/\/gazetaregionalna.com\/wp-content\/uploads\/2021\/04\/Pannonica2-2-1536x1026.jpg 1536w, https:\/\/gazetaregionalna.com\/wp-content\/uploads\/2021\/04\/Pannonica2-2-696x465.jpg 696w, https:\/\/gazetaregionalna.com\/wp-content\/uploads\/2021\/04\/Pannonica2-2-1068x713.jpg 1068w, https:\/\/gazetaregionalna.com\/wp-content\/uploads\/2021\/04\/Pannonica2-2-629x420.jpg 629w, https:\/\/gazetaregionalna.com\/wp-content\/uploads\/2021\/04\/Pannonica2-2.jpg 1200w\" data-sizes=\"(max-width: 1024px) 100vw, 1024px\" src=\"data:image\/svg+xml;base64,PHN2ZyB3aWR0aD0iMSIgaGVpZ2h0PSIxIiB4bWxucz0iaHR0cDovL3d3dy53My5vcmcvMjAwMC9zdmciPjwvc3ZnPg==\" style=\"--smush-placeholder-width: 1024px; --smush-placeholder-aspect-ratio: 1024\/684;\" \/><figcaption>Pr\u00f3ba do spektaklu &#8222;Pannonica&#8221; w Teatrze im. Mickiewicza (fot. Piotr D\u0142ubak\/Teatr im. Mickiewicza)<\/figcaption><\/figure>\n\n\n\n<p><strong>Teatr im. Adama Mickiewicza<\/strong> \u00a0czeka na 29 maja i moment, gdy wreszcie zaprosi widz\u00f3w do siebie. Pomimo wstrzymania otwarcia, instytucja zamierza intensywnie pracowa\u0107 nad nowymi pozycjami repertuarowymi.\u00a0W efekcie od 5 maja rozpoczn\u0105 si\u0119 pr\u00f3by nowej sztuki zatytu\u0142owanej \u201eStrefa zero\u201d w re\u017cyserii Andr\u00e9 H\u00fcbnera-Ochodlo (premiera planowana jest na 11 wrze\u015bnia w 20. rocznic\u0119 zamachu na WTC). Jeszcze w maju rozpoczn\u0105 si\u0119 r\u00f3wnie\u017c pr\u00f3by do koncertu pami\u0119ci Piotra Machalicy \u201e Dzi\u015b s\u0105 moje imieniny\u201d (planowane wystawienie &#8211; 29 czerwca). Odbywa\u0107 si\u0119 te\u017c b\u0119d\u0105 doskonal\u0105ce pr\u00f3by oraz nagranie sztuki \u201ePannonica\u201d, kt\u00f3rej premier\u0119 przeniesiono z 8 maja na pocz\u0105tek czerwca. Co dalej? Trwa\u0107 b\u0119d\u0105 przygotowania do muzycznego widowiska pt. \u201eRytm w sercu\u201d, realizowanego na zam\u00f3wienie Wydzia\u0142u Zdrowia UM Cz\u0119stochowy (pokaz planowany na 11 czerwca).  Realizowane b\u0119d\u0105 ponadto rozmaite dzia\u0142ania aktorsko-promocyjne, emitowane w internecie. \u00a0 Po otwarciu teatr\u00f3w dla publiczno\u015bci, na sali wype\u0142nione by\u0107 mo\u017ce maksymalnie 50 proc, miejsc. Od 29 maja do 30 czerwca Teatr im. Adama Mickiewicza zaplanowa\u0142 (zak\u0142adaj\u0105c, \u017ce b\u0119dzie to mo\u017cliwe)<strong> <\/strong>ponad 25 spektakli i koncert\u00f3w.<\/p>\n\n\n\n<h3 class=\"wp-block-heading\">Filharmonia Cz\u0119stochowska zacznie od &#8222;Klimakterium 2&#8221;<\/h3>\n\n\n\n<figure class=\"wp-block-image size-large\"><img decoding=\"async\" width=\"712\" height=\"1000\" data-src=\"https:\/\/gazetaregionalna.com\/wp-content\/uploads\/2021\/04\/klimakterium.jpg\" alt=\"\" class=\"wp-image-39586 lazyload\" data-srcset=\"https:\/\/gazetaregionalna.com\/wp-content\/uploads\/2021\/04\/klimakterium.jpg 712w, https:\/\/gazetaregionalna.com\/wp-content\/uploads\/2021\/04\/klimakterium-214x300.jpg 214w, https:\/\/gazetaregionalna.com\/wp-content\/uploads\/2021\/04\/klimakterium-696x978.jpg 696w, https:\/\/gazetaregionalna.com\/wp-content\/uploads\/2021\/04\/klimakterium-299x420.jpg 299w\" data-sizes=\"(max-width: 712px) 100vw, 712px\" src=\"data:image\/svg+xml;base64,PHN2ZyB3aWR0aD0iMSIgaGVpZ2h0PSIxIiB4bWxucz0iaHR0cDovL3d3dy53My5vcmcvMjAwMC9zdmciPjwvc3ZnPg==\" style=\"--smush-placeholder-width: 712px; --smush-placeholder-aspect-ratio: 712\/1000;\" \/><figcaption>&#8222;Klimakterium 2, czyli menopauzy sza\u0142&#8221; (mat. agencji Certus)<\/figcaption><\/figure>\n\n\n\n<p><strong>Filharmonia Cz\u0119stochowska im. Bronis\u0142awa Hubermana<\/strong> wznowi dzia\u0142alno\u015b\u0107 30 maja spektaklami \u201eKlimakterium 2, czyli menopauzy sza\u0142\u201d organizowanymi przez agencj\u0119 artystyczn\u0105 Certus (przeniesiono je z 15 maja.). Z kolei\u00a0 1 czerwca odb\u0119dzie si\u0119 pierwszy koncert zespo\u0142u artystycznego Filharmonii. Imprezy odbywa\u0107 si\u0119 b\u0119d\u0105 przy zachowaniu re\u017cimu sanitarnego. Konieczne b\u0119dzie zakrywanie ust i nosa, wype\u0142nienie o\u015bwiadcze\u0144,poddanie si\u0119 bezdotykowemu pomiarowi temperatury, dezynfekcja r\u0105k, dystans spo\u0142eczny. Sala koncertowa mo\u017ce by\u0107 wype\u0142niona maksymalnie w po\u0142owie.<\/p>\n\n\n\n<p><strong>Zuzanna Suliga<\/strong><\/p>\n","protected":false},"excerpt":{"rendered":"<p>Za spraw\u0105 stopniowego luzowania obostrze\u0144 ju\u017c po d\u0142ugim weekendzie w Cz\u0119stochowie wznowi dzia\u0142alno\u015b\u0107 cz\u0119\u015b\u0107 miejskich instytucji kultury. Pozosta\u0142e powinny zaprosi\u0107 cz\u0119stochowian pod koniec maja.&nbsp;<\/p>\n","protected":false},"author":18,"featured_media":38607,"comment_status":"open","ping_status":"open","sticky":false,"template":"","format":"standard","meta":{"_monsterinsights_skip_tracking":false,"_monsterinsights_sitenote_active":false,"_monsterinsights_sitenote_note":"","_monsterinsights_sitenote_category":0,"_uf_show_specific_survey":0,"_uf_disable_surveys":false,"footnotes":""},"categories":[12,3,94,2],"tags":[643,136,1160,1039],"class_list":["post-39986","post","type-post","status-publish","format-standard","has-post-thumbnail","hentry","category-kultura-i-rozrywka","category-czestochowa-informacje","category-polecane","category-wiadomosci","tag-miejska-galeria-sztuki","tag-muzeum-czestochowskie","tag-okf","tag-osrodek-promocji-kultury-gaude-mater"],"_links":{"self":[{"href":"https:\/\/gazetaregionalna.com\/index.php?rest_route=\/wp\/v2\/posts\/39986","targetHints":{"allow":["GET"]}}],"collection":[{"href":"https:\/\/gazetaregionalna.com\/index.php?rest_route=\/wp\/v2\/posts"}],"about":[{"href":"https:\/\/gazetaregionalna.com\/index.php?rest_route=\/wp\/v2\/types\/post"}],"author":[{"embeddable":true,"href":"https:\/\/gazetaregionalna.com\/index.php?rest_route=\/wp\/v2\/users\/18"}],"replies":[{"embeddable":true,"href":"https:\/\/gazetaregionalna.com\/index.php?rest_route=%2Fwp%2Fv2%2Fcomments&post=39986"}],"version-history":[{"count":13,"href":"https:\/\/gazetaregionalna.com\/index.php?rest_route=\/wp\/v2\/posts\/39986\/revisions"}],"predecessor-version":[{"id":40101,"href":"https:\/\/gazetaregionalna.com\/index.php?rest_route=\/wp\/v2\/posts\/39986\/revisions\/40101"}],"wp:featuredmedia":[{"embeddable":true,"href":"https:\/\/gazetaregionalna.com\/index.php?rest_route=\/wp\/v2\/media\/38607"}],"wp:attachment":[{"href":"https:\/\/gazetaregionalna.com\/index.php?rest_route=%2Fwp%2Fv2%2Fmedia&parent=39986"}],"wp:term":[{"taxonomy":"category","embeddable":true,"href":"https:\/\/gazetaregionalna.com\/index.php?rest_route=%2Fwp%2Fv2%2Fcategories&post=39986"},{"taxonomy":"post_tag","embeddable":true,"href":"https:\/\/gazetaregionalna.com\/index.php?rest_route=%2Fwp%2Fv2%2Ftags&post=39986"}],"curies":[{"name":"wp","href":"https:\/\/api.w.org\/{rel}","templated":true}]}}