{"id":39901,"date":"2021-04-29T21:36:41","date_gmt":"2021-04-29T21:36:41","guid":{"rendered":"https:\/\/gazetaregionalna.com\/?p=39901"},"modified":"2021-04-29T21:36:43","modified_gmt":"2021-04-29T21:36:43","slug":"spotkanie-ku-pamieci-irit-amiel","status":"publish","type":"post","link":"https:\/\/gazetaregionalna.com\/?p=39901","title":{"rendered":"Spotkanie ku pami\u0119ci Irit Amiel. Poetk\u0119 wspomina\u0107 b\u0119d\u0105 przyjaciele z Polski i Izraela"},"content":{"rendered":"\n<h2 class=\"wp-block-heading\">16 lutego po\u017cegnali\u015bmy wybitn\u0105 poetk\u0119 Irit Amiel. Spotkanie ku jej pami\u0119ci odb\u0119dzie si\u0119 30 kwietnia na platformie zoom.<\/h2>\n\n\n\n<p>Przypomnijmy, w nocy 16 lutego zmar\u0142a w Izraelu Irit Amiel \u2013 poetka, pisarka, t\u0142umaczka. Mia\u0142a 90 lat (o jej \u015bmierci informowali\u015bmy <a href=\"https:\/\/gazetaregionalna.com\/nie-zyje-irit-amiel-pisarka-i-poetka-pochodzaca-z-czestochowy\/\" class=\"rank-math-link\">TUTAJ<\/a>). Urodzi\u0142a si\u0119 5 maja w 1931 r. w Cz\u0119stochowie jako Irena Librowicz. To tutaj sp\u0119dzi\u0142a dzieci\u0144stwo. Od 1941 r. przebywa\u0142a w tutejszym getcie, z kt\u00f3rego uda\u0142o jej si\u0119 wydosta\u0107 we wrze\u015bniu roku kolejnego. Po zako\u0144czeniu wojny powr\u00f3ci\u0142a do Cz\u0119stochowy. Ucz\u0119szcza\u0142a tu przez kr\u00f3tki czas do Gimnazjum \u017be\u0144skiego im. J. S\u0142owackiego. Pod koniec 1945 r. opu\u015bci\u0142a Polsk\u0119.<\/p>\n\n\n\n<p>Amiel studiowa\u0142a filologi\u0119, histori\u0119 i histori\u0119 literatury, odby\u0142a r\u00f3wnie\u017c studia translatorskie. Potem zacz\u0119\u0142a specjalizowa\u0107 si\u0119 w t\u0142umaczniu poezji i prozy z hebrajskiego na polski oraz z polskiego na hebrajski. Debiutowa\u0142a w 1987 r. przek\u0142adem wspomnie\u0144 Marii Hochberg-Maria\u0144skiej i Mordechaia Pelega\u00a0&#8222;W\u015br\u00f3d przyjaci\u00f3\u0142 i wrog\u00f3w. Poza gettem w okupowanym Krakowie&#8221;<em>. <\/em>T\u0142umaczy\u0142a m.in. teksty Leo Lipskiego, Marka H\u0142aski, Hanny Krall, Henryka Grynberga czy Wis\u0142awy Szymborskiej.<\/p>\n\n\n\n<figure class=\"wp-block-image size-large\"><img decoding=\"async\" width=\"600\" height=\"350\" data-src=\"https:\/\/gazetaregionalna.com\/wp-content\/uploads\/2021\/04\/iritamiel_strona.jpg\" alt=\"\" class=\"wp-image-39910 lazyload\" data-srcset=\"https:\/\/gazetaregionalna.com\/wp-content\/uploads\/2021\/04\/iritamiel_strona.jpg 600w, https:\/\/gazetaregionalna.com\/wp-content\/uploads\/2021\/04\/iritamiel_strona-300x175.jpg 300w\" data-sizes=\"(max-width: 600px) 100vw, 600px\" src=\"data:image\/svg+xml;base64,PHN2ZyB3aWR0aD0iMSIgaGVpZ2h0PSIxIiB4bWxucz0iaHR0cDovL3d3dy53My5vcmcvMjAwMC9zdmciPjwvc3ZnPg==\" style=\"--smush-placeholder-width: 600px; --smush-placeholder-aspect-ratio: 600\/350;\" \/><figcaption>Irit Amiel (mat. UM Cz\u0119stochowy)<\/figcaption><\/figure>\n\n\n\n<p>Pierwszy tomik w\u0142asnych wierszy (w j\u0119zyku hebrajskim) wyda\u0142a w 1994 r., a prozy &#8211; pi\u0119\u0107 lat p\u00f3\u017aniej. W Polsce ukaza\u0142o si\u0119 pi\u0119\u0107 jej tomik\u00f3w poetyckich: &#8222;Egzamin z Zag\u0142ady&#8221; (1994, 1998) &#8222;Nie zd\u0105\u017cy\u0142am&#8221; (1998), &#8222;Tu i tam&#8221; (1999), &#8222;Wdycha\u0107 g\u0142\u0119boko (2002)&#8221;, &#8222;Sp\u00f3\u017aniona&#8221; (2016), a tak\u017ce zbi\u00f3r opowiada\u0144 &#8222;Osmaleni&#8221; (1999) oraz ksi\u0105\u017cki &#8222;Podw\u00f3jny krajobraz&#8221; (2008) i &#8222;\u017bycie \u2013 tytu\u0142 tymczasowy&#8221; (2014).<\/p>\n\n\n\n<h3 class=\"wp-block-heading\">&#8222;Irit Amiel &#8211; Dziewczynka z Cz\u0119stochowy&#8221;<\/h3>\n\n\n\n<p>Utwory Irit Amiel drukowano m.in. w paryskiej Kulturze i Zeszytach Literackich. Dwukrotnie nominowana do nagrody Nike. W 2014 r. otrzyma\u0142a Honorow\u0105 Nagrod\u0119 Miasta Cz\u0119stochowy w dziedzinie kultury. W tym samym roku po raz ostatni odwiedzi\u0142a Cz\u0119stochow\u0119. W\u00f3wczas (w ramach cyklu &#8222;Aleje, tu si\u0119 dzieje&#8221;) zorganizowano spotkanie z poetk\u0105, a jej wizyt\u0119 udokumentowa\u0142 film &#8222;To jednak ja zwyci\u0119\u017cy\u0142am &#8211; Irit Amiel&#8221; (za scenariusz odpowiada\u0142a Magdalena Fijo\u0142ek, a za zdj\u0119cia i monta\u017c Robert Nawrot i Micha\u0142 Adamus).<\/p>\n\n\n\n<p>Pami\u0119\u0107 o jej dokonaniach piel\u0119gnowa\u0142 r\u00f3wnie\u017c Teatr im. Mickiewicza. W 2018 r., korzystaj\u0105c z go\u015bciny nieistniej\u0105cego ju\u017c klubu TfP, zorganizowa\u0142 &#8222;Salon poezji: Irit Amiel &#8211; Dziewczynka z Cz\u0119stochowy&#8221;. Z kolei w listopadzie 2020 r. swoj\u0105 premier\u0119 mia\u0142 wirtualny salon, kt\u00f3ry teatr przygotowa\u0142 wraz z Filia nr 9 Biblioteki Publicznej im. Biega\u0144skiego. Scenariuszem i re\u017cyseri\u0105 &#8222;Mapy dzieci\u0144stwa&#8221; zaj\u0119\u0142y si\u0119 Ewa Ole\u015b &#8211; sekretarz literacki teatru oraz Ilona Kowalska &#8211; kierowniczka Filii nr 9. Za zdj\u0119cia, d\u017awi\u0119k, o\u015bwietlenie, monta\u017c odpowiada\u0142 za\u015b Jacek \u015aliwczy\u0144ski. Salon ca\u0142y czas dost\u0119pny jest na YouTubie, mo\u017cna obejrze\u0107 go tak\u017ce poni\u017cej.<\/p>\n\n\n\n<figure class=\"wp-block-embed is-type-video is-provider-youtube wp-block-embed-youtube wp-embed-aspect-16-9 wp-has-aspect-ratio\"><div class=\"wp-block-embed__wrapper\">\n<div class=\"fitvids-video\"><iframe title=\"Mapa dzieci\u0144stwa - Filmowy Salon Poezji z tw\u00f3rczo\u015bci\u0105 Irit Amiel\" width=\"715\" height=\"402\" data-src=\"https:\/\/www.youtube.com\/embed\/V8l-uZSenBA?feature=oembed\" frameborder=\"0\" allow=\"accelerometer; autoplay; clipboard-write; encrypted-media; gyroscope; picture-in-picture; web-share\" allowfullscreen src=\"data:image\/svg+xml;base64,PHN2ZyB3aWR0aD0iMSIgaGVpZ2h0PSIxIiB4bWxucz0iaHR0cDovL3d3dy53My5vcmcvMjAwMC9zdmciPjwvc3ZnPg==\" class=\"lazyload\" data-load-mode=\"1\"><\/iframe><\/div>\n<\/div><\/figure>\n\n\n\n<h3 class=\"wp-block-heading\">&#8222;Wspominamy Irit Amiel&#8221;<\/h3>\n\n\n\n<p>Spotkanie upami\u0119tniaj\u0105ce wybitn\u0105 poetk\u0119 odb\u0119dzie si\u0119 w pi\u0105tek 30 kwietnia na platformie zoom. Zatytu\u0142owano je &#8222;Wspominamy Irit Amiel&#8221;. Organizatorem jest Instytut Polski w Tel Awiwie. Wezm\u0105 w nim udzia\u0142 przyjaciele autorki zar\u00f3wno z Polski jak i Izraela. Wydarzenie rozpocznie si\u0119 o godz. 10.  Mo\u017cna w nim uczestniczy\u0107 poprzez <a rel=\"noreferrer noopener\" href=\"https:\/\/zoom.us\/j\/97134723188?pwd=Zm0yb2wwVDNoVUNJWmduTmt4WWJIUT09&amp;fbclid=IwAR1bnxBAhfsm-exnGPVF8NvXBsUSEM4w0wQZthEwkYlYOLCHPHOBjzR1bsU\" target=\"_blank\">https:\/\/zoom.us\/j\/97134723188&#8230;<\/a> (Meeting ID: 971 3472 3188, Passcode: 224026).<\/p>\n\n\n\n<p><strong>Zuzanna Suliga<\/strong><br><\/p>\n","protected":false},"excerpt":{"rendered":"<p>16 lutego po\u017cegnali\u015bmy wybitn\u0105 poetk\u0119 Irit Amiel. Spotkanie ku jej pami\u0119ci odb\u0119dzie si\u0119 30 kwietnia na platformie zoom. Przypomnijmy, w nocy 16 lutego zmar\u0142a<\/p>\n","protected":false},"author":18,"featured_media":0,"comment_status":"open","ping_status":"open","sticky":false,"template":"","format":"standard","meta":{"_monsterinsights_skip_tracking":false,"_monsterinsights_sitenote_active":false,"_monsterinsights_sitenote_note":"","_monsterinsights_sitenote_category":0,"_uf_show_specific_survey":0,"_uf_disable_surveys":false,"footnotes":""},"categories":[94,3,12,2,13],"tags":[1845,1846,1844],"class_list":["post-39901","post","type-post","status-publish","format-standard","hentry","category-polecane","category-czestochowa-informacje","category-kultura-i-rozrywka","category-wiadomosci","category-wydarzenia","tag-irit-amiel","tag-wspomnienie","tag-zoom"],"_links":{"self":[{"href":"https:\/\/gazetaregionalna.com\/index.php?rest_route=\/wp\/v2\/posts\/39901","targetHints":{"allow":["GET"]}}],"collection":[{"href":"https:\/\/gazetaregionalna.com\/index.php?rest_route=\/wp\/v2\/posts"}],"about":[{"href":"https:\/\/gazetaregionalna.com\/index.php?rest_route=\/wp\/v2\/types\/post"}],"author":[{"embeddable":true,"href":"https:\/\/gazetaregionalna.com\/index.php?rest_route=\/wp\/v2\/users\/18"}],"replies":[{"embeddable":true,"href":"https:\/\/gazetaregionalna.com\/index.php?rest_route=%2Fwp%2Fv2%2Fcomments&post=39901"}],"version-history":[{"count":8,"href":"https:\/\/gazetaregionalna.com\/index.php?rest_route=\/wp\/v2\/posts\/39901\/revisions"}],"predecessor-version":[{"id":39911,"href":"https:\/\/gazetaregionalna.com\/index.php?rest_route=\/wp\/v2\/posts\/39901\/revisions\/39911"}],"wp:attachment":[{"href":"https:\/\/gazetaregionalna.com\/index.php?rest_route=%2Fwp%2Fv2%2Fmedia&parent=39901"}],"wp:term":[{"taxonomy":"category","embeddable":true,"href":"https:\/\/gazetaregionalna.com\/index.php?rest_route=%2Fwp%2Fv2%2Fcategories&post=39901"},{"taxonomy":"post_tag","embeddable":true,"href":"https:\/\/gazetaregionalna.com\/index.php?rest_route=%2Fwp%2Fv2%2Ftags&post=39901"}],"curies":[{"name":"wp","href":"https:\/\/api.w.org\/{rel}","templated":true}]}}