{"id":39844,"date":"2021-04-29T08:17:06","date_gmt":"2021-04-29T08:17:06","guid":{"rendered":"https:\/\/gazetaregionalna.com\/?p=39844"},"modified":"2021-04-29T08:17:08","modified_gmt":"2021-04-29T08:17:08","slug":"szczepienia-masowe","status":"publish","type":"post","link":"https:\/\/gazetaregionalna.com\/?p=39844","title":{"rendered":"W Powiecie K\u0142obuckim ruszy\u0142y szczepienia masowe"},"content":{"rendered":"\n<h2 class=\"wp-block-heading\">W K\u0142obucku i Krzepicach zosta\u0142y przygotowane punkty szczepie\u0144 masowych, kt\u00f3re ju\u017c przyjmuj\u0105 interesant\u00f3w.<\/h2>\n\n\n\n<figure class=\"wp-block-image size-large\"><img decoding=\"async\" width=\"1024\" height=\"768\" data-src=\"https:\/\/gazetaregionalna.com\/wp-content\/uploads\/2021\/04\/szczepienia-masowe-2-1024x768.jpg\" alt=\"szczepienia masowe 2\" class=\"wp-image-39847 lazyload\" data-srcset=\"https:\/\/gazetaregionalna.com\/wp-content\/uploads\/2021\/04\/szczepienia-masowe-2-1024x768.jpg 1024w, https:\/\/gazetaregionalna.com\/wp-content\/uploads\/2021\/04\/szczepienia-masowe-2-300x225.jpg 300w, https:\/\/gazetaregionalna.com\/wp-content\/uploads\/2021\/04\/szczepienia-masowe-2-768x576.jpg 768w, https:\/\/gazetaregionalna.com\/wp-content\/uploads\/2021\/04\/szczepienia-masowe-2-696x522.jpg 696w, https:\/\/gazetaregionalna.com\/wp-content\/uploads\/2021\/04\/szczepienia-masowe-2-1068x801.jpg 1068w, https:\/\/gazetaregionalna.com\/wp-content\/uploads\/2021\/04\/szczepienia-masowe-2-560x420.jpg 560w, https:\/\/gazetaregionalna.com\/wp-content\/uploads\/2021\/04\/szczepienia-masowe-2-80x60.jpg 80w, https:\/\/gazetaregionalna.com\/wp-content\/uploads\/2021\/04\/szczepienia-masowe-2-265x198.jpg 265w, https:\/\/gazetaregionalna.com\/wp-content\/uploads\/2021\/04\/szczepienia-masowe-2.jpg 1200w\" data-sizes=\"(max-width: 1024px) 100vw, 1024px\" src=\"data:image\/svg+xml;base64,PHN2ZyB3aWR0aD0iMSIgaGVpZ2h0PSIxIiB4bWxucz0iaHR0cDovL3d3dy53My5vcmcvMjAwMC9zdmciPjwvc3ZnPg==\" style=\"--smush-placeholder-width: 1024px; --smush-placeholder-aspect-ratio: 1024\/768;\" \/><figcaption>Fot. Powiat K\u0142obucki <\/figcaption><\/figure>\n\n\n\n<p>W K\u0142obucku i Krzepicach zosta\u0142y przygotowane przez k\u0142obuckie Starostwo i Zesp\u00f3\u0142 Opieki Zdrowotnej punkt szczepie\u0144 masowych, kt\u00f3re zaopiniowa\u0142 pozytywnie Narodowy Fundusz Zdrowia w Katowicach.<\/p>\n\n\n\n<p>Od wtorku szczepienia masowe s\u0105 realizowane w budynku Szpitala w K\u0142obucku, a od dzisiaj 29 kwietnia tak\u017ce w Punkcie Szczepie\u0144 Powszechnych w budynku OSP Krzepice.<\/p>\n\n\n\n<p>&#8211; <em>\u201eJeste\u015bmy przygotowani organizacyjnie do szczepie\u0144 masowych, ciesz\u0119 si\u0119, \u017ce w Powiecie K\u0142obuckim ruszyli\u015bmy tak szybko\u201d<\/em> \u2013 m\u00f3wi Starosta Henryk Kiepura.<\/p>\n\n\n\n<p>&#8211; <em>\u201eLiczymy na regularne dostawy szczepionek, bo to pozwoli na sprawne przeprowadzenie\u00a0 sczepie\u0144 zdecydowanych na to mieszka\u0144c\u00f3w\u201d <\/em>\u2013 dodaje Starosta.<\/p>\n\n\n\n<figure class=\"wp-block-gallery columns-2 is-cropped wp-block-gallery-1 is-layout-flex wp-block-gallery-is-layout-flex\"><ul class=\"blocks-gallery-grid\"><li class=\"blocks-gallery-item\"><figure><a href=\"https:\/\/gazetaregionalna.com\/wp-content\/uploads\/2021\/04\/szczepienia-masowe-3.jpg\"><img decoding=\"async\" width=\"1024\" height=\"768\" data-src=\"https:\/\/gazetaregionalna.com\/wp-content\/uploads\/2021\/04\/szczepienia-masowe-3-1024x768.jpg\" alt=\"szczepienia masowe 3\" data-id=\"39848\" data-full-url=\"https:\/\/gazetaregionalna.com\/wp-content\/uploads\/2021\/04\/szczepienia-masowe-3.jpg\" data-link=\"https:\/\/gazetaregionalna.com\/?attachment_id=39848\" class=\"wp-image-39848 lazyload\" data-srcset=\"https:\/\/gazetaregionalna.com\/wp-content\/uploads\/2021\/04\/szczepienia-masowe-3-1024x768.jpg 1024w, https:\/\/gazetaregionalna.com\/wp-content\/uploads\/2021\/04\/szczepienia-masowe-3-300x225.jpg 300w, https:\/\/gazetaregionalna.com\/wp-content\/uploads\/2021\/04\/szczepienia-masowe-3-768x576.jpg 768w, https:\/\/gazetaregionalna.com\/wp-content\/uploads\/2021\/04\/szczepienia-masowe-3-696x522.jpg 696w, https:\/\/gazetaregionalna.com\/wp-content\/uploads\/2021\/04\/szczepienia-masowe-3-1068x801.jpg 1068w, https:\/\/gazetaregionalna.com\/wp-content\/uploads\/2021\/04\/szczepienia-masowe-3-560x420.jpg 560w, https:\/\/gazetaregionalna.com\/wp-content\/uploads\/2021\/04\/szczepienia-masowe-3-80x60.jpg 80w, https:\/\/gazetaregionalna.com\/wp-content\/uploads\/2021\/04\/szczepienia-masowe-3-265x198.jpg 265w, https:\/\/gazetaregionalna.com\/wp-content\/uploads\/2021\/04\/szczepienia-masowe-3.jpg 1200w\" data-sizes=\"(max-width: 1024px) 100vw, 1024px\" src=\"data:image\/svg+xml;base64,PHN2ZyB3aWR0aD0iMSIgaGVpZ2h0PSIxIiB4bWxucz0iaHR0cDovL3d3dy53My5vcmcvMjAwMC9zdmciPjwvc3ZnPg==\" style=\"--smush-placeholder-width: 1024px; --smush-placeholder-aspect-ratio: 1024\/768;\" \/><\/a><\/figure><\/li><li class=\"blocks-gallery-item\"><figure><a href=\"https:\/\/gazetaregionalna.com\/wp-content\/uploads\/2021\/04\/szczepienia-masowe-1.jpg\"><img decoding=\"async\" width=\"1024\" height=\"768\" data-src=\"https:\/\/gazetaregionalna.com\/wp-content\/uploads\/2021\/04\/szczepienia-masowe-1-1024x768.jpg\" alt=\"szczepienia masowe 1\" data-id=\"39846\" data-full-url=\"https:\/\/gazetaregionalna.com\/wp-content\/uploads\/2021\/04\/szczepienia-masowe-1.jpg\" data-link=\"https:\/\/gazetaregionalna.com\/?attachment_id=39846\" class=\"wp-image-39846 lazyload\" data-srcset=\"https:\/\/gazetaregionalna.com\/wp-content\/uploads\/2021\/04\/szczepienia-masowe-1-1024x768.jpg 1024w, https:\/\/gazetaregionalna.com\/wp-content\/uploads\/2021\/04\/szczepienia-masowe-1-300x225.jpg 300w, https:\/\/gazetaregionalna.com\/wp-content\/uploads\/2021\/04\/szczepienia-masowe-1-768x576.jpg 768w, https:\/\/gazetaregionalna.com\/wp-content\/uploads\/2021\/04\/szczepienia-masowe-1-696x522.jpg 696w, https:\/\/gazetaregionalna.com\/wp-content\/uploads\/2021\/04\/szczepienia-masowe-1-1068x801.jpg 1068w, https:\/\/gazetaregionalna.com\/wp-content\/uploads\/2021\/04\/szczepienia-masowe-1-560x420.jpg 560w, https:\/\/gazetaregionalna.com\/wp-content\/uploads\/2021\/04\/szczepienia-masowe-1-80x60.jpg 80w, https:\/\/gazetaregionalna.com\/wp-content\/uploads\/2021\/04\/szczepienia-masowe-1-265x198.jpg 265w, https:\/\/gazetaregionalna.com\/wp-content\/uploads\/2021\/04\/szczepienia-masowe-1.jpg 1200w\" data-sizes=\"(max-width: 1024px) 100vw, 1024px\" src=\"data:image\/svg+xml;base64,PHN2ZyB3aWR0aD0iMSIgaGVpZ2h0PSIxIiB4bWxucz0iaHR0cDovL3d3dy53My5vcmcvMjAwMC9zdmciPjwvc3ZnPg==\" style=\"--smush-placeholder-width: 1024px; --smush-placeholder-aspect-ratio: 1024\/768;\" \/><\/a><\/figure><\/li><\/ul><figcaption class=\"blocks-gallery-caption\">Fot. Powiat K\u0142obucki<\/figcaption><\/figure>\n","protected":false},"excerpt":{"rendered":"<p>W K\u0142obucku i Krzepicach zosta\u0142y przygotowane punkty szczepie\u0144 masowych, kt\u00f3re ju\u017c przyjmuj\u0105 interesant\u00f3w. W K\u0142obucku i Krzepicach zosta\u0142y przygotowane przez k\u0142obuckie Starostwo i Zesp\u00f3\u0142<\/p>\n","protected":false},"author":12,"featured_media":39845,"comment_status":"open","ping_status":"open","sticky":false,"template":"","format":"standard","meta":{"_monsterinsights_skip_tracking":false,"_monsterinsights_sitenote_active":false,"_monsterinsights_sitenote_note":"","_monsterinsights_sitenote_category":0,"_uf_show_specific_survey":0,"_uf_disable_surveys":false,"footnotes":""},"categories":[94,27,2,37],"tags":[1839],"class_list":["post-39844","post","type-post","status-publish","format-standard","has-post-thumbnail","hentry","category-polecane","category-klobuck-informacje","category-wiadomosci","category-zdrowie","tag-szczepienia-masowe"],"_links":{"self":[{"href":"https:\/\/gazetaregionalna.com\/index.php?rest_route=\/wp\/v2\/posts\/39844","targetHints":{"allow":["GET"]}}],"collection":[{"href":"https:\/\/gazetaregionalna.com\/index.php?rest_route=\/wp\/v2\/posts"}],"about":[{"href":"https:\/\/gazetaregionalna.com\/index.php?rest_route=\/wp\/v2\/types\/post"}],"author":[{"embeddable":true,"href":"https:\/\/gazetaregionalna.com\/index.php?rest_route=\/wp\/v2\/users\/12"}],"replies":[{"embeddable":true,"href":"https:\/\/gazetaregionalna.com\/index.php?rest_route=%2Fwp%2Fv2%2Fcomments&post=39844"}],"version-history":[{"count":1,"href":"https:\/\/gazetaregionalna.com\/index.php?rest_route=\/wp\/v2\/posts\/39844\/revisions"}],"predecessor-version":[{"id":39849,"href":"https:\/\/gazetaregionalna.com\/index.php?rest_route=\/wp\/v2\/posts\/39844\/revisions\/39849"}],"wp:featuredmedia":[{"embeddable":true,"href":"https:\/\/gazetaregionalna.com\/index.php?rest_route=\/wp\/v2\/media\/39845"}],"wp:attachment":[{"href":"https:\/\/gazetaregionalna.com\/index.php?rest_route=%2Fwp%2Fv2%2Fmedia&parent=39844"}],"wp:term":[{"taxonomy":"category","embeddable":true,"href":"https:\/\/gazetaregionalna.com\/index.php?rest_route=%2Fwp%2Fv2%2Fcategories&post=39844"},{"taxonomy":"post_tag","embeddable":true,"href":"https:\/\/gazetaregionalna.com\/index.php?rest_route=%2Fwp%2Fv2%2Ftags&post=39844"}],"curies":[{"name":"wp","href":"https:\/\/api.w.org\/{rel}","templated":true}]}}