{"id":39822,"date":"2021-04-28T14:54:20","date_gmt":"2021-04-28T14:54:20","guid":{"rendered":"https:\/\/gazetaregionalna.com\/?p=39822"},"modified":"2021-04-28T14:55:57","modified_gmt":"2021-04-28T14:55:57","slug":"skra-zremisowala-z-rezerwami-lecha-poznan","status":"publish","type":"post","link":"https:\/\/gazetaregionalna.com\/?p=39822","title":{"rendered":"Skra zremisowa\u0142a z rezerwami Lecha Pozna\u0144"},"content":{"rendered":"\n<p>29 mecz w 2 lidze rozegrali w \u015brod\u0119 pi\u0142karze Skry. Cz\u0119stochowianie podzielili si\u0119 punktami z Lechem II Pozna\u0144.<\/p>\n\n\n\n<p>Przed meczem z Lechem II Pozna\u0144 pi\u0142karze Skry byli po czterech pora\u017ckach z rz\u0119du. Rezerwy Lecha z kolei znajduj\u0105 si\u0119 z strefie spadkowej i walcz\u0105 o utrzymanie. Dlatego pi\u0142karze Skry i Lecha II mieli jeden i ten sam cel: zwyci\u0119stwo. Cz\u0119stochowianie chcieli si\u0119 prze\u0142ama\u0107 i zdoby\u0107 kolejne punkty.<\/p>\n\n\n\n<p>Pierwsza po\u0142owa by\u0142a niez\u0142a w wykonaniu pi\u0142karzy, kt\u00f3rzy stworzyli kilka okazji do zdobycia bramki. Brak\u0142o jednak precyzji. W drugiej cz\u0119\u015bci meczu te\u017c nikt nie zdoby\u0142 gola, co sprawi\u0142o, \u017ce dru\u017cyny podzieli\u0142y si\u0119 punktami.<\/p>\n\n\n\n<p>Skra po 29 spotkaniach ma na koncie 46 punkt\u00f3w i zajmuje 5. miejsce w tabeli 2 ligi.<\/p>\n\n\n\n<p><strong>Skra Cz\u0119stochowa \u2013 Lech II Pozna\u0144 0:0<\/strong><\/p>\n\n\n\n<p>Foto: Gazeta Regionalna\/MK<\/p>\n","protected":false},"excerpt":{"rendered":"<p>29 mecz w 2 lidze rozegrali w \u015brod\u0119 pi\u0142karze Skry. Cz\u0119stochowianie podzielili si\u0119 punktami z Lechem II Pozna\u0144. Przed meczem z Lechem II Pozna\u0144<\/p>\n","protected":false},"author":15,"featured_media":19669,"comment_status":"open","ping_status":"open","sticky":false,"template":"","format":"standard","meta":{"_monsterinsights_skip_tracking":false,"_monsterinsights_sitenote_active":false,"_monsterinsights_sitenote_note":"","_monsterinsights_sitenote_category":0,"_uf_show_specific_survey":0,"_uf_disable_surveys":false,"footnotes":""},"categories":[5,6],"tags":[],"class_list":["post-39822","post","type-post","status-publish","format-standard","has-post-thumbnail","hentry","category-sport","category-pilka-nozna"],"_links":{"self":[{"href":"https:\/\/gazetaregionalna.com\/index.php?rest_route=\/wp\/v2\/posts\/39822","targetHints":{"allow":["GET"]}}],"collection":[{"href":"https:\/\/gazetaregionalna.com\/index.php?rest_route=\/wp\/v2\/posts"}],"about":[{"href":"https:\/\/gazetaregionalna.com\/index.php?rest_route=\/wp\/v2\/types\/post"}],"author":[{"embeddable":true,"href":"https:\/\/gazetaregionalna.com\/index.php?rest_route=\/wp\/v2\/users\/15"}],"replies":[{"embeddable":true,"href":"https:\/\/gazetaregionalna.com\/index.php?rest_route=%2Fwp%2Fv2%2Fcomments&post=39822"}],"version-history":[{"count":2,"href":"https:\/\/gazetaregionalna.com\/index.php?rest_route=\/wp\/v2\/posts\/39822\/revisions"}],"predecessor-version":[{"id":39824,"href":"https:\/\/gazetaregionalna.com\/index.php?rest_route=\/wp\/v2\/posts\/39822\/revisions\/39824"}],"wp:featuredmedia":[{"embeddable":true,"href":"https:\/\/gazetaregionalna.com\/index.php?rest_route=\/wp\/v2\/media\/19669"}],"wp:attachment":[{"href":"https:\/\/gazetaregionalna.com\/index.php?rest_route=%2Fwp%2Fv2%2Fmedia&parent=39822"}],"wp:term":[{"taxonomy":"category","embeddable":true,"href":"https:\/\/gazetaregionalna.com\/index.php?rest_route=%2Fwp%2Fv2%2Fcategories&post=39822"},{"taxonomy":"post_tag","embeddable":true,"href":"https:\/\/gazetaregionalna.com\/index.php?rest_route=%2Fwp%2Fv2%2Ftags&post=39822"}],"curies":[{"name":"wp","href":"https:\/\/api.w.org\/{rel}","templated":true}]}}