{"id":39812,"date":"2021-04-28T14:33:26","date_gmt":"2021-04-28T14:33:26","guid":{"rendered":"https:\/\/gazetaregionalna.com\/?p=39812"},"modified":"2021-04-28T14:51:40","modified_gmt":"2021-04-28T14:51:40","slug":"zamiast-dawnego-tesco-przy-drogowcow-w-czestochowie-powstanie-carrefour","status":"publish","type":"post","link":"https:\/\/gazetaregionalna.com\/?p=39812","title":{"rendered":"Zamiast dawnego Tesco przy Drogowc\u00f3w w Cz\u0119stochowie powstanie Carrefour"},"content":{"rendered":"\n<h2 class=\"wp-block-heading\"><a rel=\"noreferrer noopener\" href=\"https:\/\/www.linkedin.com\/shareArticle?mini=true&amp;url=https:\/\/www.dlahandlu.pl\/detal-hurt\/wiadomosci\/dwa-sklepy-tesco-zmienia-sie-w-carrefour,97888.html\" target=\"_blank\"><\/a>Na przej\u0119cie dawnego Tesco przez sie\u0107 Carrefour zgodzi\u0142 si\u0119 Urz\u0105d Ochrony Konkurencji i Konsument\u00f3w. Zgoda dotyczy\u0142a poza Cz\u0119stochow\u0105 tak\u017ce hipermarketu w Ostrowcu \u015awi\u0119tokrzyskim.<\/h2>\n\n\n\n<figure class=\"wp-block-gallery columns-2 is-cropped wp-block-gallery-1 is-layout-flex wp-block-gallery-is-layout-flex\"><ul class=\"blocks-gallery-grid\"><li class=\"blocks-gallery-item\"><figure><a href=\"https:\/\/gazetaregionalna.com\/wp-content\/uploads\/2020\/11\/te7.jpg\"><img decoding=\"async\" width=\"1024\" height=\"768\" data-src=\"https:\/\/gazetaregionalna.com\/wp-content\/uploads\/2020\/11\/te7-1024x768.jpg\" alt=\"\" data-id=\"27281\" data-full-url=\"https:\/\/gazetaregionalna.com\/wp-content\/uploads\/2020\/11\/te7.jpg\" data-link=\"https:\/\/gazetaregionalna.com\/nieruchomosc-po-dawnym-czestochowskim-tesco-przy-dk-1-czeka-na-zmiany\/te7\/\" class=\"wp-image-27281 lazyload\" data-srcset=\"https:\/\/gazetaregionalna.com\/wp-content\/uploads\/2020\/11\/te7-1024x768.jpg 1024w, https:\/\/gazetaregionalna.com\/wp-content\/uploads\/2020\/11\/te7-300x225.jpg 300w, https:\/\/gazetaregionalna.com\/wp-content\/uploads\/2020\/11\/te7-768x576.jpg 768w, https:\/\/gazetaregionalna.com\/wp-content\/uploads\/2020\/11\/te7-1536x1152.jpg 1536w, https:\/\/gazetaregionalna.com\/wp-content\/uploads\/2020\/11\/te7-80x60.jpg 80w, https:\/\/gazetaregionalna.com\/wp-content\/uploads\/2020\/11\/te7-265x198.jpg 265w, https:\/\/gazetaregionalna.com\/wp-content\/uploads\/2020\/11\/te7-696x522.jpg 696w, https:\/\/gazetaregionalna.com\/wp-content\/uploads\/2020\/11\/te7-1068x801.jpg 1068w, https:\/\/gazetaregionalna.com\/wp-content\/uploads\/2020\/11\/te7-560x420.jpg 560w, https:\/\/gazetaregionalna.com\/wp-content\/uploads\/2020\/11\/te7.jpg 1200w\" data-sizes=\"(max-width: 1024px) 100vw, 1024px\" src=\"data:image\/svg+xml;base64,PHN2ZyB3aWR0aD0iMSIgaGVpZ2h0PSIxIiB4bWxucz0iaHR0cDovL3d3dy53My5vcmcvMjAwMC9zdmciPjwvc3ZnPg==\" style=\"--smush-placeholder-width: 1024px; --smush-placeholder-aspect-ratio: 1024\/768;\" \/><\/a><\/figure><\/li><li class=\"blocks-gallery-item\"><figure><a href=\"https:\/\/gazetaregionalna.com\/wp-content\/uploads\/2020\/11\/te6.jpg\"><img decoding=\"async\" width=\"1024\" height=\"768\" data-src=\"https:\/\/gazetaregionalna.com\/wp-content\/uploads\/2020\/11\/te6-1024x768.jpg\" alt=\"\" data-id=\"27280\" data-full-url=\"https:\/\/gazetaregionalna.com\/wp-content\/uploads\/2020\/11\/te6.jpg\" data-link=\"https:\/\/gazetaregionalna.com\/nieruchomosc-po-dawnym-czestochowskim-tesco-przy-dk-1-czeka-na-zmiany\/te6\/\" class=\"wp-image-27280 lazyload\" data-srcset=\"https:\/\/gazetaregionalna.com\/wp-content\/uploads\/2020\/11\/te6-1024x768.jpg 1024w, https:\/\/gazetaregionalna.com\/wp-content\/uploads\/2020\/11\/te6-300x225.jpg 300w, https:\/\/gazetaregionalna.com\/wp-content\/uploads\/2020\/11\/te6-768x576.jpg 768w, https:\/\/gazetaregionalna.com\/wp-content\/uploads\/2020\/11\/te6-1536x1152.jpg 1536w, https:\/\/gazetaregionalna.com\/wp-content\/uploads\/2020\/11\/te6-80x60.jpg 80w, https:\/\/gazetaregionalna.com\/wp-content\/uploads\/2020\/11\/te6-265x198.jpg 265w, https:\/\/gazetaregionalna.com\/wp-content\/uploads\/2020\/11\/te6-696x522.jpg 696w, https:\/\/gazetaregionalna.com\/wp-content\/uploads\/2020\/11\/te6-1068x801.jpg 1068w, https:\/\/gazetaregionalna.com\/wp-content\/uploads\/2020\/11\/te6-560x420.jpg 560w, https:\/\/gazetaregionalna.com\/wp-content\/uploads\/2020\/11\/te6.jpg 1200w\" data-sizes=\"(max-width: 1024px) 100vw, 1024px\" src=\"data:image\/svg+xml;base64,PHN2ZyB3aWR0aD0iMSIgaGVpZ2h0PSIxIiB4bWxucz0iaHR0cDovL3d3dy53My5vcmcvMjAwMC9zdmciPjwvc3ZnPg==\" style=\"--smush-placeholder-width: 1024px; --smush-placeholder-aspect-ratio: 1024\/768;\" \/><\/a><\/figure><\/li><li class=\"blocks-gallery-item\"><figure><a href=\"https:\/\/gazetaregionalna.com\/wp-content\/uploads\/2020\/11\/te4.jpg\"><img decoding=\"async\" width=\"1024\" height=\"768\" data-src=\"https:\/\/gazetaregionalna.com\/wp-content\/uploads\/2020\/11\/te4-1024x768.jpg\" alt=\"\" data-id=\"27278\" data-full-url=\"https:\/\/gazetaregionalna.com\/wp-content\/uploads\/2020\/11\/te4.jpg\" data-link=\"https:\/\/gazetaregionalna.com\/nieruchomosc-po-dawnym-czestochowskim-tesco-przy-dk-1-czeka-na-zmiany\/te4\/\" class=\"wp-image-27278 lazyload\" data-srcset=\"https:\/\/gazetaregionalna.com\/wp-content\/uploads\/2020\/11\/te4-1024x768.jpg 1024w, https:\/\/gazetaregionalna.com\/wp-content\/uploads\/2020\/11\/te4-300x225.jpg 300w, https:\/\/gazetaregionalna.com\/wp-content\/uploads\/2020\/11\/te4-768x576.jpg 768w, https:\/\/gazetaregionalna.com\/wp-content\/uploads\/2020\/11\/te4-1536x1152.jpg 1536w, https:\/\/gazetaregionalna.com\/wp-content\/uploads\/2020\/11\/te4-80x60.jpg 80w, https:\/\/gazetaregionalna.com\/wp-content\/uploads\/2020\/11\/te4-265x198.jpg 265w, https:\/\/gazetaregionalna.com\/wp-content\/uploads\/2020\/11\/te4-696x522.jpg 696w, https:\/\/gazetaregionalna.com\/wp-content\/uploads\/2020\/11\/te4-1068x801.jpg 1068w, https:\/\/gazetaregionalna.com\/wp-content\/uploads\/2020\/11\/te4-560x420.jpg 560w, https:\/\/gazetaregionalna.com\/wp-content\/uploads\/2020\/11\/te4.jpg 1200w\" data-sizes=\"(max-width: 1024px) 100vw, 1024px\" src=\"data:image\/svg+xml;base64,PHN2ZyB3aWR0aD0iMSIgaGVpZ2h0PSIxIiB4bWxucz0iaHR0cDovL3d3dy53My5vcmcvMjAwMC9zdmciPjwvc3ZnPg==\" style=\"--smush-placeholder-width: 1024px; --smush-placeholder-aspect-ratio: 1024\/768;\" \/><\/a><\/figure><\/li><li class=\"blocks-gallery-item\"><figure><a href=\"https:\/\/gazetaregionalna.com\/wp-content\/uploads\/2020\/11\/te3.jpg\"><img decoding=\"async\" width=\"1024\" height=\"768\" data-src=\"https:\/\/gazetaregionalna.com\/wp-content\/uploads\/2020\/11\/te3-1024x768.jpg\" alt=\"\" data-id=\"27277\" data-full-url=\"https:\/\/gazetaregionalna.com\/wp-content\/uploads\/2020\/11\/te3.jpg\" data-link=\"https:\/\/gazetaregionalna.com\/nieruchomosc-po-dawnym-czestochowskim-tesco-przy-dk-1-czeka-na-zmiany\/te3\/\" class=\"wp-image-27277 lazyload\" data-srcset=\"https:\/\/gazetaregionalna.com\/wp-content\/uploads\/2020\/11\/te3-1024x768.jpg 1024w, https:\/\/gazetaregionalna.com\/wp-content\/uploads\/2020\/11\/te3-300x225.jpg 300w, https:\/\/gazetaregionalna.com\/wp-content\/uploads\/2020\/11\/te3-768x576.jpg 768w, https:\/\/gazetaregionalna.com\/wp-content\/uploads\/2020\/11\/te3-1536x1152.jpg 1536w, https:\/\/gazetaregionalna.com\/wp-content\/uploads\/2020\/11\/te3-80x60.jpg 80w, https:\/\/gazetaregionalna.com\/wp-content\/uploads\/2020\/11\/te3-265x198.jpg 265w, https:\/\/gazetaregionalna.com\/wp-content\/uploads\/2020\/11\/te3-696x522.jpg 696w, https:\/\/gazetaregionalna.com\/wp-content\/uploads\/2020\/11\/te3-1068x801.jpg 1068w, https:\/\/gazetaregionalna.com\/wp-content\/uploads\/2020\/11\/te3-560x420.jpg 560w, https:\/\/gazetaregionalna.com\/wp-content\/uploads\/2020\/11\/te3.jpg 1200w\" data-sizes=\"(max-width: 1024px) 100vw, 1024px\" src=\"data:image\/svg+xml;base64,PHN2ZyB3aWR0aD0iMSIgaGVpZ2h0PSIxIiB4bWxucz0iaHR0cDovL3d3dy53My5vcmcvMjAwMC9zdmciPjwvc3ZnPg==\" style=\"--smush-placeholder-width: 1024px; --smush-placeholder-aspect-ratio: 1024\/768;\" \/><\/a><\/figure><\/li><\/ul><\/figure>\n\n\n\n<p>Jak poda\u0142 portal dlahandlu.pl, w po\u0142owie kwietnia UOKiK wyda\u0142 dwie decyzje w sprawie sp\u00f3\u0142ek Carrefour Polska oraz Galeria Ostrowiec i DOR Plaza. Urz\u0105d zgodzi\u0142 si\u0119 na przej\u0119cie dw\u00f3ch hipermarket\u00f3w Tesco zlokalizowanych w Cz\u0119stochowie oraz Ostrowcu \u015awi\u0119tokrzyskim. W Cz\u0119stochowie Carrefour przejmie dawne Tesco zlokalizowane w Pasa\u017cu przy ul. Drogowc\u00f3w 43.<\/p>\n\n\n\n<p>Decyzje dotycz\u0105ce dawnego Tesco w Cz\u0119stochowie, to konsekwencja wyj\u015bcia Tesco z Polski i sprzeda\u017cy jego 301 sklep\u00f3w w\u0142a\u015bcicielowi sieci Netto. Cz\u0119\u015b\u0107 dawnych market\u00f3w Tesco jest przekszta\u0142cana w dyskonty pod szyldem Netto. Jak poda\u0142 businessinsider.com.pl\/, <em>\u201ew ci\u0105gu 18 miesi\u0119cy sklepy Tesco maj\u0105 zmieni\u0107 szyld na Netto. \u201d<\/em><\/p>\n\n\n\n<p>Grupa Carrefour prowadzi dzia\u0142alno\u015b\u0107 g\u0142\u00f3wnie w sektorze handlu detalicznego poprzez sieci sklep\u00f3w Carrefour, Carrefour Market, Carrefour Express i Globi. Obecnie w Polsce firma posiada 947 sklep\u00f3w.<\/p>\n\n\n\n<p>(fot. IBS)<\/p>\n","protected":false},"excerpt":{"rendered":"<p>Na przej\u0119cie dawnego Tesco przez sie\u0107 Carrefour zgodzi\u0142 si\u0119 Urz\u0105d Ochrony Konkurencji i Konsument\u00f3w. Zgoda dotyczy\u0142a poza Cz\u0119stochow\u0105 tak\u017ce hipermarketu w Ostrowcu \u015awi\u0119tokrzyskim. Jak<\/p>\n","protected":false},"author":7,"featured_media":39815,"comment_status":"open","ping_status":"open","sticky":false,"template":"","format":"standard","meta":{"_monsterinsights_skip_tracking":false,"_monsterinsights_sitenote_active":false,"_monsterinsights_sitenote_note":"","_monsterinsights_sitenote_category":0,"_uf_show_specific_survey":0,"_uf_disable_surveys":false,"footnotes":""},"categories":[94,3,2],"tags":[],"class_list":["post-39812","post","type-post","status-publish","format-standard","has-post-thumbnail","hentry","category-polecane","category-czestochowa-informacje","category-wiadomosci"],"_links":{"self":[{"href":"https:\/\/gazetaregionalna.com\/index.php?rest_route=\/wp\/v2\/posts\/39812","targetHints":{"allow":["GET"]}}],"collection":[{"href":"https:\/\/gazetaregionalna.com\/index.php?rest_route=\/wp\/v2\/posts"}],"about":[{"href":"https:\/\/gazetaregionalna.com\/index.php?rest_route=\/wp\/v2\/types\/post"}],"author":[{"embeddable":true,"href":"https:\/\/gazetaregionalna.com\/index.php?rest_route=\/wp\/v2\/users\/7"}],"replies":[{"embeddable":true,"href":"https:\/\/gazetaregionalna.com\/index.php?rest_route=%2Fwp%2Fv2%2Fcomments&post=39812"}],"version-history":[{"count":5,"href":"https:\/\/gazetaregionalna.com\/index.php?rest_route=\/wp\/v2\/posts\/39812\/revisions"}],"predecessor-version":[{"id":39820,"href":"https:\/\/gazetaregionalna.com\/index.php?rest_route=\/wp\/v2\/posts\/39812\/revisions\/39820"}],"wp:featuredmedia":[{"embeddable":true,"href":"https:\/\/gazetaregionalna.com\/index.php?rest_route=\/wp\/v2\/media\/39815"}],"wp:attachment":[{"href":"https:\/\/gazetaregionalna.com\/index.php?rest_route=%2Fwp%2Fv2%2Fmedia&parent=39812"}],"wp:term":[{"taxonomy":"category","embeddable":true,"href":"https:\/\/gazetaregionalna.com\/index.php?rest_route=%2Fwp%2Fv2%2Fcategories&post=39812"},{"taxonomy":"post_tag","embeddable":true,"href":"https:\/\/gazetaregionalna.com\/index.php?rest_route=%2Fwp%2Fv2%2Ftags&post=39812"}],"curies":[{"name":"wp","href":"https:\/\/api.w.org\/{rel}","templated":true}]}}