{"id":39809,"date":"2021-04-28T13:48:19","date_gmt":"2021-04-28T13:48:19","guid":{"rendered":"https:\/\/gazetaregionalna.com\/?p=39809"},"modified":"2021-04-28T13:48:20","modified_gmt":"2021-04-28T13:48:20","slug":"od-15-maja-maja-zostac-otwarte-stadiony-dla-kibicow-w-25-procentach","status":"publish","type":"post","link":"https:\/\/gazetaregionalna.com\/?p=39809","title":{"rendered":"Od 15 maja maj\u0105 zosta\u0107 otwarte stadiony dla kibic\u00f3w w 25 procentach"},"content":{"rendered":"\n<p>Podczas rz\u0105dowej konferencji prasowej og\u0142oszono w \u015brod\u0119, \u017ce kibice wr\u00f3c\u0105 na stadiony od 15 maja.<\/p>\n\n\n\n<p>W \u015brod\u0119 na specjalnie zorganizowanej konferencji prasowej przedstawiciele rz\u0105du og\u0142osili \u0142agodzenie obostrze\u0144 zwi\u0105zanych z konronawirusem. Jedn\u0105 z decyzji b\u0119dzie otwarcie stadion\u00f3w sportowych dla publiczno\u015bci. Dotychczas mecze odbywa\u0142y si\u0119 bez udzia\u0142u kibic\u00f3w. Od 15 maja b\u0119dzie mo\u017cna wpu\u015bci\u0107 maksymalnie 25 procent publiczno\u015bci.<\/p>\n\n\n\n<p>Na decyzji nie skorzystaj\u0105 jednak kibice Rakowa. Cz\u0119stochowska dru\u017cyna ostatni mecz historycznego sezonu ma rozegra\u0107 jako gospodarz 10 maja czyli pi\u0119\u0107 dni przed luzowaniem obostrze\u0144 dla kibic\u00f3w. Ostatni mecz sezonu Rak\u00f3w rozegra 16 maja w Szczecinie z Pogoni\u0105 i nieliczni fani, kt\u00f3rzy b\u0119d\u0105 mie\u0107 bilety, zobacz\u0105 to spotkanie.<\/p>\n\n\n\n<p>\u017bu\u017clowcy Eltrox W\u0142\u00f3kniarza 16 maja maj\u0105 zaplanowany mecz w Toruniu z Apatorem. Kolejne spotkanie Eltrox W\u0142\u00f3kniarz pojedzie w Cz\u0119stochowie 28 maja i na ten mecz b\u0119dzie mo\u017cna wpu\u015bci\u0107 maksymalnie 25 procent kibic\u00f3w czyli w przypadku cz\u0119stochowskiego stadionu ok. 4000 os\u00f3b.<\/p>\n\n\n\n<p>Co ciekawe, na termin 15 maja zareagowa\u0142a \u017cu\u017clowa Ekstraliga. Mecze z 14 maja zosta\u0142y dzisiaj odwo\u0142ane i przeniesione na 15 maja, tak, aby mogli ju\u017c wej\u015b\u0107 kibice&#8230; Za ten ruch nale\u017c\u0105 si\u0119 du\u017ce brawa. <\/p>\n\n\n\n<p>Otwarcie stadion\u00f3w dla publiczno\u015bci maksymalnie do 25 procent liczby miejsc dotyczy tylko obiekt\u00f3w na \u015bwie\u017cym powietrzu.<\/p>\n\n\n\n<p>Foto: Gazeta Regionalna\/AK<\/p>\n","protected":false},"excerpt":{"rendered":"<p>Podczas rz\u0105dowej konferencji prasowej og\u0142oszono w \u015brod\u0119, \u017ce kibice wr\u00f3c\u0105 na stadiony od 15 maja. W \u015brod\u0119 na specjalnie zorganizowanej konferencji prasowej przedstawiciele rz\u0105du<\/p>\n","protected":false},"author":15,"featured_media":16090,"comment_status":"open","ping_status":"open","sticky":false,"template":"","format":"standard","meta":{"_monsterinsights_skip_tracking":false,"_monsterinsights_sitenote_active":false,"_monsterinsights_sitenote_note":"","_monsterinsights_sitenote_category":0,"_uf_show_specific_survey":0,"_uf_disable_surveys":false,"footnotes":""},"categories":[5,6,7],"tags":[],"class_list":["post-39809","post","type-post","status-publish","format-standard","has-post-thumbnail","hentry","category-sport","category-pilka-nozna","category-zuzel"],"_links":{"self":[{"href":"https:\/\/gazetaregionalna.com\/index.php?rest_route=\/wp\/v2\/posts\/39809","targetHints":{"allow":["GET"]}}],"collection":[{"href":"https:\/\/gazetaregionalna.com\/index.php?rest_route=\/wp\/v2\/posts"}],"about":[{"href":"https:\/\/gazetaregionalna.com\/index.php?rest_route=\/wp\/v2\/types\/post"}],"author":[{"embeddable":true,"href":"https:\/\/gazetaregionalna.com\/index.php?rest_route=\/wp\/v2\/users\/15"}],"replies":[{"embeddable":true,"href":"https:\/\/gazetaregionalna.com\/index.php?rest_route=%2Fwp%2Fv2%2Fcomments&post=39809"}],"version-history":[{"count":1,"href":"https:\/\/gazetaregionalna.com\/index.php?rest_route=\/wp\/v2\/posts\/39809\/revisions"}],"predecessor-version":[{"id":39810,"href":"https:\/\/gazetaregionalna.com\/index.php?rest_route=\/wp\/v2\/posts\/39809\/revisions\/39810"}],"wp:featuredmedia":[{"embeddable":true,"href":"https:\/\/gazetaregionalna.com\/index.php?rest_route=\/wp\/v2\/media\/16090"}],"wp:attachment":[{"href":"https:\/\/gazetaregionalna.com\/index.php?rest_route=%2Fwp%2Fv2%2Fmedia&parent=39809"}],"wp:term":[{"taxonomy":"category","embeddable":true,"href":"https:\/\/gazetaregionalna.com\/index.php?rest_route=%2Fwp%2Fv2%2Fcategories&post=39809"},{"taxonomy":"post_tag","embeddable":true,"href":"https:\/\/gazetaregionalna.com\/index.php?rest_route=%2Fwp%2Fv2%2Ftags&post=39809"}],"curies":[{"name":"wp","href":"https:\/\/api.w.org\/{rel}","templated":true}]}}