{"id":39803,"date":"2021-04-28T12:06:19","date_gmt":"2021-04-28T12:06:19","guid":{"rendered":"https:\/\/gazetaregionalna.com\/?p=39803"},"modified":"2021-04-28T12:06:21","modified_gmt":"2021-04-28T12:06:21","slug":"biegambolubie","status":"publish","type":"post","link":"https:\/\/gazetaregionalna.com\/?p=39803","title":{"rendered":"Radomsko po raz kolejny zaprasza do akcji \u201eBiegamBoLubi\u0119 Lasy Radomsko\u201d"},"content":{"rendered":"\n<h2 class=\"wp-block-heading\">Radomsko po raz kolejny zaprasza do akcji \u201eBiegamBoLubi\u0119 Lasy Radomsko\u201d wszystkich pocz\u0105tkuj\u0105cych biegaczy.<\/h2>\n\n\n\n<figure class=\"wp-block-image size-large\"><img decoding=\"async\" width=\"1024\" height=\"730\" data-src=\"https:\/\/gazetaregionalna.com\/wp-content\/uploads\/2021\/04\/logo-1024x730.jpg\" alt=\"logo\" class=\"wp-image-39805 lazyload\" data-srcset=\"https:\/\/gazetaregionalna.com\/wp-content\/uploads\/2021\/04\/logo-1024x730.jpg 1024w, https:\/\/gazetaregionalna.com\/wp-content\/uploads\/2021\/04\/logo-300x214.jpg 300w, https:\/\/gazetaregionalna.com\/wp-content\/uploads\/2021\/04\/logo-768x547.jpg 768w, https:\/\/gazetaregionalna.com\/wp-content\/uploads\/2021\/04\/logo-1536x1095.jpg 1536w, https:\/\/gazetaregionalna.com\/wp-content\/uploads\/2021\/04\/logo-696x496.jpg 696w, https:\/\/gazetaregionalna.com\/wp-content\/uploads\/2021\/04\/logo-1068x761.jpg 1068w, https:\/\/gazetaregionalna.com\/wp-content\/uploads\/2021\/04\/logo-1920x1368.jpg 1920w, https:\/\/gazetaregionalna.com\/wp-content\/uploads\/2021\/04\/logo-589x420.jpg 589w, https:\/\/gazetaregionalna.com\/wp-content\/uploads\/2021\/04\/logo-100x70.jpg 100w, https:\/\/gazetaregionalna.com\/wp-content\/uploads\/2021\/04\/logo.jpg 1200w\" data-sizes=\"(max-width: 1024px) 100vw, 1024px\" src=\"data:image\/svg+xml;base64,PHN2ZyB3aWR0aD0iMSIgaGVpZ2h0PSIxIiB4bWxucz0iaHR0cDovL3d3dy53My5vcmcvMjAwMC9zdmciPjwvc3ZnPg==\" style=\"--smush-placeholder-width: 1024px; --smush-placeholder-aspect-ratio: 1024\/730;\" \/><figcaption>Fot. Powiat Radomszcza\u0144ski<\/figcaption><\/figure>\n\n\n\n<p><strong><a href=\"https:\/\/biegambolubie-lasy.pl\" class=\"rank-math-link\" target=\"_blank\" rel=\"noopener\">\u201eBiegamBoLubi\u0119 Lasy\u201d<\/a><\/strong> jest to akcja organizowana przez Fundacj\u0119 Wychowanie przez Sport. Zaj\u0119cia \u2013 treningi prowadzone s\u0105 przez wykwalifikowanych trener\u00f3w lekkiej atletyki. Sama marka BiegamBoLubi\u0119 jest jedn\u0105 z najbardziej znanych i popularnych marek biegowych w Polsce.<\/p>\n\n\n\n<p>W kolejnej edycji, tym razem wiosenno-letniej, na amator\u00f3w biegania czeka do wyboru 20 lokalizacji le\u015bnych znajduj\u0105cych si\u0119 w ca\u0142ej Polsce. Spotkania, podczas kt\u00f3rych biegacze b\u0119d\u0105 trenowa\u0107 pod okiem specjalist\u00f3w, potrwaj\u0105 do ko\u0144ca czerwca.<\/p>\n\n\n\n<p>W godzinnych treningach mog\u0105 wzi\u0105\u0107 udzia\u0142 zar\u00f3wno biegacze zaawansowani, jak i ci, kt\u00f3rzy dopiero zaczynaj\u0105 swoj\u0105 przygod\u0119 z tym rodzajem sportu.<\/p>\n\n\n\n<p>R\u00f3wnie\u017c Radomsko ju\u017c po raz kolejny jako jedyne miasto w &nbsp;wojew\u00f3dztwie \u0142\u00f3dzkim poprowadzi spotkania dla pocz\u0105tkuj\u0105cych biegaczy pod nazw\u0105 \u201eBiegamBoLubi\u0119 Lasy Radomsko\u201d. Treningi b\u0119d\u0105 si\u0119 odbywa\u0107 pod czujnym okiem trenera Sebastiana Pierzchalskiego i Roberta Milera z Kolarsko-Biegowego Klubu Sportowego Radomsko.<\/p>\n\n\n\n<p>Spotkania <strong>\u201eBiegamBoLubi\u0119 Lasy Radomsko\u201d<\/strong> rozpoczn\u0105 si\u0119 <strong>od 8 maja 2021<\/strong> roku i b\u0119d\u0105 trwa\u0107 do ko\u0144ca czerwca <strong>w ka\u017cd\u0105 sobot\u0119 o godzinie 9:00 przy szlabanie na Suchej Wsi<\/strong>.<\/p>\n\n\n\n<figure class=\"wp-block-image size-large\"><img decoding=\"async\" width=\"960\" height=\"540\" data-src=\"https:\/\/gazetaregionalna.com\/wp-content\/uploads\/2021\/04\/BiegamBoLubie-Lasy.jpg\" alt=\"BiegamBoLubi\u0119 lasy\" class=\"wp-image-39804 lazyload\" data-srcset=\"https:\/\/gazetaregionalna.com\/wp-content\/uploads\/2021\/04\/BiegamBoLubie-Lasy.jpg 960w, https:\/\/gazetaregionalna.com\/wp-content\/uploads\/2021\/04\/BiegamBoLubie-Lasy-300x169.jpg 300w, https:\/\/gazetaregionalna.com\/wp-content\/uploads\/2021\/04\/BiegamBoLubie-Lasy-768x432.jpg 768w, https:\/\/gazetaregionalna.com\/wp-content\/uploads\/2021\/04\/BiegamBoLubie-Lasy-696x392.jpg 696w, https:\/\/gazetaregionalna.com\/wp-content\/uploads\/2021\/04\/BiegamBoLubie-Lasy-747x420.jpg 747w\" data-sizes=\"(max-width: 960px) 100vw, 960px\" src=\"data:image\/svg+xml;base64,PHN2ZyB3aWR0aD0iMSIgaGVpZ2h0PSIxIiB4bWxucz0iaHR0cDovL3d3dy53My5vcmcvMjAwMC9zdmciPjwvc3ZnPg==\" style=\"--smush-placeholder-width: 960px; --smush-placeholder-aspect-ratio: 960\/540;\" \/><figcaption>Fot: Powiat Radomszcza\u0144ski (zdj\u0119cie z poprzedniej edycji BBL Lasy Radomsko)<\/figcaption><\/figure>\n","protected":false},"excerpt":{"rendered":"<p>Radomsko po raz kolejny zaprasza do akcji \u201eBiegamBoLubi\u0119 Lasy Radomsko\u201d wszystkich pocz\u0105tkuj\u0105cych biegaczy. \u201eBiegamBoLubi\u0119 Lasy\u201d jest to akcja organizowana przez Fundacj\u0119 Wychowanie przez Sport.<\/p>\n","protected":false},"author":12,"featured_media":39806,"comment_status":"open","ping_status":"open","sticky":false,"template":"","format":"standard","meta":{"_monsterinsights_skip_tracking":false,"_monsterinsights_sitenote_active":false,"_monsterinsights_sitenote_note":"","_monsterinsights_sitenote_category":0,"_uf_show_specific_survey":0,"_uf_disable_surveys":false,"footnotes":""},"categories":[94,28,5],"tags":[1838],"class_list":["post-39803","post","type-post","status-publish","format-standard","has-post-thumbnail","hentry","category-polecane","category-radomsko","category-sport","tag-biegambolubie-lasy"],"_links":{"self":[{"href":"https:\/\/gazetaregionalna.com\/index.php?rest_route=\/wp\/v2\/posts\/39803","targetHints":{"allow":["GET"]}}],"collection":[{"href":"https:\/\/gazetaregionalna.com\/index.php?rest_route=\/wp\/v2\/posts"}],"about":[{"href":"https:\/\/gazetaregionalna.com\/index.php?rest_route=\/wp\/v2\/types\/post"}],"author":[{"embeddable":true,"href":"https:\/\/gazetaregionalna.com\/index.php?rest_route=\/wp\/v2\/users\/12"}],"replies":[{"embeddable":true,"href":"https:\/\/gazetaregionalna.com\/index.php?rest_route=%2Fwp%2Fv2%2Fcomments&post=39803"}],"version-history":[{"count":1,"href":"https:\/\/gazetaregionalna.com\/index.php?rest_route=\/wp\/v2\/posts\/39803\/revisions"}],"predecessor-version":[{"id":39807,"href":"https:\/\/gazetaregionalna.com\/index.php?rest_route=\/wp\/v2\/posts\/39803\/revisions\/39807"}],"wp:featuredmedia":[{"embeddable":true,"href":"https:\/\/gazetaregionalna.com\/index.php?rest_route=\/wp\/v2\/media\/39806"}],"wp:attachment":[{"href":"https:\/\/gazetaregionalna.com\/index.php?rest_route=%2Fwp%2Fv2%2Fmedia&parent=39803"}],"wp:term":[{"taxonomy":"category","embeddable":true,"href":"https:\/\/gazetaregionalna.com\/index.php?rest_route=%2Fwp%2Fv2%2Fcategories&post=39803"},{"taxonomy":"post_tag","embeddable":true,"href":"https:\/\/gazetaregionalna.com\/index.php?rest_route=%2Fwp%2Fv2%2Ftags&post=39803"}],"curies":[{"name":"wp","href":"https:\/\/api.w.org\/{rel}","templated":true}]}}