{"id":3926,"date":"2019-06-24T09:49:54","date_gmt":"2019-06-24T09:49:54","guid":{"rendered":"https:\/\/gazetaregionalna.com\/?p=3926"},"modified":"2019-06-24T09:49:55","modified_gmt":"2019-06-24T09:49:55","slug":"lubliniec-od-1-lipca-zmiany-w-odbiorze-smieci","status":"publish","type":"post","link":"https:\/\/gazetaregionalna.com\/?p=3926","title":{"rendered":"Lubliniec. Od 1 lipca zmiany w odbiorze \u015bmieci"},"content":{"rendered":"\n<p><strong>Do ko\u0144ca czerwca obowi\u0105zuje dotychczasowa umowa na wyw\u00f3z odpad\u00f3w komunalnych pomi\u0119dzy Urz\u0119dem Miasta a Miejskim Przedsi\u0119biorstwem Oczyszczania sp. z o.o. z Jaworzna. Od 1 lipca za wyw\u00f3z \u015bmieci odpowiedzialna b\u0119dzie\u00a0PZOM STRACH Sp\u00f3\u0142ka z o.o. Sp\u00f3\u0142ka Komandytowa z Konopisk. W zwi\u0105zku z now\u0105 umow\u0105 nast\u0105pi\u0142y zmiany w odbiorze \u015bmieci.<\/strong><\/p>\n\n\n\n<p>Od 1 lipca mieszka\u0144cy Lubli\u0144ca musz\u0105 liczy\u0107 si\u0119 ze zmianami w odbiorze \u015bmieci. Harmonogram wywozu \u015bmieci zmieszanych i \u017c\u00f3\u0142tych work\u00f3w\/koszy (plastik, metal) pozostaje bez zmian tj. co dwa tygodnie.<\/p>\n\n\n\n<p>Je\u015bli chodzi o odbi\u00f3r niebieskich (papier) i zielonych (szk\u0142o) work\u00f3w\/koszy to ich odbi\u00f3r zostanie ograniczony do jednego w miesi\u0105cu. Firma b\u0119dzie odbiera\u0142a te frakcje w pierwszym wywozie w miesi\u0105cu kalendarzowym. Nie ma limitu oddawania work\u00f3w, jednak\u017ce mieszka\u0144cy b\u0119d\u0105 zmuszeni magazynowa\u0107 \u015bmieci u siebie przez miesi\u0105c, a nie przez dwa tygodnie jak to by\u0142o dotychczas.<\/p>\n\n\n\n<p>Kolejna zmiana to odpady&nbsp;biodegradowalne (worek\/kosz br\u0105zowy). Tutaj firma odbierze tylko jednej worek\/kosz na wyw\u00f3z, czyli zosta\u0142a ograniczona liczba przyj\u0119tych \u015bmieci do dw\u00f3ch w miesi\u0105cu. Nadmiar odpad\u00f3w biodegradowalnych b\u0119dzie mo\u017cna odda\u0107 do PSZOK bezp\u0142atnie, jednak\u017ce transport we w\u0142asnym zakresie.<\/p>\n\n\n\n<p>Mieszka\u0144cy ju\u017c otrzymuj\u0105 w skrzynkach pocztowych informacje o nowym sposobie odbioru odpad\u00f3w komunalnych z posesji. Szczeg\u00f3\u0142owy harmonogram pojawi si\u0119 r\u00f3wnie\u017c u nas w zak\u0142adce informatora dla mieszka\u0144ca Lubli\u0144ca.<\/p>\n\n\n\n<p>(red.)<\/p>\n","protected":false},"excerpt":{"rendered":"<p>Do ko\u0144ca czerwca obowi\u0105zuje dotychczasowa umowa na wyw\u00f3z odpad\u00f3w komunalnych pomi\u0119dzy Urz\u0119dem Miasta a Miejskim Przedsi\u0119biorstwem Oczyszczania sp. z o.o. z Jaworzna. Od 1<\/p>\n","protected":false},"author":3,"featured_media":3929,"comment_status":"open","ping_status":"open","sticky":false,"template":"","format":"standard","meta":{"_monsterinsights_skip_tracking":false,"_monsterinsights_sitenote_active":false,"_monsterinsights_sitenote_note":"","_monsterinsights_sitenote_category":0,"_uf_show_specific_survey":0,"_uf_disable_surveys":false,"footnotes":""},"categories":[43,42,25,2],"tags":[],"class_list":["post-3926","post","type-post","status-publish","format-standard","has-post-thumbnail","hentry","category-biznes","category-finanse","category-lubliniec","category-wiadomosci"],"_links":{"self":[{"href":"https:\/\/gazetaregionalna.com\/index.php?rest_route=\/wp\/v2\/posts\/3926","targetHints":{"allow":["GET"]}}],"collection":[{"href":"https:\/\/gazetaregionalna.com\/index.php?rest_route=\/wp\/v2\/posts"}],"about":[{"href":"https:\/\/gazetaregionalna.com\/index.php?rest_route=\/wp\/v2\/types\/post"}],"author":[{"embeddable":true,"href":"https:\/\/gazetaregionalna.com\/index.php?rest_route=\/wp\/v2\/users\/3"}],"replies":[{"embeddable":true,"href":"https:\/\/gazetaregionalna.com\/index.php?rest_route=%2Fwp%2Fv2%2Fcomments&post=3926"}],"version-history":[{"count":1,"href":"https:\/\/gazetaregionalna.com\/index.php?rest_route=\/wp\/v2\/posts\/3926\/revisions"}],"predecessor-version":[{"id":3930,"href":"https:\/\/gazetaregionalna.com\/index.php?rest_route=\/wp\/v2\/posts\/3926\/revisions\/3930"}],"wp:featuredmedia":[{"embeddable":true,"href":"https:\/\/gazetaregionalna.com\/index.php?rest_route=\/wp\/v2\/media\/3929"}],"wp:attachment":[{"href":"https:\/\/gazetaregionalna.com\/index.php?rest_route=%2Fwp%2Fv2%2Fmedia&parent=3926"}],"wp:term":[{"taxonomy":"category","embeddable":true,"href":"https:\/\/gazetaregionalna.com\/index.php?rest_route=%2Fwp%2Fv2%2Fcategories&post=3926"},{"taxonomy":"post_tag","embeddable":true,"href":"https:\/\/gazetaregionalna.com\/index.php?rest_route=%2Fwp%2Fv2%2Ftags&post=3926"}],"curies":[{"name":"wp","href":"https:\/\/api.w.org\/{rel}","templated":true}]}}