{"id":39237,"date":"2021-04-23T09:24:23","date_gmt":"2021-04-23T09:24:23","guid":{"rendered":"https:\/\/gazetaregionalna.com\/?p=39237"},"modified":"2021-04-23T09:45:00","modified_gmt":"2021-04-23T09:45:00","slug":"uwazaj-na-falszywych-kominiarzy-nie-dawaj-im-pieniedzy-odmowa-naprawde-nie-przyniesie-pecha","status":"publish","type":"post","link":"https:\/\/gazetaregionalna.com\/?p=39237","title":{"rendered":"Uwa\u017caj na fa\u0142szywych kominiarzy! Nie dawaj im pieni\u0119dzy. Odmowa naprawd\u0119 nie przyniesie pecha"},"content":{"rendered":"\n<h2 class=\"wp-block-heading\">Chocia\u017c od Nowego Roku min\u0119\u0142o ju\u017c niemal pi\u0119\u0107 miesi\u0119cy, a do kolejnego, 2022 mamy jeszcze sporo czasu, w niekt\u00f3rych mieszkaniach w Cz\u0119stochowie pojawiaj\u0105 si\u0119 w\u0142a\u015bnie fa\u0142szywi kominiarze z \u017cyczeniami. O takim przypadku, kt\u00f3ry mia\u0142 miejsce wczoraj w dzielnicy Parkitka poinformowa\u0142 nas jeden z naszych Czytelnik\u00f3w.<\/h2>\n\n\n\n<p>&#8211; <em>Dw\u00f3ch pan\u00f3w, w ubraniach przypominaj\u0105cych kominiarskie mundury przysz\u0142o do mnie z \u017cyczeniami od kominiarza<\/em> \u2013 opowiada Czytelnik. &#8211; <em>By\u0142em zaskoczony, bo to nie pora na \u017cadne \u017cyczenia. Wielkanoc za nami, a to Bo\u017cego Narodzenia, nie m\u00f3wi\u0105c o Nowym Roku daleko. Poza tym \u017caden z nich nie mia\u0142 maseczki, a przecie\u017c chodz\u0105 od domu do domu i mog\u0105 ludzi zara\u017ca\u0107.<\/em> <\/p>\n\n\n\n<p>W cz\u0119stochowskiej Sp\u00f3\u0142dzielni Pracy Kominiarzy dowiedzieli\u015bmy si\u0119, \u017ce zatrudnieni w niej prawdziwi kominiarze nie maj\u0105 z tym nic wsp\u00f3lnego. Wiedz\u0105 jednak, \u017ce wiele os\u00f3b podszywa si\u0119 pod nich, licz\u0105c na hojno\u015b\u0107 ludzi spowodowan\u0105&#8230;.zabobonem.<\/p>\n\n\n\n<p>&#8211; <em>Jest taki przes\u0105d, \u017ce, gdy si\u0119 nie pomo\u017ce i nie wesprze kominiarza, to cz\u0142owiek b\u0119dzie mie\u0107 pecha. Wiele os\u00f3b w to wierzy, tak jak w to, \u017ce warto si\u0119 z\u0142apa\u0107 za guzik widz\u0105 kominiarza, bo to przynosi szcz\u0119\u015bcie <\/em>\u2013 powiedziano nam w sp\u00f3\u0142dzielni. &#8211; <em>Ci oszu\u015bci w\u0142a\u015bnie na tym starym przes\u0105dzie \u017ceruj\u0105. Ludzie daj\u0105 pieni\u0105dze, aby nie kusi\u0107 losu. Teraz tym bardziej, bo czasy s\u0105 trudne, a ci m\u0119\u017cczy\u017ani wyst\u0119puj\u0105cy w imieniu kominiarzy lub wprost si\u0119 pod nich podszywaj\u0105cy o tym dobrze wiedz\u0105. <\/em><\/p>\n\n\n\n<p>Prawdziwi kominiarze od lat spotykaj\u0105 si\u0119 z tym zjawiskiem. Nagminnie po domach przed Wielkanoc\u0105, a zw\u0142aszcza na prze\u0142omie roku chodzi mn\u00f3stwo os\u00f3b, kt\u00f3re sk\u0142adaj\u0105 \u017cyczenia lub sprzedaj\u0105 kalendarze, rzekomo od kominiarza. Cz\u0142onkowie sp\u00f3\u0142dzielni mieli tak\u017ce sygna\u0142y o &#8222;kominiarzach&#8221; chodz\u0105cych z \u017cyczeniami w ci\u0105gu ca\u0142ego roku, nawet latem.<\/p>\n\n\n\n<p>&#8211; <em>Nasze uniformy nie s\u0105 \u017cadnymi zastrze\u017conymi wzorami mundur\u00f3w, jak na przyk\u0142ad mundury policyjne, dlatego \u0142atwo je kupi\u0107 <\/em>\u2013 informuje firma zrzeszaj\u0105ca kominiarzy. &#8211;<em>Warto<\/em> <em>wi\u0119c pami\u0119ta\u0107, \u017ce nie ka\u017cdy, kto wygl\u0105da jak kominiarz nim faktycznie jest. Prosimy uwa\u017ca\u0107 na oszust\u00f3w. My \u017cadnych akcji i zbi\u00f3rek po domach nie prowadzimy.<\/em><\/p>\n\n\n\n<p>(zdj\u0119cie ilustracyjne pixabay.com)<\/p>\n","protected":false},"excerpt":{"rendered":"<p>Chocia\u017c od Nowego Roku min\u0119\u0142o ju\u017c niemal pi\u0119\u0107 miesi\u0119cy, a do kolejnego, 2022 mamy jeszcze sporo czasu, w niekt\u00f3rych mieszkaniach w Cz\u0119stochowie pojawiaj\u0105 si\u0119<\/p>\n","protected":false},"author":7,"featured_media":39241,"comment_status":"open","ping_status":"open","sticky":false,"template":"","format":"standard","meta":{"_monsterinsights_skip_tracking":false,"_monsterinsights_sitenote_active":false,"_monsterinsights_sitenote_note":"","_monsterinsights_sitenote_category":0,"_uf_show_specific_survey":0,"_uf_disable_surveys":false,"footnotes":""},"categories":[94,3,2],"tags":[],"class_list":["post-39237","post","type-post","status-publish","format-standard","has-post-thumbnail","hentry","category-polecane","category-czestochowa-informacje","category-wiadomosci"],"_links":{"self":[{"href":"https:\/\/gazetaregionalna.com\/index.php?rest_route=\/wp\/v2\/posts\/39237","targetHints":{"allow":["GET"]}}],"collection":[{"href":"https:\/\/gazetaregionalna.com\/index.php?rest_route=\/wp\/v2\/posts"}],"about":[{"href":"https:\/\/gazetaregionalna.com\/index.php?rest_route=\/wp\/v2\/types\/post"}],"author":[{"embeddable":true,"href":"https:\/\/gazetaregionalna.com\/index.php?rest_route=\/wp\/v2\/users\/7"}],"replies":[{"embeddable":true,"href":"https:\/\/gazetaregionalna.com\/index.php?rest_route=%2Fwp%2Fv2%2Fcomments&post=39237"}],"version-history":[{"count":11,"href":"https:\/\/gazetaregionalna.com\/index.php?rest_route=\/wp\/v2\/posts\/39237\/revisions"}],"predecessor-version":[{"id":39251,"href":"https:\/\/gazetaregionalna.com\/index.php?rest_route=\/wp\/v2\/posts\/39237\/revisions\/39251"}],"wp:featuredmedia":[{"embeddable":true,"href":"https:\/\/gazetaregionalna.com\/index.php?rest_route=\/wp\/v2\/media\/39241"}],"wp:attachment":[{"href":"https:\/\/gazetaregionalna.com\/index.php?rest_route=%2Fwp%2Fv2%2Fmedia&parent=39237"}],"wp:term":[{"taxonomy":"category","embeddable":true,"href":"https:\/\/gazetaregionalna.com\/index.php?rest_route=%2Fwp%2Fv2%2Fcategories&post=39237"},{"taxonomy":"post_tag","embeddable":true,"href":"https:\/\/gazetaregionalna.com\/index.php?rest_route=%2Fwp%2Fv2%2Ftags&post=39237"}],"curies":[{"name":"wp","href":"https:\/\/api.w.org\/{rel}","templated":true}]}}