{"id":39231,"date":"2021-04-23T08:48:42","date_gmt":"2021-04-23T08:48:42","guid":{"rendered":"https:\/\/gazetaregionalna.com\/?p=39231"},"modified":"2021-04-23T08:48:43","modified_gmt":"2021-04-23T08:48:43","slug":"otwarcie-sezonu","status":"publish","type":"post","link":"https:\/\/gazetaregionalna.com\/?p=39231","title":{"rendered":"Maj\u00f3wkowe Otwarcie Sezonu Kajakowego w Mstowie"},"content":{"rendered":"\n<h2 class=\"wp-block-heading\"><strong>1 maja w Gminie Mst\u00f3w nast\u0105pi <\/strong><strong>Otwarcie Sezonu Kajakowego<\/strong><strong>.<\/strong><\/h2>\n\n\n\n<figure class=\"wp-block-image size-large\"><img decoding=\"async\" width=\"1024\" height=\"723\" data-src=\"https:\/\/gazetaregionalna.com\/wp-content\/uploads\/2021\/04\/kajaki2-1024x723.jpg\" alt=\"kajaki2\" class=\"wp-image-39233 lazyload\" data-srcset=\"https:\/\/gazetaregionalna.com\/wp-content\/uploads\/2021\/04\/kajaki2-1024x723.jpg 1024w, https:\/\/gazetaregionalna.com\/wp-content\/uploads\/2021\/04\/kajaki2-300x212.jpg 300w, https:\/\/gazetaregionalna.com\/wp-content\/uploads\/2021\/04\/kajaki2-768x543.jpg 768w, https:\/\/gazetaregionalna.com\/wp-content\/uploads\/2021\/04\/kajaki2-1536x1085.jpg 1536w, https:\/\/gazetaregionalna.com\/wp-content\/uploads\/2021\/04\/kajaki2-696x492.jpg 696w, https:\/\/gazetaregionalna.com\/wp-content\/uploads\/2021\/04\/kajaki2-1068x755.jpg 1068w, https:\/\/gazetaregionalna.com\/wp-content\/uploads\/2021\/04\/kajaki2-1920x1356.jpg 1920w, https:\/\/gazetaregionalna.com\/wp-content\/uploads\/2021\/04\/kajaki2-594x420.jpg 594w, https:\/\/gazetaregionalna.com\/wp-content\/uploads\/2021\/04\/kajaki2-100x70.jpg 100w, https:\/\/gazetaregionalna.com\/wp-content\/uploads\/2021\/04\/kajaki2.jpg 1200w\" data-sizes=\"(max-width: 1024px) 100vw, 1024px\" src=\"data:image\/svg+xml;base64,PHN2ZyB3aWR0aD0iMSIgaGVpZ2h0PSIxIiB4bWxucz0iaHR0cDovL3d3dy53My5vcmcvMjAwMC9zdmciPjwvc3ZnPg==\" style=\"--smush-placeholder-width: 1024px; --smush-placeholder-aspect-ratio: 1024\/723;\" \/><figcaption>Fot. UG w Mstowie<\/figcaption><\/figure>\n\n\n\n<p>Na dworze czu\u0107 ju\u017c wiosn\u0119, dlatego jak co roku mi\u0142o\u015bnicy sp\u0142yw\u00f3w kajakowych wraz z weekendem majowym rozpoczn\u0105 swoj\u0105 turystyczn\u0105 przygod\u0119 z tym rodzajem rekreacji na \u015bwie\u017cym powietrzu.<\/p>\n\n\n\n<p>Na t\u0119 przygod\u0119 Gmina Mst\u00f3w zaprasza na Mirowski Prze\u0142om Warty, kt\u00f3ry jest jednym z najpi\u0119kniejszych odcink\u00f3w rzeki Warty ze Ska\u0142\u0105 Mi\u0142o\u015bci na trasie. Utworzony prze\u0142om stanowi granic\u0119 mi\u0119dzy Wy\u017cyn\u0105 Cz\u0119stochowsk\u0105 a Wy\u017cyn\u0105 Wielu\u0144sk\u0105 i<strong> <\/strong>rozci\u0105ga si\u0119 on od\u00a0Mirowa\u00a0(dzielnica Cz\u0119stochowy) do\u00a0Skrzyd\u0142owa.<\/p>\n\n\n\n<p>Po d\u0142ugiej zimowej przerwie 1 maja 2021 roku ka\u017cdy mi\u0142o\u015bnik sp\u0142yw\u00f3w kajakowych b\u0119dzie m\u00f3g\u0142 na nowo rozpocz\u0105\u0107 swoj\u0105 rekreacyjn\u0105 przygod\u0119 dostosowan\u0105 do w\u0142asnych potrzeb i umiej\u0119tno\u015bci z zachowaniem obowi\u0105zuj\u0105cych przepis\u00f3w i obostrze\u0144.<\/p>\n\n\n\n<p>Dodatkowo w K\u0142obukowicach, r\u00f3wnie\u017c w maj\u00f3wk\u0119 zostanie otwarta przysta\u0144 kajakowa, gdzie b\u0119dzie mo\u017cna wypo\u017cyczy\u0107 sprz\u0119t wodny, a tak\u017ce zje\u015b\u0107 nad rzek\u0105 co\u015b smacznego.<\/p>\n\n\n\n<figure class=\"wp-block-image size-large\"><img decoding=\"async\" width=\"960\" height=\"942\" data-src=\"https:\/\/gazetaregionalna.com\/wp-content\/uploads\/2021\/04\/kajaki3.jpg\" alt=\"kajaki3\" class=\"wp-image-39234 lazyload\" data-srcset=\"https:\/\/gazetaregionalna.com\/wp-content\/uploads\/2021\/04\/kajaki3.jpg 960w, https:\/\/gazetaregionalna.com\/wp-content\/uploads\/2021\/04\/kajaki3-300x294.jpg 300w, https:\/\/gazetaregionalna.com\/wp-content\/uploads\/2021\/04\/kajaki3-768x754.jpg 768w, https:\/\/gazetaregionalna.com\/wp-content\/uploads\/2021\/04\/kajaki3-696x683.jpg 696w, https:\/\/gazetaregionalna.com\/wp-content\/uploads\/2021\/04\/kajaki3-428x420.jpg 428w\" data-sizes=\"(max-width: 960px) 100vw, 960px\" src=\"data:image\/svg+xml;base64,PHN2ZyB3aWR0aD0iMSIgaGVpZ2h0PSIxIiB4bWxucz0iaHR0cDovL3d3dy53My5vcmcvMjAwMC9zdmciPjwvc3ZnPg==\" style=\"--smush-placeholder-width: 960px; --smush-placeholder-aspect-ratio: 960\/942;\" \/><figcaption>Fot.UG w Mstowie<\/figcaption><\/figure>\n","protected":false},"excerpt":{"rendered":"<p>1 maja w Gminie Mst\u00f3w nast\u0105pi Otwarcie Sezonu Kajakowego. Na dworze czu\u0107 ju\u017c wiosn\u0119, dlatego jak co roku mi\u0142o\u015bnicy sp\u0142yw\u00f3w kajakowych wraz z weekendem<\/p>\n","protected":false},"author":12,"featured_media":39232,"comment_status":"open","ping_status":"open","sticky":false,"template":"","format":"standard","meta":{"_monsterinsights_skip_tracking":false,"_monsterinsights_sitenote_active":false,"_monsterinsights_sitenote_note":"","_monsterinsights_sitenote_category":0,"_uf_show_specific_survey":0,"_uf_disable_surveys":false,"footnotes":""},"categories":[13,94,4,2,30],"tags":[1745,1800],"class_list":["post-39231","post","type-post","status-publish","format-standard","has-post-thumbnail","hentry","category-wydarzenia","category-polecane","category-region","category-wiadomosci","category-wypoczynek","tag-gmina-mstow","tag-otwarcie-sezonu-kajakowego"],"_links":{"self":[{"href":"https:\/\/gazetaregionalna.com\/index.php?rest_route=\/wp\/v2\/posts\/39231","targetHints":{"allow":["GET"]}}],"collection":[{"href":"https:\/\/gazetaregionalna.com\/index.php?rest_route=\/wp\/v2\/posts"}],"about":[{"href":"https:\/\/gazetaregionalna.com\/index.php?rest_route=\/wp\/v2\/types\/post"}],"author":[{"embeddable":true,"href":"https:\/\/gazetaregionalna.com\/index.php?rest_route=\/wp\/v2\/users\/12"}],"replies":[{"embeddable":true,"href":"https:\/\/gazetaregionalna.com\/index.php?rest_route=%2Fwp%2Fv2%2Fcomments&post=39231"}],"version-history":[{"count":1,"href":"https:\/\/gazetaregionalna.com\/index.php?rest_route=\/wp\/v2\/posts\/39231\/revisions"}],"predecessor-version":[{"id":39235,"href":"https:\/\/gazetaregionalna.com\/index.php?rest_route=\/wp\/v2\/posts\/39231\/revisions\/39235"}],"wp:featuredmedia":[{"embeddable":true,"href":"https:\/\/gazetaregionalna.com\/index.php?rest_route=\/wp\/v2\/media\/39232"}],"wp:attachment":[{"href":"https:\/\/gazetaregionalna.com\/index.php?rest_route=%2Fwp%2Fv2%2Fmedia&parent=39231"}],"wp:term":[{"taxonomy":"category","embeddable":true,"href":"https:\/\/gazetaregionalna.com\/index.php?rest_route=%2Fwp%2Fv2%2Fcategories&post=39231"},{"taxonomy":"post_tag","embeddable":true,"href":"https:\/\/gazetaregionalna.com\/index.php?rest_route=%2Fwp%2Fv2%2Ftags&post=39231"}],"curies":[{"name":"wp","href":"https:\/\/api.w.org\/{rel}","templated":true}]}}