{"id":3883,"date":"2019-06-24T07:31:33","date_gmt":"2019-06-24T07:31:33","guid":{"rendered":"https:\/\/gazetaregionalna.com\/?p=3883"},"modified":"2019-06-24T08:39:02","modified_gmt":"2019-06-24T08:39:02","slug":"weekend-z-muzyka-choralna","status":"publish","type":"post","link":"https:\/\/gazetaregionalna.com\/?p=3883","title":{"rendered":"Weekend z muzyk\u0105 ch\u00f3raln\u0105"},"content":{"rendered":"\n<p>Ostatni weekend czerwca up\u0142ynie w Radomsku pod znakiem muzyki ch\u00f3ralnej. Towarzystwo \u015apiewacze im. S. Moniuszki organizuje mi\u0119dzy 29 a 30 czerwca XV Mi\u0119dzynarodowy Festiwal Ch\u00f3ralny Wsch\u00f3d \u2013 Zach\u00f3d \u2014 Zbli\u017cenia Radomsko 2019.<br> Podczas dw\u00f3ch dni festiwalu w sali widowiskowej Miejskiego Domu Kultury w Radomsku rozbrzmiewa\u0107 b\u0119dzie muzyka ch\u00f3ralna, a w tym roku tak\u017ce instrumentalna, od pie\u015bni cerkiewnych, dumek ukrai\u0144skich poprzez muzyk\u0119 polsk\u0105, po utwory wsp\u00f3\u0142czesnych kompozytor\u00f3w zachodnioeuropejskich.<\/p>\n\n\n\n<figure class=\"wp-block-image\"><img decoding=\"async\" data-src=\"https:\/\/gazetaregionalna.com\/wp-content\/uploads\/2019\/06\/chory-plakat-1024x722.jpg\" alt=\"\" class=\"wp-image-3884 lazyload\" src=\"data:image\/svg+xml;base64,PHN2ZyB3aWR0aD0iMSIgaGVpZ2h0PSIxIiB4bWxucz0iaHR0cDovL3d3dy53My5vcmcvMjAwMC9zdmciPjwvc3ZnPg==\" style=\"--smush-placeholder-width: 1024px; --smush-placeholder-aspect-ratio: 1024\/722;\"><\/figure>\n\n\n\n<p><br> W tegorocznej edycji festiwalu wezm\u0105 udzia\u0142:<br> Orkiestra Kameralna \u201ePolifonia\u201d Narodowego Uniwersytetu Politechnika Lwowska, dyrygent&nbsp;Roman&nbsp;Kreslenko<br> Galicki Ch\u00f3r Kameralny \u201eJewszan\u201d Regionalnego Lwowskiego Pa\u0144stwowego Centrum Sztuki Ludowej, Tw\u00f3rczo\u015bci Kulturalnej i O\u015bwiatowej&nbsp;we Lwowie<br> kierownik ch\u00f3ru:&nbsp;Ihor&nbsp;Dankovsky<br> dyrygent:&nbsp;Iryna&nbsp;Kyselczuk<br> Ch\u00f3r Mieszany Towarzystwa \u015apiewaczego&nbsp;&#8222;Lutnia&#8221;&nbsp;w Zgierzu<br> dyrygent: Mariusz Lewy<br> Ch\u00f3r Towarzystwa \u015apiewaczego im. S. Moniuszki z Radomska<br> dyrygent: Maciej&nbsp;Salski<br> Festiwal rozpocznie Koncert Inauguracyjny w sobot\u0119 29 czerwca o godz. 18.<br> Patronat honorowy obj\u0105\u0142 Prezydent Miasta Radomsko Jaros\u0142aw Ferenc. <\/p>\n","protected":false},"excerpt":{"rendered":"<p>Ostatni weekend czerwca up\u0142ynie w Radomsku pod znakiem muzyki ch\u00f3ralnej. Towarzystwo \u015apiewacze im. S. Moniuszki organizuje mi\u0119dzy 29 a 30 czerwca XV Mi\u0119dzynarodowy Festiwal<\/p>\n","protected":false},"author":3,"featured_media":0,"comment_status":"open","ping_status":"open","sticky":false,"template":"","format":"standard","meta":{"_monsterinsights_skip_tracking":false,"_monsterinsights_sitenote_active":false,"_monsterinsights_sitenote_note":"","_monsterinsights_sitenote_category":0,"_uf_show_specific_survey":0,"_uf_disable_surveys":false,"footnotes":""},"categories":[12,28,2,13],"tags":[],"class_list":["post-3883","post","type-post","status-publish","format-standard","hentry","category-kultura-i-rozrywka","category-radomsko","category-wiadomosci","category-wydarzenia"],"_links":{"self":[{"href":"https:\/\/gazetaregionalna.com\/index.php?rest_route=\/wp\/v2\/posts\/3883","targetHints":{"allow":["GET"]}}],"collection":[{"href":"https:\/\/gazetaregionalna.com\/index.php?rest_route=\/wp\/v2\/posts"}],"about":[{"href":"https:\/\/gazetaregionalna.com\/index.php?rest_route=\/wp\/v2\/types\/post"}],"author":[{"embeddable":true,"href":"https:\/\/gazetaregionalna.com\/index.php?rest_route=\/wp\/v2\/users\/3"}],"replies":[{"embeddable":true,"href":"https:\/\/gazetaregionalna.com\/index.php?rest_route=%2Fwp%2Fv2%2Fcomments&post=3883"}],"version-history":[{"count":5,"href":"https:\/\/gazetaregionalna.com\/index.php?rest_route=\/wp\/v2\/posts\/3883\/revisions"}],"predecessor-version":[{"id":3915,"href":"https:\/\/gazetaregionalna.com\/index.php?rest_route=\/wp\/v2\/posts\/3883\/revisions\/3915"}],"wp:attachment":[{"href":"https:\/\/gazetaregionalna.com\/index.php?rest_route=%2Fwp%2Fv2%2Fmedia&parent=3883"}],"wp:term":[{"taxonomy":"category","embeddable":true,"href":"https:\/\/gazetaregionalna.com\/index.php?rest_route=%2Fwp%2Fv2%2Fcategories&post=3883"},{"taxonomy":"post_tag","embeddable":true,"href":"https:\/\/gazetaregionalna.com\/index.php?rest_route=%2Fwp%2Fv2%2Ftags&post=3883"}],"curies":[{"name":"wp","href":"https:\/\/api.w.org\/{rel}","templated":true}]}}