{"id":38825,"date":"2021-04-19T17:42:12","date_gmt":"2021-04-19T17:42:12","guid":{"rendered":"https:\/\/gazetaregionalna.com\/?p=38825"},"modified":"2021-04-19T17:42:12","modified_gmt":"2021-04-19T17:42:12","slug":"juniorzy-bocar-wlokniarz-czestochowa-zaczynaja-walke-w-dmpj","status":"publish","type":"post","link":"https:\/\/gazetaregionalna.com\/?p=38825","title":{"rendered":"Juniorzy Bocar W\u0142\u00f3kniarz Cz\u0119stochowa zaczynaj\u0105 walk\u0119 w DMPJ"},"content":{"rendered":"\n<p>We wtorek we Wroc\u0142awiu planowana jest pierwsza tegoroczna runda Dru\u017cynowych Mistrzostw Polski Junior\u00f3w. Cz\u0119stochowianie b\u0119d\u0105 broni\u0107 srebrnych medali wywalczonych w 2020 roku.<\/p>\n\n\n\n<p>Bocar W\u0142\u00f3kniarz znalaz\u0142 si\u0119 w grupie C. Rywalami cz\u0119stochowskich junior\u00f3w b\u0119d\u0105 ich r\u00f3wie\u015bnicy z Wroc\u0142awia, Rybnika i Opola.<\/p>\n\n\n\n<p>Pierwsza runda zaplanowana jest na 20 kwietnia we Wroc\u0142awiu. Kolejne czw\u00f3rmecze zaplanowano w Rybniku, Opolu i na koniec w Cz\u0119stochowie (18-19 maja).<\/p>\n\n\n\n<p>Foto: Gazeta Regionalna\/AK<\/p>\n","protected":false},"excerpt":{"rendered":"<p>We wtorek we Wroc\u0142awiu planowana jest pierwsza tegoroczna runda Dru\u017cynowych Mistrzostw Polski Junior\u00f3w. Cz\u0119stochowianie b\u0119d\u0105 broni\u0107 srebrnych medali wywalczonych w 2020 roku. Bocar W\u0142\u00f3kniarz<\/p>\n","protected":false},"author":15,"featured_media":18668,"comment_status":"open","ping_status":"open","sticky":false,"template":"","format":"standard","meta":{"_monsterinsights_skip_tracking":false,"_monsterinsights_sitenote_active":false,"_monsterinsights_sitenote_note":"","_monsterinsights_sitenote_category":0,"_uf_show_specific_survey":0,"_uf_disable_surveys":false,"footnotes":""},"categories":[5,7],"tags":[],"class_list":["post-38825","post","type-post","status-publish","format-standard","has-post-thumbnail","hentry","category-sport","category-zuzel"],"_links":{"self":[{"href":"https:\/\/gazetaregionalna.com\/index.php?rest_route=\/wp\/v2\/posts\/38825","targetHints":{"allow":["GET"]}}],"collection":[{"href":"https:\/\/gazetaregionalna.com\/index.php?rest_route=\/wp\/v2\/posts"}],"about":[{"href":"https:\/\/gazetaregionalna.com\/index.php?rest_route=\/wp\/v2\/types\/post"}],"author":[{"embeddable":true,"href":"https:\/\/gazetaregionalna.com\/index.php?rest_route=\/wp\/v2\/users\/15"}],"replies":[{"embeddable":true,"href":"https:\/\/gazetaregionalna.com\/index.php?rest_route=%2Fwp%2Fv2%2Fcomments&post=38825"}],"version-history":[{"count":1,"href":"https:\/\/gazetaregionalna.com\/index.php?rest_route=\/wp\/v2\/posts\/38825\/revisions"}],"predecessor-version":[{"id":38826,"href":"https:\/\/gazetaregionalna.com\/index.php?rest_route=\/wp\/v2\/posts\/38825\/revisions\/38826"}],"wp:featuredmedia":[{"embeddable":true,"href":"https:\/\/gazetaregionalna.com\/index.php?rest_route=\/wp\/v2\/media\/18668"}],"wp:attachment":[{"href":"https:\/\/gazetaregionalna.com\/index.php?rest_route=%2Fwp%2Fv2%2Fmedia&parent=38825"}],"wp:term":[{"taxonomy":"category","embeddable":true,"href":"https:\/\/gazetaregionalna.com\/index.php?rest_route=%2Fwp%2Fv2%2Fcategories&post=38825"},{"taxonomy":"post_tag","embeddable":true,"href":"https:\/\/gazetaregionalna.com\/index.php?rest_route=%2Fwp%2Fv2%2Ftags&post=38825"}],"curies":[{"name":"wp","href":"https:\/\/api.w.org\/{rel}","templated":true}]}}