{"id":38533,"date":"2021-04-16T08:51:58","date_gmt":"2021-04-16T08:51:58","guid":{"rendered":"https:\/\/gazetaregionalna.com\/?p=38533"},"modified":"2021-04-16T08:51:59","modified_gmt":"2021-04-16T08:51:59","slug":"kolejny-sprzet-pomocny-w-walce-z-covid-19-trafil-do-zareckiego-pogotowia","status":"publish","type":"post","link":"https:\/\/gazetaregionalna.com\/?p=38533","title":{"rendered":"Kolejny sprz\u0119t pomocny w walce z COVID-19 trafi\u0142 do \u017careckiego pogotowia"},"content":{"rendered":"\n<h2 class=\"wp-block-heading\">Samorz\u0105d \u017barek przekaza\u0142 stacji pogotowia ratunkowego dwiesi\u0119c profesjonalnych filtr\u00f3w.<\/h2>\n\n\n\n<p>Sprz\u0119t kupiono ze \u015brodk\u00f3w Bud\u017cetu Miasta i Gminy \u017barki.<\/p>\n\n\n\n<p>&#8211; <em>Podarowali\u015bmy na pocz\u0105tku pandemii maski, ale te wymagaj\u0105 regularnej wymiany filtr\u00f3w<\/em> &#8211; informuje burmistrz\u00a0Klemens Podlejski. &#8211; <em>Gmina przekaza\u0142a medykom ju\u017c wcze\u015bniej przy\u0142bice, maski, i dwukrotnie filtry do masek na wymian\u0119.<\/em><\/p>\n\n\n\n<p>(fot.UMiG \u017barki, na zdj\u0119ciu od lewej: Mariola Sobczyk, Klemens Podlejski,\u00a0 S\u0142awomir Fiutek)<\/p>\n","protected":false},"excerpt":{"rendered":"<p>Samorz\u0105d \u017barek przekaza\u0142 stacji pogotowia ratunkowego dwiesi\u0119c profesjonalnych filtr\u00f3w. Sprz\u0119t kupiono ze \u015brodk\u00f3w Bud\u017cetu Miasta i Gminy \u017barki. &#8211; Podarowali\u015bmy na pocz\u0105tku pandemii maski,<\/p>\n","protected":false},"author":7,"featured_media":38536,"comment_status":"open","ping_status":"open","sticky":false,"template":"","format":"standard","meta":{"_monsterinsights_skip_tracking":false,"_monsterinsights_sitenote_active":false,"_monsterinsights_sitenote_note":"","_monsterinsights_sitenote_category":0,"_uf_show_specific_survey":0,"_uf_disable_surveys":false,"footnotes":""},"categories":[2,26,4],"tags":[],"class_list":["post-38533","post","type-post","status-publish","format-standard","has-post-thumbnail","hentry","category-wiadomosci","category-myszkow","category-region"],"_links":{"self":[{"href":"https:\/\/gazetaregionalna.com\/index.php?rest_route=\/wp\/v2\/posts\/38533","targetHints":{"allow":["GET"]}}],"collection":[{"href":"https:\/\/gazetaregionalna.com\/index.php?rest_route=\/wp\/v2\/posts"}],"about":[{"href":"https:\/\/gazetaregionalna.com\/index.php?rest_route=\/wp\/v2\/types\/post"}],"author":[{"embeddable":true,"href":"https:\/\/gazetaregionalna.com\/index.php?rest_route=\/wp\/v2\/users\/7"}],"replies":[{"embeddable":true,"href":"https:\/\/gazetaregionalna.com\/index.php?rest_route=%2Fwp%2Fv2%2Fcomments&post=38533"}],"version-history":[{"count":2,"href":"https:\/\/gazetaregionalna.com\/index.php?rest_route=\/wp\/v2\/posts\/38533\/revisions"}],"predecessor-version":[{"id":38535,"href":"https:\/\/gazetaregionalna.com\/index.php?rest_route=\/wp\/v2\/posts\/38533\/revisions\/38535"}],"wp:featuredmedia":[{"embeddable":true,"href":"https:\/\/gazetaregionalna.com\/index.php?rest_route=\/wp\/v2\/media\/38536"}],"wp:attachment":[{"href":"https:\/\/gazetaregionalna.com\/index.php?rest_route=%2Fwp%2Fv2%2Fmedia&parent=38533"}],"wp:term":[{"taxonomy":"category","embeddable":true,"href":"https:\/\/gazetaregionalna.com\/index.php?rest_route=%2Fwp%2Fv2%2Fcategories&post=38533"},{"taxonomy":"post_tag","embeddable":true,"href":"https:\/\/gazetaregionalna.com\/index.php?rest_route=%2Fwp%2Fv2%2Ftags&post=38533"}],"curies":[{"name":"wp","href":"https:\/\/api.w.org\/{rel}","templated":true}]}}