{"id":38019,"date":"2021-04-12T14:11:06","date_gmt":"2021-04-12T14:11:06","guid":{"rendered":"https:\/\/gazetaregionalna.com\/?p=38019"},"modified":"2021-04-12T14:11:07","modified_gmt":"2021-04-12T14:11:07","slug":"rakow-w-srode-powalczy-w-krakowie-z-cracovia-o-final-pucharu-polski-czy-powtorzy-final-pp-z-1967-roku","status":"publish","type":"post","link":"https:\/\/gazetaregionalna.com\/?p=38019","title":{"rendered":"Rak\u00f3w w \u015brod\u0119 powalczy w Krakowie z Cracovi\u0105 o fina\u0142 Pucharu Polski . Czy powt\u00f3rzy fina\u0142 PP z 1967 roku?"},"content":{"rendered":"\n<p>Pi\u0142karze Rakowa w \u015brod\u0119 mog\u0105 powt\u00f3rzy\u0107 historyczny sukces klubu z 1967, gdy zagrali w finale Pucharu Polski z Wis\u0142\u0105 Krak\u00f3w. W \u015brod\u0119 powalcz\u0105 w Krakowie z Cracovi\u0105 o awans do fina\u0142u, w kt\u00f3rym ju\u017c jest 1-ligowa Arka Gdynia.<\/p>\n\n\n\n<p>Pi\u0142karze Rakowa Cz\u0119stochowa w swojej 100-letniej historii tylko raz grali w finale Pucharu Polski. Mia\u0142o to miejsce w 1967 roku, gdy w Kielcach zagrali z Wis\u0142\u0105 Krak\u00f3w. Mecz zako\u0144czy\u0142 si\u0119 remisem, a w dogrywce lepsi okazali si\u0119 pi\u0142karze \u201eBia\u0142ej Gwiazdy\u201d.<\/p>\n\n\n\n<p>Tamto spotkanie to historia, kt\u00f3r\u0105 \u017cyj\u0105 kibice. Teraz obecni pi\u0142karze mog\u0105 tworzy\u0107 now\u0105 histori\u0119 i po raz drugi w historii klubu wywalczy\u0107 awans do fina\u0142u PP, a p\u00f3\u017aniej powalczy\u0107 o trofeum.<\/p>\n\n\n\n<p>Rak\u00f3w w p\u00f3\u0142finale zagra w Krakowie z Cracovi\u0105. Je\u015bli patrze\u0107 na tabel\u0119 PKO BP Ekstraklasy to Cracovia plasuje si\u0119 na 14. miejscu, a Rak\u00f3w na 3. Nie ma to jednak wi\u0119kszego znaczenia. Crcovia to obro\u0144ca Pucharu Polski. W 2020 roku w finale pokona\u0142a Lechi\u0119 Gda\u0144sk. Krakowianie zrobi\u0105 wszystko, by wyeliminowa\u0107 Rak\u00f3w i zagra\u0107 po raz kolejny w finale.<\/p>\n\n\n\n<p>Podobne apetyty maj\u0105 cz\u0119stochowscy pi\u0142karze, kt\u00f3rzy na 100-lecie Klubu chc\u0105 osi\u0105gn\u0105\u0107 jak najlepszy wynik w historii Rakowa.<\/p>\n\n\n\n<p>&#8211; Przed nami bardzo wa\u017cny mecz \u2013 m\u00f3wi w poniedzia\u0142ek na zdalnej konferencji prasowej trener Rakowa Marek Papszun. &#8211; Mecz o wej\u015bcie do fina\u0142u Pucharu Polski, czyli dla klubu, dla nas wszystkich, dla mnie taki bardzo ambitny cel. Bo wiemy, \u017ce Rak\u00f3w w swojej 100-letniej historii by\u0142 tylko raz w finale i to bardzo dawno temu, bo ponad p\u00f3\u0142 wieku temu i chcieliby\u015bmy te\u017c w tej historii si\u0119 zapisa\u0107. Co do meczu to chcia\u0142bym, aby toczy\u0142 si\u0119 w atmosferze walki sportowej, bez krzyk\u00f3w, symulowania, mobbingu s\u0119dziego. I \u017ceby to pi\u0142karze byli g\u0142\u00f3wnymi aktorami tego spotkania, a nie arbiter. \u017beby to by\u0142 dobry mecz, twardy mecz, m\u0119ski mecz. Niech wygra lepsza dru\u017cyna.<\/p>\n\n\n\n<p>Trener Papszun w \u015brod\u0119 mo\u017ce mie\u0107 ju\u017c do dyspozycji Petra Schwarza i Ivi Lopeza, kt\u00f3rzy trenuj\u0105 z dru\u017cyn\u0105. W awans do fina\u0142u wierzy te\u017c prezes Rakowa Wojciech Cygan. &#8211; Cele si\u0119 nie zmieniaj\u0105 \u2013 m\u00f3wi podczas konferencji prasowej prezes Cygan. &#8211; Od pocz\u0105tku m\u00f3wili\u015bmy, \u017ce Puchar Polski jest istotn\u0105 imprez\u0105 i w tym finale chcemy si\u0119 znale\u017a\u0107. Je\u015bli chodzi o kwestie ligowe to wiemy jak tabela jest p\u0142aska i chcieliby\u015bmy utrzyma\u0107 si\u0119 w tej czo\u0142owej tr\u00f3jce i z niej nie wypa\u015b\u0107.<\/p>\n\n\n\n<p>Foto: Gazeta Regionalna\/AK<\/p>\n","protected":false},"excerpt":{"rendered":"<p>Pi\u0142karze Rakowa w \u015brod\u0119 mog\u0105 powt\u00f3rzy\u0107 historyczny sukces klubu z 1967, gdy zagrali w finale Pucharu Polski z Wis\u0142\u0105 Krak\u00f3w. W \u015brod\u0119 powalcz\u0105 w<\/p>\n","protected":false},"author":15,"featured_media":35028,"comment_status":"open","ping_status":"open","sticky":false,"template":"","format":"standard","meta":{"_monsterinsights_skip_tracking":false,"_monsterinsights_sitenote_active":false,"_monsterinsights_sitenote_note":"","_monsterinsights_sitenote_category":0,"_uf_show_specific_survey":0,"_uf_disable_surveys":false,"footnotes":""},"categories":[5,6],"tags":[],"class_list":["post-38019","post","type-post","status-publish","format-standard","has-post-thumbnail","hentry","category-sport","category-pilka-nozna"],"_links":{"self":[{"href":"https:\/\/gazetaregionalna.com\/index.php?rest_route=\/wp\/v2\/posts\/38019","targetHints":{"allow":["GET"]}}],"collection":[{"href":"https:\/\/gazetaregionalna.com\/index.php?rest_route=\/wp\/v2\/posts"}],"about":[{"href":"https:\/\/gazetaregionalna.com\/index.php?rest_route=\/wp\/v2\/types\/post"}],"author":[{"embeddable":true,"href":"https:\/\/gazetaregionalna.com\/index.php?rest_route=\/wp\/v2\/users\/15"}],"replies":[{"embeddable":true,"href":"https:\/\/gazetaregionalna.com\/index.php?rest_route=%2Fwp%2Fv2%2Fcomments&post=38019"}],"version-history":[{"count":1,"href":"https:\/\/gazetaregionalna.com\/index.php?rest_route=\/wp\/v2\/posts\/38019\/revisions"}],"predecessor-version":[{"id":38022,"href":"https:\/\/gazetaregionalna.com\/index.php?rest_route=\/wp\/v2\/posts\/38019\/revisions\/38022"}],"wp:featuredmedia":[{"embeddable":true,"href":"https:\/\/gazetaregionalna.com\/index.php?rest_route=\/wp\/v2\/media\/35028"}],"wp:attachment":[{"href":"https:\/\/gazetaregionalna.com\/index.php?rest_route=%2Fwp%2Fv2%2Fmedia&parent=38019"}],"wp:term":[{"taxonomy":"category","embeddable":true,"href":"https:\/\/gazetaregionalna.com\/index.php?rest_route=%2Fwp%2Fv2%2Fcategories&post=38019"},{"taxonomy":"post_tag","embeddable":true,"href":"https:\/\/gazetaregionalna.com\/index.php?rest_route=%2Fwp%2Fv2%2Ftags&post=38019"}],"curies":[{"name":"wp","href":"https:\/\/api.w.org\/{rel}","templated":true}]}}