{"id":37947,"date":"2021-04-12T09:34:02","date_gmt":"2021-04-12T09:34:02","guid":{"rendered":"https:\/\/gazetaregionalna.com\/?p=37947"},"modified":"2021-04-12T09:44:34","modified_gmt":"2021-04-12T09:44:34","slug":"zobacz-jak-beda-wygladaly-nowe-parkomaty-w-czestochowie","status":"publish","type":"post","link":"https:\/\/gazetaregionalna.com\/?p=37947","title":{"rendered":"Zobacz, jak b\u0119d\u0105 wygl\u0105da\u0142y nowe parkomaty w Cz\u0119stochowie"},"content":{"rendered":"\n<h2 class=\"wp-block-heading\">Miejski Zarz\u0105d Dr\u00f3g w Cz\u0119stochowie rusza z wymian\u0105 wszystkich parkomat\u00f3w w mie\u015bcie. Do po\u0142owy maja chce stare urz\u0105dzenia p\u0142atnicze zast\u0105pi\u0107 nowoczesnymi. <\/h2>\n\n\n\n<figure class=\"wp-block-gallery columns-3 is-cropped wp-block-gallery-1 is-layout-flex wp-block-gallery-is-layout-flex\"><ul class=\"blocks-gallery-grid\"><li class=\"blocks-gallery-item\"><figure><a href=\"https:\/\/gazetaregionalna.com\/wp-content\/uploads\/2021\/04\/pa1.jpg\"><img decoding=\"async\" width=\"472\" height=\"1024\" data-src=\"https:\/\/gazetaregionalna.com\/wp-content\/uploads\/2021\/04\/pa1-472x1024.jpg\" alt=\"\" data-id=\"37952\" data-full-url=\"https:\/\/gazetaregionalna.com\/wp-content\/uploads\/2021\/04\/pa1.jpg\" data-link=\"https:\/\/gazetaregionalna.com\/?attachment_id=37952\" class=\"wp-image-37952 lazyload\" data-srcset=\"https:\/\/gazetaregionalna.com\/wp-content\/uploads\/2021\/04\/pa1-472x1024.jpg 472w, https:\/\/gazetaregionalna.com\/wp-content\/uploads\/2021\/04\/pa1-138x300.jpg 138w, https:\/\/gazetaregionalna.com\/wp-content\/uploads\/2021\/04\/pa1-768x1667.jpg 768w, https:\/\/gazetaregionalna.com\/wp-content\/uploads\/2021\/04\/pa1-708x1536.jpg 708w, https:\/\/gazetaregionalna.com\/wp-content\/uploads\/2021\/04\/pa1-696x1511.jpg 696w, https:\/\/gazetaregionalna.com\/wp-content\/uploads\/2021\/04\/pa1-194x420.jpg 194w, https:\/\/gazetaregionalna.com\/wp-content\/uploads\/2021\/04\/pa1.jpg 737w\" data-sizes=\"(max-width: 472px) 100vw, 472px\" src=\"data:image\/svg+xml;base64,PHN2ZyB3aWR0aD0iMSIgaGVpZ2h0PSIxIiB4bWxucz0iaHR0cDovL3d3dy53My5vcmcvMjAwMC9zdmciPjwvc3ZnPg==\" style=\"--smush-placeholder-width: 472px; --smush-placeholder-aspect-ratio: 472\/1024;\" \/><\/a><\/figure><\/li><li class=\"blocks-gallery-item\"><figure><a href=\"https:\/\/gazetaregionalna.com\/wp-content\/uploads\/2021\/04\/pa2.jpg\"><img decoding=\"async\" width=\"472\" height=\"1024\" data-src=\"https:\/\/gazetaregionalna.com\/wp-content\/uploads\/2021\/04\/pa2-472x1024.jpg\" alt=\"\" data-id=\"37953\" data-full-url=\"https:\/\/gazetaregionalna.com\/wp-content\/uploads\/2021\/04\/pa2.jpg\" data-link=\"https:\/\/gazetaregionalna.com\/?attachment_id=37953\" class=\"wp-image-37953 lazyload\" data-srcset=\"https:\/\/gazetaregionalna.com\/wp-content\/uploads\/2021\/04\/pa2-472x1024.jpg 472w, https:\/\/gazetaregionalna.com\/wp-content\/uploads\/2021\/04\/pa2-138x300.jpg 138w, https:\/\/gazetaregionalna.com\/wp-content\/uploads\/2021\/04\/pa2-768x1667.jpg 768w, https:\/\/gazetaregionalna.com\/wp-content\/uploads\/2021\/04\/pa2-708x1536.jpg 708w, https:\/\/gazetaregionalna.com\/wp-content\/uploads\/2021\/04\/pa2-696x1511.jpg 696w, https:\/\/gazetaregionalna.com\/wp-content\/uploads\/2021\/04\/pa2-194x420.jpg 194w, https:\/\/gazetaregionalna.com\/wp-content\/uploads\/2021\/04\/pa2.jpg 737w\" data-sizes=\"(max-width: 472px) 100vw, 472px\" src=\"data:image\/svg+xml;base64,PHN2ZyB3aWR0aD0iMSIgaGVpZ2h0PSIxIiB4bWxucz0iaHR0cDovL3d3dy53My5vcmcvMjAwMC9zdmciPjwvc3ZnPg==\" style=\"--smush-placeholder-width: 472px; --smush-placeholder-aspect-ratio: 472\/1024;\" \/><\/a><\/figure><\/li><li class=\"blocks-gallery-item\"><figure><a href=\"https:\/\/gazetaregionalna.com\/wp-content\/uploads\/2021\/04\/pa3.jpg\"><img decoding=\"async\" width=\"472\" height=\"1024\" data-src=\"https:\/\/gazetaregionalna.com\/wp-content\/uploads\/2021\/04\/pa3-472x1024.jpg\" alt=\"\" data-id=\"37954\" data-full-url=\"https:\/\/gazetaregionalna.com\/wp-content\/uploads\/2021\/04\/pa3.jpg\" data-link=\"https:\/\/gazetaregionalna.com\/?attachment_id=37954\" class=\"wp-image-37954 lazyload\" data-srcset=\"https:\/\/gazetaregionalna.com\/wp-content\/uploads\/2021\/04\/pa3-472x1024.jpg 472w, https:\/\/gazetaregionalna.com\/wp-content\/uploads\/2021\/04\/pa3-138x300.jpg 138w, https:\/\/gazetaregionalna.com\/wp-content\/uploads\/2021\/04\/pa3-768x1667.jpg 768w, https:\/\/gazetaregionalna.com\/wp-content\/uploads\/2021\/04\/pa3-708x1536.jpg 708w, https:\/\/gazetaregionalna.com\/wp-content\/uploads\/2021\/04\/pa3-696x1511.jpg 696w, https:\/\/gazetaregionalna.com\/wp-content\/uploads\/2021\/04\/pa3-194x420.jpg 194w, https:\/\/gazetaregionalna.com\/wp-content\/uploads\/2021\/04\/pa3.jpg 737w\" data-sizes=\"(max-width: 472px) 100vw, 472px\" src=\"data:image\/svg+xml;base64,PHN2ZyB3aWR0aD0iMSIgaGVpZ2h0PSIxIiB4bWxucz0iaHR0cDovL3d3dy53My5vcmcvMjAwMC9zdmciPjwvc3ZnPg==\" style=\"--smush-placeholder-width: 472px; --smush-placeholder-aspect-ratio: 472\/1024;\" \/><\/a><\/figure><\/li><\/ul><\/figure>\n\n\n\n<p>Nowe parkomaty pojawi\u0105 si\u0119 na wszystkich parkingach w Strefie P\u0142atnego Parkowania w mie\u015bcie.<\/p>\n\n\n\n<p>Od swoich poprzednik\u00f3w maj\u0105 si\u0119 r\u00f3\u017cni\u0107 nie tylko wygl\u0105dem, ale tak\u017ce nowymi, przydatnymi funkcjami. B\u0119dzie w nich m.in. mo\u017cna p\u0142aci\u0107 poza bilonem  tak\u017ce kart\u0105 p\u0142atnicz\u0105 czy BLIK-iem.<\/p>\n\n\n\n<p>Pisali\u015bmy o tym tutaj:<\/p>\n\n\n\n<figure class=\"wp-block-embed is-type-wp-embed is-provider-gazeta-regionalna wp-block-embed-gazeta-regionalna\"><div class=\"wp-block-embed__wrapper\">\n<div class=\"fitvids-video\"><blockquote class=\"wp-embedded-content\" data-secret=\"Jf7sD7EJgm\"><a href=\"https:\/\/gazetaregionalna.com\/miejski-zarzad-drog-wymieni-wszystkie-parkomaty-w-czestochowie\/\">Miejski Zarz\u0105d Dr\u00f3g wymieni wszystkie parkomaty w Cz\u0119stochowie<\/a><\/blockquote><iframe class=\"wp-embedded-content lazyload\" sandbox=\"allow-scripts\" security=\"restricted\" style=\"position: absolute; clip: rect(1px, 1px, 1px, 1px);\" title=\"&#8222;Miejski Zarz\u0105d Dr\u00f3g wymieni wszystkie parkomaty w Cz\u0119stochowie&#8221; &#8212; Gazeta Regionalna\" data-src=\"https:\/\/gazetaregionalna.com\/miejski-zarzad-drog-wymieni-wszystkie-parkomaty-w-czestochowie\/embed\/#?secret=EVDVKn1s0l#?secret=Jf7sD7EJgm\" data-secret=\"Jf7sD7EJgm\" width=\"600\" height=\"338\" frameborder=\"0\" marginwidth=\"0\" marginheight=\"0\" scrolling=\"no\" src=\"data:image\/svg+xml;base64,PHN2ZyB3aWR0aD0iMSIgaGVpZ2h0PSIxIiB4bWxucz0iaHR0cDovL3d3dy53My5vcmcvMjAwMC9zdmciPjwvc3ZnPg==\" data-load-mode=\"1\"><\/iframe><\/div>\n<\/div><\/figure>\n\n\n\n<p>(zdj\u0119cie nowych parkomat\u00f3w MZD)<\/p>\n","protected":false},"excerpt":{"rendered":"<p>Miejski Zarz\u0105d Dr\u00f3g w Cz\u0119stochowie rusza z wymian\u0105 wszystkich parkomat\u00f3w w mie\u015bcie. Do po\u0142owy maja chce stare urz\u0105dzenia p\u0142atnicze zast\u0105pi\u0107 nowoczesnymi. Nowe parkomaty pojawi\u0105<\/p>\n","protected":false},"author":7,"featured_media":37952,"comment_status":"open","ping_status":"open","sticky":false,"template":"","format":"standard","meta":{"_monsterinsights_skip_tracking":false,"_monsterinsights_sitenote_active":false,"_monsterinsights_sitenote_note":"","_monsterinsights_sitenote_category":0,"_uf_show_specific_survey":0,"_uf_disable_surveys":false,"footnotes":""},"categories":[94,3,2],"tags":[],"class_list":["post-37947","post","type-post","status-publish","format-standard","has-post-thumbnail","hentry","category-polecane","category-czestochowa-informacje","category-wiadomosci"],"_links":{"self":[{"href":"https:\/\/gazetaregionalna.com\/index.php?rest_route=\/wp\/v2\/posts\/37947","targetHints":{"allow":["GET"]}}],"collection":[{"href":"https:\/\/gazetaregionalna.com\/index.php?rest_route=\/wp\/v2\/posts"}],"about":[{"href":"https:\/\/gazetaregionalna.com\/index.php?rest_route=\/wp\/v2\/types\/post"}],"author":[{"embeddable":true,"href":"https:\/\/gazetaregionalna.com\/index.php?rest_route=\/wp\/v2\/users\/7"}],"replies":[{"embeddable":true,"href":"https:\/\/gazetaregionalna.com\/index.php?rest_route=%2Fwp%2Fv2%2Fcomments&post=37947"}],"version-history":[{"count":5,"href":"https:\/\/gazetaregionalna.com\/index.php?rest_route=\/wp\/v2\/posts\/37947\/revisions"}],"predecessor-version":[{"id":37960,"href":"https:\/\/gazetaregionalna.com\/index.php?rest_route=\/wp\/v2\/posts\/37947\/revisions\/37960"}],"wp:featuredmedia":[{"embeddable":true,"href":"https:\/\/gazetaregionalna.com\/index.php?rest_route=\/wp\/v2\/media\/37952"}],"wp:attachment":[{"href":"https:\/\/gazetaregionalna.com\/index.php?rest_route=%2Fwp%2Fv2%2Fmedia&parent=37947"}],"wp:term":[{"taxonomy":"category","embeddable":true,"href":"https:\/\/gazetaregionalna.com\/index.php?rest_route=%2Fwp%2Fv2%2Fcategories&post=37947"},{"taxonomy":"post_tag","embeddable":true,"href":"https:\/\/gazetaregionalna.com\/index.php?rest_route=%2Fwp%2Fv2%2Ftags&post=37947"}],"curies":[{"name":"wp","href":"https:\/\/api.w.org\/{rel}","templated":true}]}}