{"id":37822,"date":"2021-04-11T09:46:38","date_gmt":"2021-04-11T09:46:38","guid":{"rendered":"https:\/\/gazetaregionalna.com\/?p=37822"},"modified":"2021-04-11T09:46:39","modified_gmt":"2021-04-11T09:46:39","slug":"policja-pomogla","status":"publish","type":"post","link":"https:\/\/gazetaregionalna.com\/?p=37822","title":{"rendered":"Cz\u0119stochowska policja pomog\u0142a w szybkiej dostawie tlenu dla pacjent\u00f3w w Radomsku"},"content":{"rendered":"\n<h2 class=\"wp-block-heading\">Cz\u0119stochowscy policjanci eskortowali cystern\u0119 z tlenem, kt\u00f3ra musia\u0142a si\u0119 dosta\u0107 jak najszybciej do jednego ze szpitali w wojew\u00f3dztwie \u0142\u00f3dzkim.&nbsp;&nbsp;<\/h2>\n\n\n\n<figure class=\"wp-block-image size-large\"><img decoding=\"async\" width=\"828\" height=\"622\" data-src=\"https:\/\/gazetaregionalna.com\/wp-content\/uploads\/2021\/04\/eskorta-cysterny-z-tlenem-2.png\" alt=\"eskorta cysterny z tlenem 2\" class=\"wp-image-37824 lazyload\" data-srcset=\"https:\/\/gazetaregionalna.com\/wp-content\/uploads\/2021\/04\/eskorta-cysterny-z-tlenem-2.png 828w, https:\/\/gazetaregionalna.com\/wp-content\/uploads\/2021\/04\/eskorta-cysterny-z-tlenem-2-300x225.png 300w, https:\/\/gazetaregionalna.com\/wp-content\/uploads\/2021\/04\/eskorta-cysterny-z-tlenem-2-768x577.png 768w, https:\/\/gazetaregionalna.com\/wp-content\/uploads\/2021\/04\/eskorta-cysterny-z-tlenem-2-696x523.png 696w, https:\/\/gazetaregionalna.com\/wp-content\/uploads\/2021\/04\/eskorta-cysterny-z-tlenem-2-559x420.png 559w, https:\/\/gazetaregionalna.com\/wp-content\/uploads\/2021\/04\/eskorta-cysterny-z-tlenem-2-80x60.png 80w, https:\/\/gazetaregionalna.com\/wp-content\/uploads\/2021\/04\/eskorta-cysterny-z-tlenem-2-265x198.png 265w\" data-sizes=\"(max-width: 828px) 100vw, 828px\" src=\"data:image\/svg+xml;base64,PHN2ZyB3aWR0aD0iMSIgaGVpZ2h0PSIxIiB4bWxucz0iaHR0cDovL3d3dy53My5vcmcvMjAwMC9zdmciPjwvc3ZnPg==\" style=\"--smush-placeholder-width: 828px; --smush-placeholder-aspect-ratio: 828\/622;\" \/><figcaption>Fot. uj\u0119cie z nagrania policyjnego KMP w Cz\u0119stochowie<\/figcaption><\/figure>\n\n\n\n<p>Nietypowe zadanie mieli w czwartek policjanci z Komendy Miejskiej Policji w Cz\u0119stochowie, kt\u00f3rym powierzono eskortowanie cysterny z tlenem do jednego ze szpitali znajduj\u0105cego si\u0119 w Radomsku. Sytuacja by\u0142a bardzo powa\u017cna, bo zapasy tlenu w tym szpitalu szybko si\u0119 ko\u0144czy\u0142y, a korzystali z niego przede wszystkim pacjenci chorzy na Covid-19.<\/p>\n\n\n\n<p>Policjanci mieli ma\u0142o czasu, bo cysterna musia\u0142a si\u0119 dosta\u0107 do szpitala w Radomsku w ci\u0105gu dw\u00f3ch godzin. Na sygnale i z zachowaniem ostro\u017cno\u015bci cz\u0119stochowscy policjanci eskortowali pojazd do granic wojew\u00f3dztwa, gdzie nast\u0119pnie eskort\u0119 \u201eprzej\u0119li\u201d mundurowi z Radomska i dalej torowali drog\u0119 cysternie do plac\u00f3wki medycznej.\u00a0<\/p>\n\n\n\n<figure class=\"wp-block-video\"><video controls src=\"https:\/\/gazetaregionalna.com\/wp-content\/uploads\/2021\/04\/35-651995.mp4\"><\/video><figcaption>Film: KMP w Cz\u0119stochowie<\/figcaption><\/figure>\n","protected":false},"excerpt":{"rendered":"<p>Cz\u0119stochowscy policjanci eskortowali cystern\u0119 z tlenem, kt\u00f3ra musia\u0142a si\u0119 dosta\u0107 jak najszybciej do jednego ze szpitali w wojew\u00f3dztwie \u0142\u00f3dzkim.&nbsp;&nbsp; Nietypowe zadanie mieli w czwartek<\/p>\n","protected":false},"author":12,"featured_media":37823,"comment_status":"open","ping_status":"open","sticky":false,"template":"","format":"standard","meta":{"_monsterinsights_skip_tracking":false,"_monsterinsights_sitenote_active":false,"_monsterinsights_sitenote_note":"","_monsterinsights_sitenote_category":0,"_uf_show_specific_survey":0,"_uf_disable_surveys":false,"footnotes":""},"categories":[44,3,94,2],"tags":[],"class_list":["post-37822","post","type-post","status-publish","format-standard","has-post-thumbnail","hentry","category-bezpieczenstwo","category-czestochowa-informacje","category-polecane","category-wiadomosci"],"_links":{"self":[{"href":"https:\/\/gazetaregionalna.com\/index.php?rest_route=\/wp\/v2\/posts\/37822","targetHints":{"allow":["GET"]}}],"collection":[{"href":"https:\/\/gazetaregionalna.com\/index.php?rest_route=\/wp\/v2\/posts"}],"about":[{"href":"https:\/\/gazetaregionalna.com\/index.php?rest_route=\/wp\/v2\/types\/post"}],"author":[{"embeddable":true,"href":"https:\/\/gazetaregionalna.com\/index.php?rest_route=\/wp\/v2\/users\/12"}],"replies":[{"embeddable":true,"href":"https:\/\/gazetaregionalna.com\/index.php?rest_route=%2Fwp%2Fv2%2Fcomments&post=37822"}],"version-history":[{"count":1,"href":"https:\/\/gazetaregionalna.com\/index.php?rest_route=\/wp\/v2\/posts\/37822\/revisions"}],"predecessor-version":[{"id":37826,"href":"https:\/\/gazetaregionalna.com\/index.php?rest_route=\/wp\/v2\/posts\/37822\/revisions\/37826"}],"wp:featuredmedia":[{"embeddable":true,"href":"https:\/\/gazetaregionalna.com\/index.php?rest_route=\/wp\/v2\/media\/37823"}],"wp:attachment":[{"href":"https:\/\/gazetaregionalna.com\/index.php?rest_route=%2Fwp%2Fv2%2Fmedia&parent=37822"}],"wp:term":[{"taxonomy":"category","embeddable":true,"href":"https:\/\/gazetaregionalna.com\/index.php?rest_route=%2Fwp%2Fv2%2Fcategories&post=37822"},{"taxonomy":"post_tag","embeddable":true,"href":"https:\/\/gazetaregionalna.com\/index.php?rest_route=%2Fwp%2Fv2%2Ftags&post=37822"}],"curies":[{"name":"wp","href":"https:\/\/api.w.org\/{rel}","templated":true}]}}