{"id":37719,"date":"2021-04-09T12:07:02","date_gmt":"2021-04-09T12:07:02","guid":{"rendered":"https:\/\/gazetaregionalna.com\/?p=37719"},"modified":"2021-04-09T12:07:03","modified_gmt":"2021-04-09T12:07:03","slug":"jordan-jurczynski-jak-zaskocza-mlodzi-zaskoczy-tez-wlokniarz","status":"publish","type":"post","link":"https:\/\/gazetaregionalna.com\/?p=37719","title":{"rendered":"Jordan Jurczy\u0144ski: Jak zaskocz\u0105 m\u0142odzi, zaskoczy te\u017c W\u0142\u00f3kniarz\u2026"},"content":{"rendered":"\n<p>Jordan Jurczy\u0144ski to jeden z niespe\u0142nionych talent\u00f3w, kt\u00f3ry szybko zako\u0144czy\u0142 karier\u0119, ale z \u017cu\u017clem nie zerwa\u0142. Przez kilkana\u015bcie kolejnych lat mo\u017cna go by\u0142o spotka\u0107 w parku maszyn w roli mechanika, w sezonie 2021 b\u0119dzie podobnie.<\/p>\n\n\n\n<p>39 letni dzi\u015b Jordan Jurczy\u0144ski przed laty reprezentowa\u0142 barwy W\u0142\u00f3kniarza Cz\u0119stochowa. By\u0142 z\u0142otym medalist\u0105 Dru\u017cynowych Mistrzostw Polski (2003), srebrnym M\u0142odzie\u017cowych Dru\u017cynowych Mistrzostw Polski (2003) i M\u0142odzie\u017cowych Mistrzostw Polski Par Klubowych (2003). Poza tym w swojej kilkuletniej karierze wystartowa\u0142 w finale Srebrnego (2003 &#8211; 13 m.) i Z\u0142otego Kasku (2005 &#8211; 10 m.). Poza W\u0142\u00f3kniarzem je\u017adzi\u0142 te\u017c w klubach z \u0141odzi i Gniezna oraz w Szwecji, gdzie dozna\u0142 powa\u017cnej kontuzji r\u0119ki, po kt\u00f3rej do \u015bcigania ju\u017c nie wr\u00f3ci\u0142. Potem pracowa\u0142 jako \u017cu\u017clowy mechanik. By\u0142 m.in. w teamie Lee Richardsona i Rune Holty, potem wspiera\u0142 talent Damiana Dr\u00f3\u017cd\u017ca, pochodz\u0105cego z Cz\u0119stochowy zawodnika, kt\u00f3ry je\u017adzi\u0142 m.in. w Sparcie Wroc\u0142aw i W\u0142\u00f3kniarzu. Ostatnio Jordan \u201emechanikuje\u201d u Przemys\u0142awa Liszki, utalentowanego m\u0142odzie\u017cowca Sparty, jednego z rywali W\u0142\u00f3kniarza w PGE Ekstralidze.<\/p>\n\n\n\n<p><strong>Gazeta Regionalna: Czas p\u0142ynie nieub\u0142aganie. Min\u0119\u0142o ju\u017c 15 lat jak postanowi\u0142e\u015b zrezygnowa\u0107 z walki na torze, ale mo\u017cna powiedzie\u0107, \u017ce z \u017cu\u017clowym motocyklem nie rozsta\u0142e\u015b si\u0119 nigdy\u2026<\/strong><\/p>\n\n\n\n<p>&#8211; No, tak. Okaza\u0142o si\u0119, \u017ce bez adrenaliny, ca\u0142ej tej atmosfery zwi\u0105zanej z \u017cu\u017clowymi imprezami trudno wytrzyma\u0107. Jako\u015b tak wysz\u0142o, \u017ce ci\u0105gle mnie kto\u015b potrzebowa\u0142 w parkingu i odk\u0105d presta\u0142em si\u0119 \u015bciga\u0107 ci\u0105gle by\u0142em przy \u017cu\u017clu. Najpierw pomaga\u0142em Kennethowi Bjerre w lidze angielskiej, potem Hansowi Andersenowi w Anglii, Szwecji, w Polsce i w Grand Prix. P\u00f3\u017aniej by\u0142 Lee Richardson, u boku kt\u00f3rego prze\u017cy\u0142em te najbardziej tragiczne chwile. By\u0142 te\u017c Dalej Rune Holta \u2013 mia\u0142 mnie w domu warsztat &#8211; Sebastian U\u0142amek i jeszcze kilku m\u0142odych zawodnik\u00f3w, mi\u0119dzy innymi Mateusz Borowiczem i Damian Dr\u00f3\u017cd\u017cem, kt\u00f3rego uczy\u0142em je\u017adzi\u0107 od podstaw. Damian je\u017adzi\u0142 w r\u00f3\u017cnych klubach, teraz jest w Rawiczu, ale II liga to nie jest szczyt jego mo\u017cliwo\u015bci. On na pewno nie powiedzia\u0142 jeszcze ostatniego s\u0142owa.<\/p>\n\n\n\n<p><strong>A ty u kogo b\u0119dziesz \u201emechanikowa\u0142\u201d w rozpoczynaj\u0105cym si\u0119 w\u0142a\u015bnie sezonie 2021?<\/strong><\/p>\n\n\n\n<p>&#8211; U Przemka Liszki. To b\u0119dzie nasz drugi wsp\u00f3lny sezon w Sparcie Wroc\u0142aw, ale wygl\u0105da na to, \u017ce zupe\u0142nie inny od poprzedniego. Przemek ma szans\u0119 by\u0107 podstawowym m\u0142odzie\u017cowcem wroc\u0142awian i na pewno ma potencja\u0142 aby stan\u0105\u0107 na wysoko\u015bci zadania. Ja b\u0119d\u0119 go w tym wspiera\u0142.<\/p>\n\n\n\n<p><strong>Jak okre\u015bli\u0142by\u015b swoj\u0105 profesj\u0119. Co nale\u017cy do twoich obowi\u0105zk\u00f3w?<\/strong><\/p>\n\n\n\n<p>Z tym bywa r\u00f3\u017cnie u r\u00f3\u017cnych zawodnik\u00f3w. U Przemka b\u0119d\u0119 m.in. odpowiada\u0142 za motocykle, pilnowa\u0142, aby by\u0142y w odpowiednim momencie serwisowane. B\u0119d\u0119 go te\u017c wspiera\u0142 mentalnie, wskazywa\u0142 jakie pope\u0142nia b\u0142\u0119dy i podpowiada\u0142 jak je wyeliminowa\u0107.<\/p>\n\n\n\n<p><strong>Cz\u0119sto wracasz pami\u0119ci\u0105 do lat kariery, okresu kiedy b\u0119d\u0105c juniorem W\u0142\u00f3kniarza, wsp\u00f3lnie z Adamem Pietraszk\u0105 i Zbigniewem Czerwi\u0144skim odnosi\u0142e\u015b najwi\u0119ksze sukcesy?<\/strong><\/p>\n\n\n\n<p>&#8211; Zdarza si\u0119, \u017ce wspominam tamten okres. To by\u0142y fajne czasy, a jakie\u015b sukcesy te\u017c uda\u0142o si\u0119 osi\u0105gn\u0105\u0107. \u017ba\u0142uj\u0119 M\u0142odzie\u017cowych Dru\u017cynowych Mistrzostw Polski, rozgrywanych w Zielonej G\u00f3rze. Podstawili mi wtedy silnik od Rune Holty. To by\u0142 dobry sprz\u0119t, ale ja go nie czu\u0142em. A my\u015bl\u0119, \u017ce sta\u0107 mnie wtedy by\u0142o na 10 punkt\u00f3w. W finale mi nie posz\u0142o, ale w eliminacjach by\u0142o OK.<\/p>\n\n\n\n<p><strong>Jak z perspektywy czasu spogl\u0105dasz na swoj\u0105 przygod\u0119 z \u017cu\u017clem?<\/strong><\/p>\n\n\n\n<p>&#8211; Na pewno nie czuj\u0119 si\u0119 spe\u0142niony. Zbyt \u0142atwo mi wszystko przychodzi\u0142o, my\u015bla\u0142em, \u017ce tak b\u0119dzie w niesko\u0144czono\u015b\u0107, a tak nie by\u0142o. Gdy pracowa\u0142em nad sob\u0105 to wyniki by\u0142y, gdy troch\u0119 luzowa\u0142em bywa\u0142o gorzej. Gdybym mia\u0142 wtedy takie do\u015bwiadczenie jak dzisiaj, to na pewno nie pope\u0142ni\u0142bym pewnych b\u0142\u0119d\u00f3w. Ale wiadomo, gdy cz\u0142owiek jest m\u0142ody, r\u00f3\u017cne ma pomys\u0142y\u2026 Trudno, widocznie tak mia\u0142o by\u0107. Chocia\u017c troch\u0119 \u017ca\u0142uj\u0119, bo wiem, \u017ce mia\u0142em t\u0119 zadr\u0119 na torze\u2026<\/p>\n\n\n\n<p><strong>Jakie by\u0142y pocz\u0105tki twojej przygody z \u017cu\u017clem?<\/strong><\/p>\n\n\n\n<p>&#8211; Trudne. Nie pochodzi\u0142em z zamo\u017cnej rodziny i \u017ceby co\u015b mie\u0107, musia\u0142em jak to si\u0119 m\u00f3wi, gry\u017a\u0107 tor. Nie dosta\u0142em dw\u00f3ch motocykli od rodzic\u00f3w na tacy i kombinezonu. Zdziera\u0142em sprz\u0119t po starszych kolegach, a na to, \u017ceby dosta\u0107 dziurawe buty czy gogle musia\u0142em zapracowa\u0107 na torze i poza nim. Gdy zacz\u0105\u0142em pokazywa\u0107, \u017ce zas\u0142uguj\u0119 na wsparcie, to mo\u017cna powiedzie\u0107, \u017ce mia\u0142em ju\u017c wszystko co potrzebne.<\/p>\n\n\n\n<p><strong>Przejd\u017amy do tego co czeka nas wkr\u00f3tce, a wi\u0119c sezonu 2021, kt\u00f3ry, wiele na to wskazuje, rozpocznie si\u0119 bez kibic\u00f3w na trybunach.<\/strong><\/p>\n\n\n\n<p>&#8211; Niestety. Pandemia zmieni\u0142a te\u017c \u017cu\u017cel, na co nie mamy wp\u0142ywu. Ale trzeba wierzy\u0107, \u017ce sytuacja szybko si\u0119 zmieni i kibice b\u0119d\u0105 mogli wype\u0142nia\u0107 stadiony. Bo ich obecno\u015b\u0107, doping robi niesamowite wra\u017cenie. Pot\u0119guje te\u017c presj\u0119, kt\u00f3ra i tak w parkingu jest ogromna. To jest ta wyj\u0105tkowa atmosfera \u017cu\u017cla.<\/p>\n\n\n\n<p><strong>Co ci podpowiada tw\u00f3j \u201e\u017cu\u017clowy nos\u201d, b\u0119d\u0105 zmiany w czo\u0142\u00f3wce PGE Ekstraligi?<\/strong><\/p>\n\n\n\n<p>&#8211; Trudno powiedzie\u0107. Ja spodziewam si\u0119 wyr\u00f3wnanych rozgrywek.<\/p>\n\n\n\n<p><strong>M\u00f3wi si\u0119 jednak, \u017ce Unia Leszno ligi ju\u017c nie zdominuje?<\/strong><\/p>\n\n\n\n<p>&#8211; To si\u0119 oka\u017ce. Ja by\u0142bym spokojny o Leszno. W czo\u0142\u00f3wce b\u0119d\u0105 na pewno. Unia to Unia, od lat jest na fali i chyba tutaj nic si\u0119 nie zmieni.<\/p>\n\n\n\n<p><strong>Jeden z wielkich talent\u00f3w Unii \u2013 Bartosz Smekta\u0142a b\u0119dzie je\u017adzi\u0142 dla W\u0142\u00f3kniarza. Jak widzisz ten transfer?<\/strong><\/p>\n\n\n\n<p>&#8211; W\u0142\u00f3kniarz generalnie postawi\u0142 na m\u0142odych i bardzo dobrze. Smekta\u0142a to \u015bwietnie rokuj\u0105cy, skromny ch\u0142opak, kt\u00f3ry mo\u017ce da\u0107 dru\u017cynie bardzo wiele. Podobnie Woryna, cho\u0107 to inny charakter ni\u017c \u201eSmyku\u201d. Kacper wiele razy pokazywa\u0142, \u017ce na naszym torze potrafi je\u017adzi\u0107 bardzo dobrze. Jak dobrze pami\u0119tam zrobi\u0142 tu kiedy\u015b w lidze 16 punkt\u00f3w. Jest m\u0142ody, ambitny i r\u00f3wnie\u017c powinien by\u0107 atutem W\u0142\u00f3kniarza. Do tej dw\u00f3jki dochodzi bardzo dobra para junior\u00f3w i silni seniorzy. Jak m\u0142odzi zawodnicy zaskocz\u0105, a m\u0142ody trener (Piotr \u015awiderski przyp. red.) dogada si\u0119 z ca\u0142\u0105 ekip\u0105, to W\u0142\u00f3kniarz mo\u017ce zaskoczy\u0107&#8230;<\/p>\n\n\n\n<p><strong>Dzi\u0119kujemy za rozmow\u0119<\/strong><\/p>\n\n\n\n<figure class=\"wp-block-image size-large\"><img decoding=\"async\" width=\"762\" height=\"1024\" data-src=\"https:\/\/gazetaregionalna.com\/wp-content\/uploads\/2021\/04\/JordanJurczynski-762x1024.jpg\" alt=\"\" class=\"wp-image-37720 lazyload\" data-srcset=\"https:\/\/gazetaregionalna.com\/wp-content\/uploads\/2021\/04\/JordanJurczynski-762x1024.jpg 762w, https:\/\/gazetaregionalna.com\/wp-content\/uploads\/2021\/04\/JordanJurczynski-223x300.jpg 223w, https:\/\/gazetaregionalna.com\/wp-content\/uploads\/2021\/04\/JordanJurczynski-768x1033.jpg 768w, https:\/\/gazetaregionalna.com\/wp-content\/uploads\/2021\/04\/JordanJurczynski-1142x1536.jpg 1142w, https:\/\/gazetaregionalna.com\/wp-content\/uploads\/2021\/04\/JordanJurczynski-696x936.jpg 696w, https:\/\/gazetaregionalna.com\/wp-content\/uploads\/2021\/04\/JordanJurczynski-1068x1436.jpg 1068w, https:\/\/gazetaregionalna.com\/wp-content\/uploads\/2021\/04\/JordanJurczynski-312x420.jpg 312w, https:\/\/gazetaregionalna.com\/wp-content\/uploads\/2021\/04\/JordanJurczynski.jpg 1190w\" data-sizes=\"(max-width: 762px) 100vw, 762px\" src=\"data:image\/svg+xml;base64,PHN2ZyB3aWR0aD0iMSIgaGVpZ2h0PSIxIiB4bWxucz0iaHR0cDovL3d3dy53My5vcmcvMjAwMC9zdmciPjwvc3ZnPg==\" style=\"--smush-placeholder-width: 762px; --smush-placeholder-aspect-ratio: 762\/1024;\" \/><\/figure>\n\n\n\n<p>Rozmowa po raz pierwszy by\u0142a opublikowana w dodatku \u017cu\u017clowym do &#8222;Gazety Regionalnej&#8221; w dniu 2 kwietnia 2021r.<\/p>\n\n\n\n<p>Foto: Archiwum Jordana Jurczy\u0144skiego<\/p>\n","protected":false},"excerpt":{"rendered":"<p>Jordan Jurczy\u0144ski to jeden z niespe\u0142nionych talent\u00f3w, kt\u00f3ry szybko zako\u0144czy\u0142 karier\u0119, ale z \u017cu\u017clem nie zerwa\u0142. Przez kilkana\u015bcie kolejnych lat mo\u017cna go by\u0142o spotka\u0107<\/p>\n","protected":false},"author":15,"featured_media":37720,"comment_status":"open","ping_status":"open","sticky":false,"template":"","format":"standard","meta":{"_monsterinsights_skip_tracking":false,"_monsterinsights_sitenote_active":false,"_monsterinsights_sitenote_note":"","_monsterinsights_sitenote_category":0,"_uf_show_specific_survey":0,"_uf_disable_surveys":false,"footnotes":""},"categories":[5,7],"tags":[],"class_list":["post-37719","post","type-post","status-publish","format-standard","has-post-thumbnail","hentry","category-sport","category-zuzel"],"_links":{"self":[{"href":"https:\/\/gazetaregionalna.com\/index.php?rest_route=\/wp\/v2\/posts\/37719","targetHints":{"allow":["GET"]}}],"collection":[{"href":"https:\/\/gazetaregionalna.com\/index.php?rest_route=\/wp\/v2\/posts"}],"about":[{"href":"https:\/\/gazetaregionalna.com\/index.php?rest_route=\/wp\/v2\/types\/post"}],"author":[{"embeddable":true,"href":"https:\/\/gazetaregionalna.com\/index.php?rest_route=\/wp\/v2\/users\/15"}],"replies":[{"embeddable":true,"href":"https:\/\/gazetaregionalna.com\/index.php?rest_route=%2Fwp%2Fv2%2Fcomments&post=37719"}],"version-history":[{"count":1,"href":"https:\/\/gazetaregionalna.com\/index.php?rest_route=\/wp\/v2\/posts\/37719\/revisions"}],"predecessor-version":[{"id":37721,"href":"https:\/\/gazetaregionalna.com\/index.php?rest_route=\/wp\/v2\/posts\/37719\/revisions\/37721"}],"wp:featuredmedia":[{"embeddable":true,"href":"https:\/\/gazetaregionalna.com\/index.php?rest_route=\/wp\/v2\/media\/37720"}],"wp:attachment":[{"href":"https:\/\/gazetaregionalna.com\/index.php?rest_route=%2Fwp%2Fv2%2Fmedia&parent=37719"}],"wp:term":[{"taxonomy":"category","embeddable":true,"href":"https:\/\/gazetaregionalna.com\/index.php?rest_route=%2Fwp%2Fv2%2Fcategories&post=37719"},{"taxonomy":"post_tag","embeddable":true,"href":"https:\/\/gazetaregionalna.com\/index.php?rest_route=%2Fwp%2Fv2%2Ftags&post=37719"}],"curies":[{"name":"wp","href":"https:\/\/api.w.org\/{rel}","templated":true}]}}