{"id":37712,"date":"2021-04-09T10:57:18","date_gmt":"2021-04-09T10:57:18","guid":{"rendered":"https:\/\/gazetaregionalna.com\/?p=37712"},"modified":"2021-04-09T10:57:20","modified_gmt":"2021-04-09T10:57:20","slug":"zielona-laweczka","status":"publish","type":"post","link":"https:\/\/gazetaregionalna.com\/?p=37712","title":{"rendered":"VII edycja og\u00f3lnopolskiego konkursu \u201eZielona \u0141aweczka\u201d"},"content":{"rendered":"\n<h2 class=\"wp-block-heading\">Ruszy\u0142a kolejna edycja og\u00f3lnopolskiego konkursu grantowego <strong>\u201eZielona \u0141aweczka\u201d<\/strong>. Maksymalna kwota do zdobycia to warto\u015b\u0107 1950 z\u0142.<\/h2>\n\n\n\n<figure class=\"wp-block-image size-large\"><img decoding=\"async\" width=\"712\" height=\"141\" data-src=\"https:\/\/gazetaregionalna.com\/wp-content\/uploads\/2021\/04\/logo.png\" alt=\"logo\" class=\"wp-image-37714 lazyload\" data-srcset=\"https:\/\/gazetaregionalna.com\/wp-content\/uploads\/2021\/04\/logo.png 712w, https:\/\/gazetaregionalna.com\/wp-content\/uploads\/2021\/04\/logo-300x59.png 300w, https:\/\/gazetaregionalna.com\/wp-content\/uploads\/2021\/04\/logo-696x138.png 696w\" data-sizes=\"(max-width: 712px) 100vw, 712px\" src=\"data:image\/svg+xml;base64,PHN2ZyB3aWR0aD0iMSIgaGVpZ2h0PSIxIiB4bWxucz0iaHR0cDovL3d3dy53My5vcmcvMjAwMC9zdmciPjwvc3ZnPg==\" style=\"--smush-placeholder-width: 712px; --smush-placeholder-aspect-ratio: 712\/141;\" \/><figcaption>Fot. Zielona \u0141aweczka<\/figcaption><\/figure>\n\n\n\n<p><strong>\u201eZielona \u0141aweczka\u201d<\/strong> to og\u00f3lnopolska prospo\u0142eczna akcja realizowana w formie rywalizacji mi\u0119dzy Zespo\u0142ami S\u0105siedzkimi, a maj\u0105ca na celu zazielenienie wybranego terenu na osiedlu, kt\u00f3ry jest zaniedbany lub niezagospodarowany.<\/p>\n\n\n\n<p>W konkursie mog\u0105 wzi\u0105\u0107 udzia\u0142 mieszka\u0144cy otwartych osiedli, zarz\u0105dzanych przez sp\u00f3\u0142dzielnie, wsp\u00f3lnoty mieszkaniowe lub samorz\u0105d z miast powy\u017cej 10 tys. mieszka\u0144c\u00f3w, kt\u00f3rzy chc\u0105 i maj\u0105 pomys\u0142 jak odmieni\u0107 obszar zieleni znajduj\u0105cy si\u0119 na wybranym osiedlu.<\/p>\n\n\n\n<p>Zbudowany <strong>Zesp\u00f3\u0142 S\u0105siedzki<\/strong> ma za zadanie stworzy\u0107 projekt zazielenienia terenu wok\u00f3\u0142 miejsca zamieszkania. W z\u0142o\u017conym wniosku musi si\u0119 znale\u017a\u0107 projekt aran\u017cacji miniogrodu i kosztorys jego realizacji.<\/p>\n\n\n\n<p>Zwyci\u0119ska wizja mo\u017ce otrzyma\u0107 maksymalnie 1950 z\u0142 na zakup materia\u0142u ro\u015blinnego, pod\u0142o\u017ca i innych element\u00f3w do aran\u017cacji miniogrod\u00f3w. Pieni\u0105dze b\u0119d\u0105 przyznane wed\u0142ug nast\u0119puj\u0105cych wytycznych:<\/p>\n\n\n\n<ul class=\"wp-block-list\"><li>bez obiekt\u00f3w mikroretencji \u2013 maksymalnie 1200 z\u0142;<\/li><li>wraz z obiektami mikroretencji \u2013 maksymalnie 1500 z\u0142;<\/li><li>\u0142awka parkowa \u2013 warto\u015b\u0107 450 z\u0142.<\/li><\/ul>\n\n\n\n<p>Projekty, kt\u00f3re zostan\u0105 z\u0142o\u017cone drog\u0105 elektroniczn\u0105 do <strong>6 czerwca 2021 roku<\/strong>, b\u0119d\u0105 oceniane przez partner\u00f3w merytorycznych konkursu z katedry Architektury Krajobrazu Szko\u0142y G\u0142\u00f3wnej Gospodarstwa Wiejskiego w Warszawie.<\/p>\n\n\n\n<p>Wszelkie informacje dotycz\u0105ce udzia\u0142u w konkursie znajduj\u0105 si\u0119 na stronie <a href=\"https:\/\/zielonalaweczka.pl\/etap\/opracowanie-wniosku\/\" class=\"rank-math-link\" target=\"_blank\" rel=\"noopener\">Zielona \u0141aweczka<\/a>. <\/p>\n","protected":false},"excerpt":{"rendered":"<p>Ruszy\u0142a kolejna edycja og\u00f3lnopolskiego konkursu grantowego \u201eZielona \u0141aweczka\u201d. Maksymalna kwota do zdobycia to warto\u015b\u0107 1950 z\u0142. \u201eZielona \u0141aweczka\u201d to og\u00f3lnopolska prospo\u0142eczna akcja realizowana w<\/p>\n","protected":false},"author":12,"featured_media":37713,"comment_status":"open","ping_status":"open","sticky":false,"template":"","format":"standard","meta":{"_monsterinsights_skip_tracking":false,"_monsterinsights_sitenote_active":false,"_monsterinsights_sitenote_note":"","_monsterinsights_sitenote_category":0,"_uf_show_specific_survey":0,"_uf_disable_surveys":false,"footnotes":""},"categories":[29,3,27,25,26,94,28,2],"tags":[1709],"class_list":["post-37712","post","type-post","status-publish","format-standard","has-post-thumbnail","hentry","category-ekologia","category-czestochowa-informacje","category-klobuck-informacje","category-lubliniec","category-myszkow","category-polecane","category-radomsko","category-wiadomosci","tag-zielona-laweczka"],"_links":{"self":[{"href":"https:\/\/gazetaregionalna.com\/index.php?rest_route=\/wp\/v2\/posts\/37712","targetHints":{"allow":["GET"]}}],"collection":[{"href":"https:\/\/gazetaregionalna.com\/index.php?rest_route=\/wp\/v2\/posts"}],"about":[{"href":"https:\/\/gazetaregionalna.com\/index.php?rest_route=\/wp\/v2\/types\/post"}],"author":[{"embeddable":true,"href":"https:\/\/gazetaregionalna.com\/index.php?rest_route=\/wp\/v2\/users\/12"}],"replies":[{"embeddable":true,"href":"https:\/\/gazetaregionalna.com\/index.php?rest_route=%2Fwp%2Fv2%2Fcomments&post=37712"}],"version-history":[{"count":1,"href":"https:\/\/gazetaregionalna.com\/index.php?rest_route=\/wp\/v2\/posts\/37712\/revisions"}],"predecessor-version":[{"id":37715,"href":"https:\/\/gazetaregionalna.com\/index.php?rest_route=\/wp\/v2\/posts\/37712\/revisions\/37715"}],"wp:featuredmedia":[{"embeddable":true,"href":"https:\/\/gazetaregionalna.com\/index.php?rest_route=\/wp\/v2\/media\/37713"}],"wp:attachment":[{"href":"https:\/\/gazetaregionalna.com\/index.php?rest_route=%2Fwp%2Fv2%2Fmedia&parent=37712"}],"wp:term":[{"taxonomy":"category","embeddable":true,"href":"https:\/\/gazetaregionalna.com\/index.php?rest_route=%2Fwp%2Fv2%2Fcategories&post=37712"},{"taxonomy":"post_tag","embeddable":true,"href":"https:\/\/gazetaregionalna.com\/index.php?rest_route=%2Fwp%2Fv2%2Ftags&post=37712"}],"curies":[{"name":"wp","href":"https:\/\/api.w.org\/{rel}","templated":true}]}}