{"id":36802,"date":"2021-03-30T13:58:54","date_gmt":"2021-03-30T13:58:54","guid":{"rendered":"https:\/\/gazetaregionalna.com\/?p=36802"},"modified":"2021-03-30T13:58:56","modified_gmt":"2021-03-30T13:58:56","slug":"motor-lublin-oslabiony-przed-sobotnim-meczem-z-eltrox-wlokniarzem-u-jaroslawa-hampela-wykryto-koronawirusa","status":"publish","type":"post","link":"https:\/\/gazetaregionalna.com\/?p=36802","title":{"rendered":"Motor Lublin os\u0142abiony przed sobotnim meczem z Eltrox W\u0142\u00f3kniarzem. U Jaros\u0142awa Hampela wykryto koronawirusa"},"content":{"rendered":"\n<p>Ju\u017c w najbli\u017csz\u0105 niedziel\u0119 \u017cu\u017clowcy Eltrox W\u0142\u00f3kniarza maj\u0105 rozpocz\u0105\u0107 nowy sezon w PGE Ekstralidze meczem w Lublinie. Gospodarze do meczu przyst\u0105pi\u0105 os\u0142abieni, bo na obowi\u0105zkow\u0105 kwarantann\u0119 zosta\u0142 skierowany jeden z lider\u00f3w Jaros\u0142aw Hampel, u kt\u00f3rego wykryto koronawirusa.<\/p>\n\n\n\n<p>Mecz Eltrox W\u0142\u00f3kniarza z Motorem w Lublinie planowany jest na Wielk\u0105 Sobot\u0119, 3 kwietnia. Jaros\u0142aw Hampel na kwarantannie ma przebywa\u0107 do 7 kwietnia i nie mo\u017ce by\u0107 brany pod uwag\u0119 do ustalania sk\u0142adu na sobotnie spotkanie.<\/p>\n\n\n\n<p>To nie pierwszy przypadek koronawirusa w\u015br\u00f3d \u017cu\u017clowc\u00f3w. Trzech \u017cu\u017clowc\u00f3w GKM-u Grudzi\u0105dz: Przemys\u0142aw Pawlicki, Mateusz Bartkowiak i Kacper \u0141obodzi\u0144ski zostali r\u00f3wnie\u017c poddani izolacji, a mecz I kolejki GKM Grudzi\u0105dz \u2013 Betard Sparta Wroc\u0142aw zosta\u0142 prze\u0142o\u017cony na 23 kwietnia.<\/p>\n\n\n\n<p>\u201eJaros\u0142aw Hampel z MOTORU Lublin uzyska\u0142 pozytywny wynik testu PCR na obecno\u015b\u0107 wirusa SARS-CoV-2 (COVID-19) \u2013 czytamy na oficjalnej stronie www.speedwayekstraliga.pl. &#8211; W zwi\u0105zku z tym Klub i Ekstraliga \u017bu\u017clowa sp. z o. o. wdro\u017cy\u0142y procedury kryzysowe przewidziane na tak\u0105 okoliczno\u015b\u0107, a zawodnik zosta\u0142 poddany izolacji.<\/p>\n\n\n\n<p>W wyniku podejrzenia infekcji u Jaros\u0142awa Hampela, na podstawie objaw\u00f3w klinicznych stanu jego zdrowia nast\u0105pi\u0142a niezw\u0142oczna izolacja oraz zg\u0142oszenie do klubowego Komisarza Sanitarnego i Koordynatora Sanitarnego Ekstraligi \u017bu\u017clowej w celu wykonania testu na obecno\u015b\u0107 koronawirusa.<\/p>\n\n\n\n<p>Pozytywny wynik testu PCR na obecno\u015b\u0107 wirusa SARS-CoV-2 (COVID-19) oznacza to, \u017ce Jaros\u0142aw Hampel zosta\u0142 wykluczony z udzia\u0142u w dalszych rozgrywkach PGE Ekstraligi do czasu uzyskania statusu ozdrowie\u0144ca, czyli do 7.04.2021.<\/p>\n\n\n\n<p>Zawodnik nie mia\u0142 w ostatnim czasie kontaktu z pozosta\u0142ymi cz\u0142onkami dru\u017cyny oraz sztabu szkoleniowego i pracownikami klubu.<\/p>\n\n\n\n<p>Przed pierwsz\u0105 rund\u0105 rozgrywek PGE Ekstraligi ka\u017cdy klub jest zobowi\u0105zany przeprowadzi\u0107 testy na obecno\u015b\u0107 koronawirusa SARS-CoV-2 technik\u0105 RT-PCR wszystkim osobom uczestnicz\u0105cym w meczu i uprawnionym do przebywania w strefach stadionu, w kt\u00f3rych jest to wymagane regulaminowo. Test musi zosta\u0107 przeprowadzony na 48 godzin przed meczem\u201d.<\/p>\n\n\n\n<p>\u0179r\u00f3d\u0142o: w\u0142asne i www.speedwayekstraliga.pl<\/p>\n","protected":false},"excerpt":{"rendered":"<p>Ju\u017c w najbli\u017csz\u0105 niedziel\u0119 \u017cu\u017clowcy Eltrox W\u0142\u00f3kniarza maj\u0105 rozpocz\u0105\u0107 nowy sezon w PGE Ekstralidze meczem w Lublinie. Gospodarze do meczu przyst\u0105pi\u0105 os\u0142abieni, bo na<\/p>\n","protected":false},"author":15,"featured_media":16086,"comment_status":"open","ping_status":"open","sticky":false,"template":"","format":"standard","meta":{"_monsterinsights_skip_tracking":false,"_monsterinsights_sitenote_active":false,"_monsterinsights_sitenote_note":"","_monsterinsights_sitenote_category":0,"_uf_show_specific_survey":0,"_uf_disable_surveys":false,"footnotes":""},"categories":[5,7],"tags":[],"class_list":["post-36802","post","type-post","status-publish","format-standard","has-post-thumbnail","hentry","category-sport","category-zuzel"],"_links":{"self":[{"href":"https:\/\/gazetaregionalna.com\/index.php?rest_route=\/wp\/v2\/posts\/36802","targetHints":{"allow":["GET"]}}],"collection":[{"href":"https:\/\/gazetaregionalna.com\/index.php?rest_route=\/wp\/v2\/posts"}],"about":[{"href":"https:\/\/gazetaregionalna.com\/index.php?rest_route=\/wp\/v2\/types\/post"}],"author":[{"embeddable":true,"href":"https:\/\/gazetaregionalna.com\/index.php?rest_route=\/wp\/v2\/users\/15"}],"replies":[{"embeddable":true,"href":"https:\/\/gazetaregionalna.com\/index.php?rest_route=%2Fwp%2Fv2%2Fcomments&post=36802"}],"version-history":[{"count":1,"href":"https:\/\/gazetaregionalna.com\/index.php?rest_route=\/wp\/v2\/posts\/36802\/revisions"}],"predecessor-version":[{"id":36803,"href":"https:\/\/gazetaregionalna.com\/index.php?rest_route=\/wp\/v2\/posts\/36802\/revisions\/36803"}],"wp:featuredmedia":[{"embeddable":true,"href":"https:\/\/gazetaregionalna.com\/index.php?rest_route=\/wp\/v2\/media\/16086"}],"wp:attachment":[{"href":"https:\/\/gazetaregionalna.com\/index.php?rest_route=%2Fwp%2Fv2%2Fmedia&parent=36802"}],"wp:term":[{"taxonomy":"category","embeddable":true,"href":"https:\/\/gazetaregionalna.com\/index.php?rest_route=%2Fwp%2Fv2%2Fcategories&post=36802"},{"taxonomy":"post_tag","embeddable":true,"href":"https:\/\/gazetaregionalna.com\/index.php?rest_route=%2Fwp%2Fv2%2Ftags&post=36802"}],"curies":[{"name":"wp","href":"https:\/\/api.w.org\/{rel}","templated":true}]}}