{"id":36799,"date":"2021-03-30T13:53:42","date_gmt":"2021-03-30T13:53:42","guid":{"rendered":"https:\/\/gazetaregionalna.com\/?p=36799"},"modified":"2021-03-30T13:53:54","modified_gmt":"2021-03-30T13:53:54","slug":"pech-kamila-piatkowskiego-przed-meczem-z-anglia","status":"publish","type":"post","link":"https:\/\/gazetaregionalna.com\/?p=36799","title":{"rendered":"Pech Kamila Pi\u0105tkowskiego przed meczem z Angli\u0105. Dopad\u0142 go koronawirus"},"content":{"rendered":"\n<p>Pi\u0142karz Rakowa Kamil Pi\u0105tkowski ma pecha przed \u015brodowym meczem z Angli\u0105 w Londynie. U obro\u0144cy Rakowa i reprezentacji Polski wykryto we wtorek koronawirusa.<\/p>\n\n\n\n<p>Selekcjoner reprezentacji Polski Paulo Sousa powo\u0142a\u0142 utalentowanego Pi\u0105tkowskiego na mecze eliminacji M\u015a 2022 z W\u0119grami, Andor\u0105 i Angli\u0105. Polak z W\u0119grami nie zagra\u0142, ale zadebiutowa\u0142 od pierwszej minuty w meczu z Andor\u0105. Pi\u0105tkowski mia\u0142 te\u017c szans\u0119 zagra\u0107 z Angli\u0105. We wtorek pojawi\u0142a si\u0119 informacja potwierdzona na stronie PZPN, \u017ce u Kamila Pi\u0105tkowskiego i Grzegorza Krychowiaka wykryto koronawirusa. Co ciekawe, Krychowiak przechodzi\u0142 ju\u017c koronawirusa i jest ozdrowie\u0144cem. &#8211; Polski Zwi\u0105zek Pi\u0142ki No\u017cnej podj\u0105\u0142 rozmowy z UEFA w celu wyja\u015bnienia sprawy i dopuszczenia zawodnika do meczu z Angli\u0105 \u2013 mo\u017cna przeczyta\u0107 na stronie PZPN.<\/p>\n\n\n\n<p>Kibice Rakowa trzymaj\u0105 natomiast kciuki za Pi\u0105tkowskiego. \u201ePiona\u201d jest jednym z lider\u00f3w Rakowa i jego powr\u00f3t do zdrowia jest bardzo wa\u017cny.<\/p>\n\n\n\n<p>Foto: Gazeta Regionalna\/AK<\/p>\n","protected":false},"excerpt":{"rendered":"<p>Pi\u0142karz Rakowa Kamil Pi\u0105tkowski ma pecha przed \u015brodowym meczem z Angli\u0105 w Londynie. U obro\u0144cy Rakowa i reprezentacji Polski wykryto we wtorek koronawirusa. Selekcjoner<\/p>\n","protected":false},"author":15,"featured_media":0,"comment_status":"open","ping_status":"open","sticky":false,"template":"","format":"standard","meta":{"_monsterinsights_skip_tracking":false,"_monsterinsights_sitenote_active":false,"_monsterinsights_sitenote_note":"","_monsterinsights_sitenote_category":0,"_uf_show_specific_survey":0,"_uf_disable_surveys":false,"footnotes":""},"categories":[5,6],"tags":[],"class_list":["post-36799","post","type-post","status-publish","format-standard","hentry","category-sport","category-pilka-nozna"],"_links":{"self":[{"href":"https:\/\/gazetaregionalna.com\/index.php?rest_route=\/wp\/v2\/posts\/36799","targetHints":{"allow":["GET"]}}],"collection":[{"href":"https:\/\/gazetaregionalna.com\/index.php?rest_route=\/wp\/v2\/posts"}],"about":[{"href":"https:\/\/gazetaregionalna.com\/index.php?rest_route=\/wp\/v2\/types\/post"}],"author":[{"embeddable":true,"href":"https:\/\/gazetaregionalna.com\/index.php?rest_route=\/wp\/v2\/users\/15"}],"replies":[{"embeddable":true,"href":"https:\/\/gazetaregionalna.com\/index.php?rest_route=%2Fwp%2Fv2%2Fcomments&post=36799"}],"version-history":[{"count":2,"href":"https:\/\/gazetaregionalna.com\/index.php?rest_route=\/wp\/v2\/posts\/36799\/revisions"}],"predecessor-version":[{"id":36801,"href":"https:\/\/gazetaregionalna.com\/index.php?rest_route=\/wp\/v2\/posts\/36799\/revisions\/36801"}],"wp:attachment":[{"href":"https:\/\/gazetaregionalna.com\/index.php?rest_route=%2Fwp%2Fv2%2Fmedia&parent=36799"}],"wp:term":[{"taxonomy":"category","embeddable":true,"href":"https:\/\/gazetaregionalna.com\/index.php?rest_route=%2Fwp%2Fv2%2Fcategories&post=36799"},{"taxonomy":"post_tag","embeddable":true,"href":"https:\/\/gazetaregionalna.com\/index.php?rest_route=%2Fwp%2Fv2%2Ftags&post=36799"}],"curies":[{"name":"wp","href":"https:\/\/api.w.org\/{rel}","templated":true}]}}