{"id":3659,"date":"2019-06-13T10:47:12","date_gmt":"2019-06-13T10:47:12","guid":{"rendered":"https:\/\/gazetaregionalna.com\/?p=3659"},"modified":"2019-06-13T10:47:16","modified_gmt":"2019-06-13T10:47:16","slug":"miasto-sie-chlodzi","status":"publish","type":"post","link":"https:\/\/gazetaregionalna.com\/?p=3659","title":{"rendered":"Miasto si\u0119 ch\u0142odzi"},"content":{"rendered":"\n<p> Siedem kurtyn wodnych stan\u0119\u0142o w mie\u015bcie w zwi\u0105zku z panuj\u0105c\u0105 od kilku dni wysok\u0105 temperatur\u0105. W pierwszej kolejno\u015bci zraszacze obs\u0142ugiwane przez<strong> <\/strong>Przedsi\u0119biorstwo Wodoci\u0105g\u00f3w i Kanalizacji Okr\u0119gu Cz\u0119stochowskiego ustawiono na placu Biega\u0144skiego oraz na Promenadzie im. Czes\u0142awa Niemena. <\/p>\n\n\n\n<figure class=\"wp-block-image\"><img decoding=\"async\" width=\"900\" height=\"598\" data-src=\"https:\/\/gazetaregionalna.com\/wp-content\/uploads\/2019\/06\/kurtyna2.jpg\" alt=\"\" class=\"wp-image-3660 lazyload\" data-srcset=\"https:\/\/gazetaregionalna.com\/wp-content\/uploads\/2019\/06\/kurtyna2.jpg 900w, https:\/\/gazetaregionalna.com\/wp-content\/uploads\/2019\/06\/kurtyna2-300x199.jpg 300w, https:\/\/gazetaregionalna.com\/wp-content\/uploads\/2019\/06\/kurtyna2-768x510.jpg 768w\" data-sizes=\"(max-width: 900px) 100vw, 900px\" src=\"data:image\/svg+xml;base64,PHN2ZyB3aWR0aD0iMSIgaGVpZ2h0PSIxIiB4bWxucz0iaHR0cDovL3d3dy53My5vcmcvMjAwMC9zdmciPjwvc3ZnPg==\" style=\"--smush-placeholder-width: 900px; --smush-placeholder-aspect-ratio: 900\/598;\" \/><\/figure>\n\n\n\n<p>Kolejne kurtyny wodne pomagaj\u0105ce pieszych i rowerzystom och\u0142odzi\u0107 si\u0119 w upa\u0142, zamontowano  przez Sp\u00f3\u0142dzielni\u0119 Mieszkaniow\u0105 &#8222;Metalurg\u201d przy du\u017cych placach placach zabaw. Ich lokalizacje: ul. Wierzbowa 14, Gajowa 7 i Orlik-R\u00fcckemanna 53. Poza PwiK z upa\u0142em pomagaj\u0105 walczy\u0107 tak\u017ce dwie kurtyny, kt\u00f3rymi dysponuje Wydzia\u0142 Zarz\u0105dzania Kryzysowego, Ochrony Ludno\u015bci i Spraw Obronnych Urz\u0119du Miasta Cz\u0119stochowy. Jedna z nich ch\u0142odzi przechodni\u00f3w w okolicach placu zabaw przy skrzy\u017cowaniu ulicy Dekabryst\u00f3w z alej\u0105 Armii Krajowej, druga &#8211; obok Centrum Handlowego Estakada.<\/p>\n\n\n\n<p>\nJak\nzapowiada magistrat, wszystkie kurtyny wodne b\u0119d\u0105 dzia\u0142a\u0107 od\nwczesnych godzin rannych do wieczora, a\u017c do ustania upa\u0142\u00f3w.<\/p>\n","protected":false},"excerpt":{"rendered":"<p>Siedem kurtyn wodnych stan\u0119\u0142o w mie\u015bcie w zwi\u0105zku z panuj\u0105c\u0105 od kilku dni wysok\u0105 temperatur\u0105. W pierwszej kolejno\u015bci zraszacze obs\u0142ugiwane przez Przedsi\u0119biorstwo Wodoci\u0105g\u00f3w i<\/p>\n","protected":false},"author":3,"featured_media":3661,"comment_status":"open","ping_status":"open","sticky":false,"template":"","format":"standard","meta":{"_monsterinsights_skip_tracking":false,"_monsterinsights_sitenote_active":false,"_monsterinsights_sitenote_note":"","_monsterinsights_sitenote_category":0,"_uf_show_specific_survey":0,"_uf_disable_surveys":false,"footnotes":""},"categories":[3,2],"tags":[],"class_list":["post-3659","post","type-post","status-publish","format-standard","has-post-thumbnail","hentry","category-czestochowa-informacje","category-wiadomosci"],"_links":{"self":[{"href":"https:\/\/gazetaregionalna.com\/index.php?rest_route=\/wp\/v2\/posts\/3659","targetHints":{"allow":["GET"]}}],"collection":[{"href":"https:\/\/gazetaregionalna.com\/index.php?rest_route=\/wp\/v2\/posts"}],"about":[{"href":"https:\/\/gazetaregionalna.com\/index.php?rest_route=\/wp\/v2\/types\/post"}],"author":[{"embeddable":true,"href":"https:\/\/gazetaregionalna.com\/index.php?rest_route=\/wp\/v2\/users\/3"}],"replies":[{"embeddable":true,"href":"https:\/\/gazetaregionalna.com\/index.php?rest_route=%2Fwp%2Fv2%2Fcomments&post=3659"}],"version-history":[{"count":1,"href":"https:\/\/gazetaregionalna.com\/index.php?rest_route=\/wp\/v2\/posts\/3659\/revisions"}],"predecessor-version":[{"id":3662,"href":"https:\/\/gazetaregionalna.com\/index.php?rest_route=\/wp\/v2\/posts\/3659\/revisions\/3662"}],"wp:featuredmedia":[{"embeddable":true,"href":"https:\/\/gazetaregionalna.com\/index.php?rest_route=\/wp\/v2\/media\/3661"}],"wp:attachment":[{"href":"https:\/\/gazetaregionalna.com\/index.php?rest_route=%2Fwp%2Fv2%2Fmedia&parent=3659"}],"wp:term":[{"taxonomy":"category","embeddable":true,"href":"https:\/\/gazetaregionalna.com\/index.php?rest_route=%2Fwp%2Fv2%2Fcategories&post=3659"},{"taxonomy":"post_tag","embeddable":true,"href":"https:\/\/gazetaregionalna.com\/index.php?rest_route=%2Fwp%2Fv2%2Ftags&post=3659"}],"curies":[{"name":"wp","href":"https:\/\/api.w.org\/{rel}","templated":true}]}}