{"id":3656,"date":"2019-06-13T10:37:46","date_gmt":"2019-06-13T10:37:46","guid":{"rendered":"https:\/\/gazetaregionalna.com\/?p=3656"},"modified":"2019-06-13T10:50:16","modified_gmt":"2019-06-13T10:50:16","slug":"zatancza-gorace-rytmy-i-tance-standardowe","status":"publish","type":"post","link":"https:\/\/gazetaregionalna.com\/?p=3656","title":{"rendered":"Zata\u0144cz\u0105 gor\u0105ce rytmy i ta\u0144ce standardowe"},"content":{"rendered":"\n<p> W niedziel\u0119, 16 czerwca w Hali Sportowa przy PSP nr 6 w Radomsku, przy ul. \u015aw. Jadwigi 20, odb\u0119dzie si\u0119&nbsp;\u201eV&nbsp;Turniej Ta\u0144ca Towarzyskiego o Puchar Prezydenta Miasta Radomska \u2013 Etiuda 2019\u201d.<\/p>\n\n\n\n<figure class=\"wp-block-image\"><img decoding=\"async\" width=\"416\" height=\"599\" data-src=\"https:\/\/gazetaregionalna.com\/wp-content\/uploads\/2019\/06\/plakatfiszer2019.jpg\" alt=\"\" class=\"wp-image-3657 lazyload\" data-srcset=\"https:\/\/gazetaregionalna.com\/wp-content\/uploads\/2019\/06\/plakatfiszer2019.jpg 416w, https:\/\/gazetaregionalna.com\/wp-content\/uploads\/2019\/06\/plakatfiszer2019-208x300.jpg 208w\" data-sizes=\"(max-width: 416px) 100vw, 416px\" src=\"data:image\/svg+xml;base64,PHN2ZyB3aWR0aD0iMSIgaGVpZ2h0PSIxIiB4bWxucz0iaHR0cDovL3d3dy53My5vcmcvMjAwMC9zdmciPjwvc3ZnPg==\" style=\"--smush-placeholder-width: 416px; --smush-placeholder-aspect-ratio: 416\/599;\" \/><\/figure>\n\n\n\n<p><br> Widzowie podziwia\u0107 b\u0119d\u0105 mogli tancerzy latynoameryka\u0144skich i standardowych z najlepszych klub\u00f3w tanecznych z ca\u0142ego kraju.<br> Bloki taneczne zaplanowano na godzin\u0119 10 i 13.30. Gala wieczorna po godzinie 17.<br> Cena biletu dla publiczno\u015bci za blok 20 z\u0142 \u2013 dzieci do lat 7 wst\u0119p wolny.<br> Organizatorami zawod\u00f3w tanecznych s\u0105:<br> Miejski Dom Kultury w Radomsku, Miasto Radomsko oraz Studio Ta\u0144ca Towarzyskiego Etiuda.  <\/p>\n","protected":false},"excerpt":{"rendered":"<p>W niedziel\u0119, 16 czerwca w Hali Sportowa przy PSP nr 6 w Radomsku, przy ul. \u015aw. Jadwigi 20, odb\u0119dzie si\u0119&nbsp;\u201eV&nbsp;Turniej Ta\u0144ca Towarzyskiego o Puchar<\/p>\n","protected":false},"author":3,"featured_media":3657,"comment_status":"open","ping_status":"open","sticky":false,"template":"","format":"standard","meta":{"_monsterinsights_skip_tracking":false,"_monsterinsights_sitenote_active":false,"_monsterinsights_sitenote_note":"","_monsterinsights_sitenote_category":0,"_uf_show_specific_survey":0,"_uf_disable_surveys":false,"footnotes":""},"categories":[12,28,2],"tags":[],"class_list":["post-3656","post","type-post","status-publish","format-standard","has-post-thumbnail","hentry","category-kultura-i-rozrywka","category-radomsko","category-wiadomosci"],"_links":{"self":[{"href":"https:\/\/gazetaregionalna.com\/index.php?rest_route=\/wp\/v2\/posts\/3656","targetHints":{"allow":["GET"]}}],"collection":[{"href":"https:\/\/gazetaregionalna.com\/index.php?rest_route=\/wp\/v2\/posts"}],"about":[{"href":"https:\/\/gazetaregionalna.com\/index.php?rest_route=\/wp\/v2\/types\/post"}],"author":[{"embeddable":true,"href":"https:\/\/gazetaregionalna.com\/index.php?rest_route=\/wp\/v2\/users\/3"}],"replies":[{"embeddable":true,"href":"https:\/\/gazetaregionalna.com\/index.php?rest_route=%2Fwp%2Fv2%2Fcomments&post=3656"}],"version-history":[{"count":2,"href":"https:\/\/gazetaregionalna.com\/index.php?rest_route=\/wp\/v2\/posts\/3656\/revisions"}],"predecessor-version":[{"id":3663,"href":"https:\/\/gazetaregionalna.com\/index.php?rest_route=\/wp\/v2\/posts\/3656\/revisions\/3663"}],"wp:featuredmedia":[{"embeddable":true,"href":"https:\/\/gazetaregionalna.com\/index.php?rest_route=\/wp\/v2\/media\/3657"}],"wp:attachment":[{"href":"https:\/\/gazetaregionalna.com\/index.php?rest_route=%2Fwp%2Fv2%2Fmedia&parent=3656"}],"wp:term":[{"taxonomy":"category","embeddable":true,"href":"https:\/\/gazetaregionalna.com\/index.php?rest_route=%2Fwp%2Fv2%2Fcategories&post=3656"},{"taxonomy":"post_tag","embeddable":true,"href":"https:\/\/gazetaregionalna.com\/index.php?rest_route=%2Fwp%2Fv2%2Ftags&post=3656"}],"curies":[{"name":"wp","href":"https:\/\/api.w.org\/{rel}","templated":true}]}}