{"id":3638,"date":"2019-06-13T10:15:00","date_gmt":"2019-06-13T10:15:00","guid":{"rendered":"https:\/\/gazetaregionalna.com\/?p=3638"},"modified":"2019-06-13T10:15:02","modified_gmt":"2019-06-13T10:15:02","slug":"lubliniec-komenda-policji-w-woznikach-ma-nowa-hybryde","status":"publish","type":"post","link":"https:\/\/gazetaregionalna.com\/?p=3638","title":{"rendered":"Lubliniec. Komenda Policji w Wo\u017anikach ma now\u0105 hybryd\u0119"},"content":{"rendered":"\n<p>54 nowe radiowozy zasili\u0142y flot\u0119 \u015bl\u0105skiej policji. 4 czerwca w siedzibie Komendy Wojew\u00f3dzkiej Policji w Katowicach odby\u0142o si\u0119 ich uroczyste przekazanie. <\/p>\n\n\n\n<p>Pierwszy Zast\u0119pca Komendanta Powiatowego Policji w Lubli\u0144cu m\u0142. insp. Jacek Siwiaszczyk odebra\u0142 oznakowan\u0105, hybrydow\u0105 Toyot\u0119, kt\u00f3ra trafi do Komisariatu Policji w Wo\u017anikach. <\/p>\n\n\n\n<p>Radiowozy maj\u0105 bogate wyposa\u017cenie, by zapewni\u0107 maksimum bezpiecze\u0144stwa oraz komfort policjantom, kt\u00f3rzy b\u0119d\u0105 w nich pe\u0142ni\u0107 codzienn\u0105 s\u0142u\u017cb\u0119. <br>Do wyposa\u017cenia nale\u017c\u0105 m.in. automatyczna skrzynia bieg\u00f3w, automatyczna klimatyzacja oraz kamera cofania. <br> Ka\u017cdy z pojazd\u00f3w Toyota Corolla kombi wart jest ponad 102 tys. z\u0142 brutto, a pod mask\u0105 posiada silnik o pojemno\u015bci 1,8 litra. \u0141\u0105czna moc uk\u0142adu hybrydowego, to 122 KM. <\/p>\n\n\n\n<p>Dla przysz\u0142ych u\u017cytkownik\u00f3w nowo zakupionych pojazd\u00f3w zaplanowano szkolenia, organizowane przez dostawc\u0119 pojazd\u00f3w z udzia\u0142em importera. <br>Obejmowa\u0107 one b\u0119d\u0105 cz\u0119\u015b\u0107 teoretyczn\u0105 i praktyczn\u0105.<\/p>\n\n\n\n<p><br> (red.)<\/p>\n","protected":false},"excerpt":{"rendered":"<p>54 nowe radiowozy zasili\u0142y flot\u0119 \u015bl\u0105skiej policji. 4 czerwca w siedzibie Komendy Wojew\u00f3dzkiej Policji w Katowicach odby\u0142o si\u0119 ich uroczyste przekazanie. Pierwszy Zast\u0119pca Komendanta<\/p>\n","protected":false},"author":3,"featured_media":3639,"comment_status":"open","ping_status":"open","sticky":false,"template":"","format":"standard","meta":{"_monsterinsights_skip_tracking":false,"_monsterinsights_sitenote_active":false,"_monsterinsights_sitenote_note":"","_monsterinsights_sitenote_category":0,"_uf_show_specific_survey":0,"_uf_disable_surveys":false,"footnotes":""},"categories":[44,43,33,25,18,2,13],"tags":[],"class_list":["post-3638","post","type-post","status-publish","format-standard","has-post-thumbnail","hentry","category-bezpieczenstwo","category-biznes","category-inwestycje","category-lubliniec","category-motoryzacja","category-wiadomosci","category-wydarzenia"],"_links":{"self":[{"href":"https:\/\/gazetaregionalna.com\/index.php?rest_route=\/wp\/v2\/posts\/3638","targetHints":{"allow":["GET"]}}],"collection":[{"href":"https:\/\/gazetaregionalna.com\/index.php?rest_route=\/wp\/v2\/posts"}],"about":[{"href":"https:\/\/gazetaregionalna.com\/index.php?rest_route=\/wp\/v2\/types\/post"}],"author":[{"embeddable":true,"href":"https:\/\/gazetaregionalna.com\/index.php?rest_route=\/wp\/v2\/users\/3"}],"replies":[{"embeddable":true,"href":"https:\/\/gazetaregionalna.com\/index.php?rest_route=%2Fwp%2Fv2%2Fcomments&post=3638"}],"version-history":[{"count":1,"href":"https:\/\/gazetaregionalna.com\/index.php?rest_route=\/wp\/v2\/posts\/3638\/revisions"}],"predecessor-version":[{"id":3640,"href":"https:\/\/gazetaregionalna.com\/index.php?rest_route=\/wp\/v2\/posts\/3638\/revisions\/3640"}],"wp:featuredmedia":[{"embeddable":true,"href":"https:\/\/gazetaregionalna.com\/index.php?rest_route=\/wp\/v2\/media\/3639"}],"wp:attachment":[{"href":"https:\/\/gazetaregionalna.com\/index.php?rest_route=%2Fwp%2Fv2%2Fmedia&parent=3638"}],"wp:term":[{"taxonomy":"category","embeddable":true,"href":"https:\/\/gazetaregionalna.com\/index.php?rest_route=%2Fwp%2Fv2%2Fcategories&post=3638"},{"taxonomy":"post_tag","embeddable":true,"href":"https:\/\/gazetaregionalna.com\/index.php?rest_route=%2Fwp%2Fv2%2Ftags&post=3638"}],"curies":[{"name":"wp","href":"https:\/\/api.w.org\/{rel}","templated":true}]}}