{"id":3635,"date":"2019-06-13T10:10:36","date_gmt":"2019-06-13T10:10:36","guid":{"rendered":"https:\/\/gazetaregionalna.com\/?p=3635"},"modified":"2019-06-13T10:10:39","modified_gmt":"2019-06-13T10:10:39","slug":"lubliniec-kara-za-znecanie-sie-nad-zwierzetami","status":"publish","type":"post","link":"https:\/\/gazetaregionalna.com\/?p=3635","title":{"rendered":"Lubliniec. Kara za zn\u0119canie si\u0119 nad zwierz\u0119tami"},"content":{"rendered":"\n<p>Od d\u0142u\u017cszego czasu mieszka\u0144cy Boronowa skar\u017cyli si\u0119 na nieprzyjemny zapach dochodz\u0105cy z pobliskiego gospodarstwa domowego. Przybyli na miejsce policjanci ujawnili 13 pad\u0142ych zwierz\u0105t.<\/p>\n\n\n\n<p>7 czerwca policjanci z komendy w Lubli\u0144cu otrzymali zg\u0142oszenie o fetorze dochodz\u0105cym z jednego z gospodarstw w Boronowie. <br>\nNa miejsce skierowano dzielnicowego. Na widok umundurowanego policjanta w\u0142a\u015bciciel nieruchomo\u015bci uciek\u0142 z terenu posesji, wykorzystuj\u0105c do tego tylne wyj\u015bcie z posesji. <\/p>\n\n\n\n<p>W wyniku sprawdzenia gospodarstwa ujawniono \u0142\u0105cznie 13 pad\u0142ych zwierz\u0105t &#8211; byk\u00f3w i \u015bwi\u0144, z czego cz\u0119\u015b\u0107 znajdowa\u0142a si\u0119 w stanie cz\u0119\u015bciowego rozk\u0142adu. Na miejsce wezwane zosta\u0142y s\u0142u\u017cby weterynaryjne, a policjanci przeprowadzili czynno\u015bci procesowe, w trakcie kt\u00f3rych zabezpieczono niezb\u0119dne dla post\u0119powania dowody. <\/p>\n\n\n\n<p>W\u0142a\u015bciciel zwierz\u0105t przez kilka dni by\u0142 poszukiwany. W czynno\u015bciach poszukiwawczych uczestniczyli policjanci i stra\u017cacy. 67-latek zosta\u0142 odnaleziony w dniu 11 czerwca na terenie Boronowa. <\/p>\n\n\n\n<p>Zosta\u0142 zatrzymany, a w najbli\u017cszym czasie b\u0119dzie doprowadzony do Prokuratury Rejonowej w Lubli\u0144cu, gdzie us\u0142yszy zarzut zn\u0119cania si\u0119 nad zwierz\u0119tami ze szczeg\u00f3lnym okrucie\u0144stwem. <br>Czyn ten zagro\u017cony jest kar\u0105 do 5 lat pozbawienia wolno\u015bci.<\/p>\n\n\n\n<p>(red.)<\/p>\n","protected":false},"excerpt":{"rendered":"<p>Od d\u0142u\u017cszego czasu mieszka\u0144cy Boronowa skar\u017cyli si\u0119 na nieprzyjemny zapach dochodz\u0105cy z pobliskiego gospodarstwa domowego. Przybyli na miejsce policjanci ujawnili 13 pad\u0142ych zwierz\u0105t. 7<\/p>\n","protected":false},"author":3,"featured_media":3636,"comment_status":"open","ping_status":"open","sticky":false,"template":"","format":"standard","meta":{"_monsterinsights_skip_tracking":false,"_monsterinsights_sitenote_active":false,"_monsterinsights_sitenote_note":"","_monsterinsights_sitenote_category":0,"_uf_show_specific_survey":0,"_uf_disable_surveys":false,"footnotes":""},"categories":[25,2],"tags":[],"class_list":["post-3635","post","type-post","status-publish","format-standard","has-post-thumbnail","hentry","category-lubliniec","category-wiadomosci"],"_links":{"self":[{"href":"https:\/\/gazetaregionalna.com\/index.php?rest_route=\/wp\/v2\/posts\/3635","targetHints":{"allow":["GET"]}}],"collection":[{"href":"https:\/\/gazetaregionalna.com\/index.php?rest_route=\/wp\/v2\/posts"}],"about":[{"href":"https:\/\/gazetaregionalna.com\/index.php?rest_route=\/wp\/v2\/types\/post"}],"author":[{"embeddable":true,"href":"https:\/\/gazetaregionalna.com\/index.php?rest_route=\/wp\/v2\/users\/3"}],"replies":[{"embeddable":true,"href":"https:\/\/gazetaregionalna.com\/index.php?rest_route=%2Fwp%2Fv2%2Fcomments&post=3635"}],"version-history":[{"count":1,"href":"https:\/\/gazetaregionalna.com\/index.php?rest_route=\/wp\/v2\/posts\/3635\/revisions"}],"predecessor-version":[{"id":3637,"href":"https:\/\/gazetaregionalna.com\/index.php?rest_route=\/wp\/v2\/posts\/3635\/revisions\/3637"}],"wp:featuredmedia":[{"embeddable":true,"href":"https:\/\/gazetaregionalna.com\/index.php?rest_route=\/wp\/v2\/media\/3636"}],"wp:attachment":[{"href":"https:\/\/gazetaregionalna.com\/index.php?rest_route=%2Fwp%2Fv2%2Fmedia&parent=3635"}],"wp:term":[{"taxonomy":"category","embeddable":true,"href":"https:\/\/gazetaregionalna.com\/index.php?rest_route=%2Fwp%2Fv2%2Fcategories&post=3635"},{"taxonomy":"post_tag","embeddable":true,"href":"https:\/\/gazetaregionalna.com\/index.php?rest_route=%2Fwp%2Fv2%2Ftags&post=3635"}],"curies":[{"name":"wp","href":"https:\/\/api.w.org\/{rel}","templated":true}]}}