{"id":3632,"date":"2019-06-13T10:07:01","date_gmt":"2019-06-13T10:07:01","guid":{"rendered":"https:\/\/gazetaregionalna.com\/?p=3632"},"modified":"2019-06-13T10:07:04","modified_gmt":"2019-06-13T10:07:04","slug":"lubliniec-sa-pieniadze-na-drogi","status":"publish","type":"post","link":"https:\/\/gazetaregionalna.com\/?p=3632","title":{"rendered":"Lubliniec. S\u0105 pieni\u0105dze na drogi"},"content":{"rendered":"\n<p>Z dofinansowania w ramach Programu Rozwoju Obszar\u00f3w Wiejskich skorzystaj\u0105 trzy gminy z powiatu lublinieckiego. <\/p>\n\n\n\n<p>Z ko\u0144cem maja w Urz\u0119dzie Marsz\u0142kowskim w Katowicach odby\u0142o si\u0119 uroczyste podpisanie um\u00f3w na dofinansowanie unijne w zakresie budowy i modernizacji dr\u00f3g lokalnych . Wszytsko to w ramach Programu Rozwoju Obszar\u00f3w Wiejskich.  Umow\u0119 podpisa\u0142o 29 gmin z wojew\u00f3dztwa \u015al\u0105skiego w tym trzy gminy z powiatu lublinieckiego: Pawonk\u00f3w, Wo\u017aniki oraz Ciasna. <\/p>\n\n\n\n<p><em>&#8222;Przekazali\u015bmy niemal 30 milion\u00f3w z\u0142otych na inwestycje niezwykle istotne z punktu widzenia lokalnych spo\u0142eczno\u015bci. Na poziomie gminnym i powiatowym kluczowe znaczenie maj\u0105 drogi lokalne. 29 samorz\u0105d\u00f3w w nied\u0142ugim czasie zrealizuje zadania, na kt\u00f3re czekaj\u0105 mieszka\u0144cy. Samorz\u0105d wojew\u00f3dztwa wspiera te dzia\u0142ania. Ciesz\u0119 si\u0119, \u017ce skala inwestycji w ramach PROW jest tak znaczna i potwierdza dobr\u0105 wsp\u00f3\u0142prac\u0119 samorz\u0105du wojew\u00f3dztwa z gminami i powiatami&#8221;<\/em> \u2013 powiedzia\u0142 marsza\u0142ek Jakub Che\u0142stowski.<\/p>\n\n\n\n<p><strong>Ko\u015bmiderska do przebudowy<\/strong><\/p>\n\n\n\n<p>12 miejsce na li\u015bcie zaj\u0105\u0142 Pawonk\u00f3w i otrzyma  1 647 787 z\u0142 na przebudow\u0119 ul. Ko\u015bmiderskiej, To droga \u0142\u0105cz\u0105ca Pawonk\u00f3w i Ko\u015bmidry. Ca\u0142owity koszt przebudowy tej drogi wynosi 2,5 mln z\u0142otych. Na t\u0105 chwil\u0119 gmina jest na etapie przygotowania do og\u0142oszenia przetargu na realizacj\u0119 tego zadania. Jaki koszt budowy b\u0119dzie ostateczny? Tego dowiemy si\u0119 po wy\u0142onieniu wykonawcy.  Zakres prac obejmie odcinek o d\u0142ugo\u015bci ponad 3100 m m.in. z wykonaniem nowej podbudowy i po\u0142o\u017ceniem nowej nak\u0142adki asfaltowej. Wymiana asfaltu, kt\u00f3ry ju\u017c istnieje, ale jest stan pozostawia wiele do \u017cyczenia. Droga ta jest w codziennym u\u017cytku i wiele os\u00f3b doje\u017cd\u017ca ni\u0105 do pracy lub szko\u0142y. Przebudowa jej jest zatem niezb\u0119dna. <\/p>\n\n\n\n<p><strong>Ciasna i Wo\u017aniki<\/strong><\/p>\n\n\n\n<p>Gmina Ciasna znalaz\u0142a si\u0119 na 14 pozycji. W gminie planowana jest przebudowa ulicy G\u00f3rnej w miejscowo\u015bci Glinica. Co prawda przetarg na jej przebudow\u0119 by\u0142 ju\u017c og\u0142oszony w formule &#8222;zaprojektuj i wybuduj&#8221;, jednak gmina przeznaczy\u0142a na ten cel 760 tys. z\u0142otych, a jedyna oferta jaka wp\u0142yn\u0119\u0142a opiewa\u0142a na kwot\u0119 1,7 mln. z\u0142otych. Z Programu Rozwoju Obszar\u00f3w Wiejskich gmina Pawonk\u00f3w pozyska\u0142a na ten cel  464 574 z\u0142. <br> Gmina Wo\u017aniki, kt\u00f3ra w Programie Rozwoju Obszar\u00f3w Wiejskich znalaz\u0142 si\u0119 na 24 pozycji uzyska\u0142a dofinansowanie w kwocie  801 066 z\u0142. Te pieni\u0105dze przeznaczone bed\u0105 na przebudow\u0119 ul. Ks. Antosza w Dyrdach. Urz\u0105d Miejski w Wo\u017anikach og\u0142osi\u0142 ju\u017c przetarg na t\u0119 inwestycj\u0119. <\/p>\n\n\n\n<p>(p.s-b.)<\/p>\n","protected":false},"excerpt":{"rendered":"<p>Z dofinansowania w ramach Programu Rozwoju Obszar\u00f3w Wiejskich skorzystaj\u0105 trzy gminy z powiatu lublinieckiego. Z ko\u0144cem maja w Urz\u0119dzie Marsz\u0142kowskim w Katowicach odby\u0142o si\u0119<\/p>\n","protected":false},"author":3,"featured_media":3633,"comment_status":"open","ping_status":"open","sticky":false,"template":"","format":"standard","meta":{"_monsterinsights_skip_tracking":false,"_monsterinsights_sitenote_active":false,"_monsterinsights_sitenote_note":"","_monsterinsights_sitenote_category":0,"_uf_show_specific_survey":0,"_uf_disable_surveys":false,"footnotes":""},"categories":[43,20,42,33,25,2],"tags":[],"class_list":["post-3632","post","type-post","status-publish","format-standard","has-post-thumbnail","hentry","category-biznes","category-budownictwo","category-finanse","category-inwestycje","category-lubliniec","category-wiadomosci"],"_links":{"self":[{"href":"https:\/\/gazetaregionalna.com\/index.php?rest_route=\/wp\/v2\/posts\/3632","targetHints":{"allow":["GET"]}}],"collection":[{"href":"https:\/\/gazetaregionalna.com\/index.php?rest_route=\/wp\/v2\/posts"}],"about":[{"href":"https:\/\/gazetaregionalna.com\/index.php?rest_route=\/wp\/v2\/types\/post"}],"author":[{"embeddable":true,"href":"https:\/\/gazetaregionalna.com\/index.php?rest_route=\/wp\/v2\/users\/3"}],"replies":[{"embeddable":true,"href":"https:\/\/gazetaregionalna.com\/index.php?rest_route=%2Fwp%2Fv2%2Fcomments&post=3632"}],"version-history":[{"count":1,"href":"https:\/\/gazetaregionalna.com\/index.php?rest_route=\/wp\/v2\/posts\/3632\/revisions"}],"predecessor-version":[{"id":3634,"href":"https:\/\/gazetaregionalna.com\/index.php?rest_route=\/wp\/v2\/posts\/3632\/revisions\/3634"}],"wp:featuredmedia":[{"embeddable":true,"href":"https:\/\/gazetaregionalna.com\/index.php?rest_route=\/wp\/v2\/media\/3633"}],"wp:attachment":[{"href":"https:\/\/gazetaregionalna.com\/index.php?rest_route=%2Fwp%2Fv2%2Fmedia&parent=3632"}],"wp:term":[{"taxonomy":"category","embeddable":true,"href":"https:\/\/gazetaregionalna.com\/index.php?rest_route=%2Fwp%2Fv2%2Fcategories&post=3632"},{"taxonomy":"post_tag","embeddable":true,"href":"https:\/\/gazetaregionalna.com\/index.php?rest_route=%2Fwp%2Fv2%2Ftags&post=3632"}],"curies":[{"name":"wp","href":"https:\/\/api.w.org\/{rel}","templated":true}]}}