{"id":3628,"date":"2019-06-13T10:02:42","date_gmt":"2019-06-13T10:02:42","guid":{"rendered":"https:\/\/gazetaregionalna.com\/?p=3628"},"modified":"2019-06-13T10:02:44","modified_gmt":"2019-06-13T10:02:44","slug":"lubliniec-wielkie-otwarcie-lubiteki","status":"publish","type":"post","link":"https:\/\/gazetaregionalna.com\/?p=3628","title":{"rendered":"Lubliniec. Wielkie otwarcie Lubiteki"},"content":{"rendered":"\n<p>Wybudowana przy ul. Sportowej w Lubli\u0144cu biblioteka w ko\u0144cu doczeka si\u0119 otwarcia. <\/p>\n\n\n\n<p>Uroczyste otwarcie Lubiteki nast\u0105pi podczas Dni Lubli\u0144ca, czyli w sobot\u0119 15 czerwca. Tego dnia gwiazd\u0105 \u015bwi\u0119ta miasta b\u0119dzie zesp\u00f3\u0142 Kult. Nowa siedziba Miejsko-Powiatowej Biblioteki Publicznej im. J. Lompy mie\u015bci si przy ul. Sportowej w Lubli\u0144cu. Obiekt jest ju\u017c gotowy. Teraz czeka na swoich czytelnik\u00f3w. <\/p>\n\n\n\n<p>Nowy gmach budynku Miejsko-Powiatowej Biblioteki Publicznej mia\u0142 zosta\u0107 uko\u0144czona z ko\u0144cem listopada ubieg\u0142ego roku. Jednak mimo wcze\u015bniejszych zapewnie\u0144 burmistrza Maniury budynek mia\u0142 zosta\u0107 oddany nawet przed jego planowanym uko\u0144czeniem. Jak si\u0119 p\u00f3niej okaza\u0142o, \u017ce mimo ko\u0144cz\u0105cych si\u0119 \u00f3wcze\u015bnie prac, oddanie budynku do u\u017cytku przed\u0142u\u017cy\u0142o si\u0119 w czasie. W tym wypadku nie zawini\u0142 wykonawca a firma Tauron Polska Energia. <\/p>\n\n\n\n<div class=\"wp-block-image\"><figure class=\"aligncenter\"><img decoding=\"async\" data-src=\"https:\/\/gazetaregionalna.com\/wp-content\/uploads\/2019\/06\/5cfb6aba6268d_osize933x0q70h709db4.jpg\" alt=\"\" class=\"wp-image-3629 lazyload\" src=\"data:image\/svg+xml;base64,PHN2ZyB3aWR0aD0iMSIgaGVpZ2h0PSIxIiB4bWxucz0iaHR0cDovL3d3dy53My5vcmcvMjAwMC9zdmciPjwvc3ZnPg==\"><figcaption>Wn\u0119trze nowej biblioteki. <br>fot. Monika Bregu\u0142a\/Miasto Lubliniec<\/figcaption><\/figure><\/div>\n\n\n\n<p>Burmistrz Lubli\u0144ca przekaza\u0142 wtedy informacj\u0119, \u017ce wykonawca us\u0142ug zwi\u0105zanych z budow\u0105 Biblioteki poprosi\u0142 o trzytygodniowe przesuni\u0119cie terminu oddania inwestycji. Jak si\u0119 okaza\u0142o grupa Tauron, kt\u00f3ra dostarcza\u0107 ma do obiektu pr\u0105d nie wywi\u0105za\u0142a si\u0119 z zadania. <\/p>\n\n\n\n<p>Swoje prace w budynku rozpocz\u0119\u0142a z p\u00f3\u0142 rocznym op\u00f3\u017anieniem co wi\u0105za\u0142o si\u0119 z op\u00f3\u017anieniem zako\u0144czenia inwestycji. <\/p>\n\n\n\n<p>Budowa ca\u0142ego obiektu rozpocz\u0119\u0142a si\u0119 w roku 2016. Prace od pocz\u0105tku posuwa\u0142y z problemami. Pierwszy etap inwestycji z <br>\nprzyczyn wykonawcy mia\u0142 op\u00f3\u017anienie. Nie zako\u0144czy\u0142 on <\/p>\n\n\n\n<p>prac w ustalonym terminie, przez co musia\u0142 pokry\u0107 kar\u0119 umown\u0105 w wysoko\u015bci ok. 700 tys. z\u0142. W gmachu biblioteki znajd\u0105 si\u0119 m.in. sala spotka\u0144, wypo\u017cyczalnia, archiwum oraz czytelnia. Nowy obiekt biblioteki ma trzy kondygnacje i jest wyposa\u017cony w wind\u0119. Koszt budowy biblioteki to ponad 11 mln z\u0142otych.                              <\/p>\n\n\n\n<p> (p.s-b.)<\/p>\n","protected":false},"excerpt":{"rendered":"<p>Wybudowana przy ul. Sportowej w Lubli\u0144cu biblioteka w ko\u0144cu doczeka si\u0119 otwarcia. Uroczyste otwarcie Lubiteki nast\u0105pi podczas Dni Lubli\u0144ca, czyli w sobot\u0119 15 czerwca.<\/p>\n","protected":false},"author":3,"featured_media":3630,"comment_status":"open","ping_status":"open","sticky":false,"template":"","format":"standard","meta":{"_monsterinsights_skip_tracking":false,"_monsterinsights_sitenote_active":false,"_monsterinsights_sitenote_note":"","_monsterinsights_sitenote_category":0,"_uf_show_specific_survey":0,"_uf_disable_surveys":false,"footnotes":""},"categories":[43,20,33,12,25,2],"tags":[],"class_list":["post-3628","post","type-post","status-publish","format-standard","has-post-thumbnail","hentry","category-biznes","category-budownictwo","category-inwestycje","category-kultura-i-rozrywka","category-lubliniec","category-wiadomosci"],"_links":{"self":[{"href":"https:\/\/gazetaregionalna.com\/index.php?rest_route=\/wp\/v2\/posts\/3628","targetHints":{"allow":["GET"]}}],"collection":[{"href":"https:\/\/gazetaregionalna.com\/index.php?rest_route=\/wp\/v2\/posts"}],"about":[{"href":"https:\/\/gazetaregionalna.com\/index.php?rest_route=\/wp\/v2\/types\/post"}],"author":[{"embeddable":true,"href":"https:\/\/gazetaregionalna.com\/index.php?rest_route=\/wp\/v2\/users\/3"}],"replies":[{"embeddable":true,"href":"https:\/\/gazetaregionalna.com\/index.php?rest_route=%2Fwp%2Fv2%2Fcomments&post=3628"}],"version-history":[{"count":1,"href":"https:\/\/gazetaregionalna.com\/index.php?rest_route=\/wp\/v2\/posts\/3628\/revisions"}],"predecessor-version":[{"id":3631,"href":"https:\/\/gazetaregionalna.com\/index.php?rest_route=\/wp\/v2\/posts\/3628\/revisions\/3631"}],"wp:featuredmedia":[{"embeddable":true,"href":"https:\/\/gazetaregionalna.com\/index.php?rest_route=\/wp\/v2\/media\/3630"}],"wp:attachment":[{"href":"https:\/\/gazetaregionalna.com\/index.php?rest_route=%2Fwp%2Fv2%2Fmedia&parent=3628"}],"wp:term":[{"taxonomy":"category","embeddable":true,"href":"https:\/\/gazetaregionalna.com\/index.php?rest_route=%2Fwp%2Fv2%2Fcategories&post=3628"},{"taxonomy":"post_tag","embeddable":true,"href":"https:\/\/gazetaregionalna.com\/index.php?rest_route=%2Fwp%2Fv2%2Ftags&post=3628"}],"curies":[{"name":"wp","href":"https:\/\/api.w.org\/{rel}","templated":true}]}}