{"id":36256,"date":"2021-03-23T10:54:23","date_gmt":"2021-03-23T10:54:23","guid":{"rendered":"https:\/\/gazetaregionalna.com\/?p=36256"},"modified":"2021-03-23T10:54:24","modified_gmt":"2021-03-23T10:54:24","slug":"budki-dla-jerzykow","status":"publish","type":"post","link":"https:\/\/gazetaregionalna.com\/?p=36256","title":{"rendered":"W Blachowni zamontowano budki dla jerzyk\u00f3w"},"content":{"rendered":"\n<p style=\"font-size:25px\">W ramach Blachownia\u0144skiego Bud\u017cetu Obywatelskiego w gminie zamontowano budki dla jerzyk\u00f3w. Ptaki te dziennie potrafi\u0105 zje\u015b\u0107 nawet od 4 tys. do 20 tys. komar\u00f3w.<\/p>\n\n\n\n<figure class=\"wp-block-image size-large\"><img decoding=\"async\" width=\"336\" height=\"600\" data-src=\"https:\/\/gazetaregionalna.com\/wp-content\/uploads\/2021\/03\/budki-dla-jerzykow-12.jpg\" alt=\"\" class=\"wp-image-36268 lazyload\" data-srcset=\"https:\/\/gazetaregionalna.com\/wp-content\/uploads\/2021\/03\/budki-dla-jerzykow-12.jpg 336w, https:\/\/gazetaregionalna.com\/wp-content\/uploads\/2021\/03\/budki-dla-jerzykow-12-168x300.jpg 168w, https:\/\/gazetaregionalna.com\/wp-content\/uploads\/2021\/03\/budki-dla-jerzykow-12-235x420.jpg 235w\" data-sizes=\"(max-width: 336px) 100vw, 336px\" src=\"data:image\/svg+xml;base64,PHN2ZyB3aWR0aD0iMSIgaGVpZ2h0PSIxIiB4bWxucz0iaHR0cDovL3d3dy53My5vcmcvMjAwMC9zdmciPjwvc3ZnPg==\" style=\"--smush-placeholder-width: 336px; --smush-placeholder-aspect-ratio: 336\/600;\" \/><figcaption>Fot. UG w Blachowni<\/figcaption><\/figure>\n\n\n\n<p>Domki (wyposa\u017cone w niecki gniazdowe) dla tych bardzo po\u017cytecznych ptak\u00f3w zosta\u0142y zamontowane na budynku Urz\u0119du Miejskiego w Blachowni oraz na blokach przy ulicach Bankowej 4 i 6, oraz \u017beromskiego 1a. Kolejne budki pojawi\u0105 si\u0119 na budynku Szko\u0142y Podstawowej przy ul. Sienkiewicza oraz na budynku O\u015brodka Sportu i Rekreacji. Projekt zosta\u0142 obliczony na 3,8 tys. z\u0142.&nbsp;<\/p>\n\n\n\n<p>Zostaje teraz tylko czeka\u0107 na jerzyki, kt\u00f3re po wprowadzeniu si\u0119 do nowych budek zaczn\u0105 zwalcza\u0107 uci\u0105\u017cliwe komary.<\/p>\n\n\n\n<p>&#8211;&nbsp;<em>Zapraszamy jerzyki do Blachowni<\/em>&nbsp;&#8211; m\u00f3wi Burmistrz Sylwia Szyma\u0144ska.<\/p>\n\n\n\n<p>Wi\u0119cej o inicjatywie mo\u017cna czyta\u0107 na facebookowej grupie\u00a0<strong><a href=\"https:\/\/www.facebook.com\/groups\/139875834527655\/\" target=\"_blank\" rel=\"noopener\">Blachownia Przyjazna Jerzykom<\/a><\/strong>!<\/p>\n\n\n\n<figure class=\"wp-block-gallery columns-3 is-cropped wp-block-gallery-1 is-layout-flex wp-block-gallery-is-layout-flex\"><ul class=\"blocks-gallery-grid\"><li class=\"blocks-gallery-item\"><figure><img decoding=\"async\" width=\"800\" height=\"450\" data-src=\"https:\/\/gazetaregionalna.com\/wp-content\/uploads\/2021\/03\/budki-dla-jerzykow-7.jpg\" alt=\"\" data-id=\"36263\" data-full-url=\"https:\/\/gazetaregionalna.com\/wp-content\/uploads\/2021\/03\/budki-dla-jerzykow-7.jpg\" data-link=\"https:\/\/gazetaregionalna.com\/?attachment_id=36263\" class=\"wp-image-36263 lazyload\" data-srcset=\"https:\/\/gazetaregionalna.com\/wp-content\/uploads\/2021\/03\/budki-dla-jerzykow-7.jpg 800w, https:\/\/gazetaregionalna.com\/wp-content\/uploads\/2021\/03\/budki-dla-jerzykow-7-300x169.jpg 300w, https:\/\/gazetaregionalna.com\/wp-content\/uploads\/2021\/03\/budki-dla-jerzykow-7-768x432.jpg 768w, https:\/\/gazetaregionalna.com\/wp-content\/uploads\/2021\/03\/budki-dla-jerzykow-7-696x392.jpg 696w, https:\/\/gazetaregionalna.com\/wp-content\/uploads\/2021\/03\/budki-dla-jerzykow-7-747x420.jpg 747w\" data-sizes=\"(max-width: 800px) 100vw, 800px\" src=\"data:image\/svg+xml;base64,PHN2ZyB3aWR0aD0iMSIgaGVpZ2h0PSIxIiB4bWxucz0iaHR0cDovL3d3dy53My5vcmcvMjAwMC9zdmciPjwvc3ZnPg==\" style=\"--smush-placeholder-width: 800px; --smush-placeholder-aspect-ratio: 800\/450;\" \/><\/figure><\/li><li class=\"blocks-gallery-item\"><figure><img decoding=\"async\" width=\"800\" height=\"450\" data-src=\"https:\/\/gazetaregionalna.com\/wp-content\/uploads\/2021\/03\/budki-dla-jerzykow-9.jpg\" alt=\"\" data-id=\"36265\" data-full-url=\"https:\/\/gazetaregionalna.com\/wp-content\/uploads\/2021\/03\/budki-dla-jerzykow-9.jpg\" data-link=\"https:\/\/gazetaregionalna.com\/?attachment_id=36265\" class=\"wp-image-36265 lazyload\" data-srcset=\"https:\/\/gazetaregionalna.com\/wp-content\/uploads\/2021\/03\/budki-dla-jerzykow-9.jpg 800w, https:\/\/gazetaregionalna.com\/wp-content\/uploads\/2021\/03\/budki-dla-jerzykow-9-300x169.jpg 300w, https:\/\/gazetaregionalna.com\/wp-content\/uploads\/2021\/03\/budki-dla-jerzykow-9-768x432.jpg 768w, https:\/\/gazetaregionalna.com\/wp-content\/uploads\/2021\/03\/budki-dla-jerzykow-9-696x392.jpg 696w, https:\/\/gazetaregionalna.com\/wp-content\/uploads\/2021\/03\/budki-dla-jerzykow-9-747x420.jpg 747w\" data-sizes=\"(max-width: 800px) 100vw, 800px\" src=\"data:image\/svg+xml;base64,PHN2ZyB3aWR0aD0iMSIgaGVpZ2h0PSIxIiB4bWxucz0iaHR0cDovL3d3dy53My5vcmcvMjAwMC9zdmciPjwvc3ZnPg==\" style=\"--smush-placeholder-width: 800px; --smush-placeholder-aspect-ratio: 800\/450;\" \/><\/figure><\/li><li class=\"blocks-gallery-item\"><figure><img decoding=\"async\" width=\"800\" height=\"450\" data-src=\"https:\/\/gazetaregionalna.com\/wp-content\/uploads\/2021\/03\/budki-dla-jerzykow-3.jpg\" alt=\"\" data-id=\"36259\" data-full-url=\"https:\/\/gazetaregionalna.com\/wp-content\/uploads\/2021\/03\/budki-dla-jerzykow-3.jpg\" data-link=\"https:\/\/gazetaregionalna.com\/?attachment_id=36259\" class=\"wp-image-36259 lazyload\" data-srcset=\"https:\/\/gazetaregionalna.com\/wp-content\/uploads\/2021\/03\/budki-dla-jerzykow-3.jpg 800w, https:\/\/gazetaregionalna.com\/wp-content\/uploads\/2021\/03\/budki-dla-jerzykow-3-300x169.jpg 300w, https:\/\/gazetaregionalna.com\/wp-content\/uploads\/2021\/03\/budki-dla-jerzykow-3-768x432.jpg 768w, https:\/\/gazetaregionalna.com\/wp-content\/uploads\/2021\/03\/budki-dla-jerzykow-3-696x392.jpg 696w, https:\/\/gazetaregionalna.com\/wp-content\/uploads\/2021\/03\/budki-dla-jerzykow-3-747x420.jpg 747w\" data-sizes=\"(max-width: 800px) 100vw, 800px\" src=\"data:image\/svg+xml;base64,PHN2ZyB3aWR0aD0iMSIgaGVpZ2h0PSIxIiB4bWxucz0iaHR0cDovL3d3dy53My5vcmcvMjAwMC9zdmciPjwvc3ZnPg==\" style=\"--smush-placeholder-width: 800px; --smush-placeholder-aspect-ratio: 800\/450;\" \/><\/figure><\/li><li class=\"blocks-gallery-item\"><figure><img decoding=\"async\" width=\"336\" height=\"600\" data-src=\"https:\/\/gazetaregionalna.com\/wp-content\/uploads\/2021\/03\/budki-dla-jerzykow-11.jpg\" alt=\"\" data-id=\"36267\" data-full-url=\"https:\/\/gazetaregionalna.com\/wp-content\/uploads\/2021\/03\/budki-dla-jerzykow-11.jpg\" data-link=\"https:\/\/gazetaregionalna.com\/?attachment_id=36267\" class=\"wp-image-36267 lazyload\" data-srcset=\"https:\/\/gazetaregionalna.com\/wp-content\/uploads\/2021\/03\/budki-dla-jerzykow-11.jpg 336w, https:\/\/gazetaregionalna.com\/wp-content\/uploads\/2021\/03\/budki-dla-jerzykow-11-168x300.jpg 168w, https:\/\/gazetaregionalna.com\/wp-content\/uploads\/2021\/03\/budki-dla-jerzykow-11-235x420.jpg 235w\" data-sizes=\"(max-width: 336px) 100vw, 336px\" src=\"data:image\/svg+xml;base64,PHN2ZyB3aWR0aD0iMSIgaGVpZ2h0PSIxIiB4bWxucz0iaHR0cDovL3d3dy53My5vcmcvMjAwMC9zdmciPjwvc3ZnPg==\" style=\"--smush-placeholder-width: 336px; --smush-placeholder-aspect-ratio: 336\/600;\" \/><\/figure><\/li><li class=\"blocks-gallery-item\"><figure><img decoding=\"async\" width=\"336\" height=\"600\" data-src=\"https:\/\/gazetaregionalna.com\/wp-content\/uploads\/2021\/03\/budki-dla-jerzykow-13.jpg\" alt=\"\" data-id=\"36269\" data-full-url=\"https:\/\/gazetaregionalna.com\/wp-content\/uploads\/2021\/03\/budki-dla-jerzykow-13.jpg\" data-link=\"https:\/\/gazetaregionalna.com\/?attachment_id=36269\" class=\"wp-image-36269 lazyload\" data-srcset=\"https:\/\/gazetaregionalna.com\/wp-content\/uploads\/2021\/03\/budki-dla-jerzykow-13.jpg 336w, https:\/\/gazetaregionalna.com\/wp-content\/uploads\/2021\/03\/budki-dla-jerzykow-13-168x300.jpg 168w, https:\/\/gazetaregionalna.com\/wp-content\/uploads\/2021\/03\/budki-dla-jerzykow-13-235x420.jpg 235w\" data-sizes=\"(max-width: 336px) 100vw, 336px\" src=\"data:image\/svg+xml;base64,PHN2ZyB3aWR0aD0iMSIgaGVpZ2h0PSIxIiB4bWxucz0iaHR0cDovL3d3dy53My5vcmcvMjAwMC9zdmciPjwvc3ZnPg==\" style=\"--smush-placeholder-width: 336px; --smush-placeholder-aspect-ratio: 336\/600;\" \/><\/figure><\/li><li class=\"blocks-gallery-item\"><figure><img decoding=\"async\" width=\"336\" height=\"600\" data-src=\"https:\/\/gazetaregionalna.com\/wp-content\/uploads\/2021\/03\/budki-dla-jerzykow-10.jpg\" alt=\"\" data-id=\"36266\" data-full-url=\"https:\/\/gazetaregionalna.com\/wp-content\/uploads\/2021\/03\/budki-dla-jerzykow-10.jpg\" data-link=\"https:\/\/gazetaregionalna.com\/?attachment_id=36266\" class=\"wp-image-36266 lazyload\" data-srcset=\"https:\/\/gazetaregionalna.com\/wp-content\/uploads\/2021\/03\/budki-dla-jerzykow-10.jpg 336w, https:\/\/gazetaregionalna.com\/wp-content\/uploads\/2021\/03\/budki-dla-jerzykow-10-168x300.jpg 168w, https:\/\/gazetaregionalna.com\/wp-content\/uploads\/2021\/03\/budki-dla-jerzykow-10-235x420.jpg 235w\" data-sizes=\"(max-width: 336px) 100vw, 336px\" src=\"data:image\/svg+xml;base64,PHN2ZyB3aWR0aD0iMSIgaGVpZ2h0PSIxIiB4bWxucz0iaHR0cDovL3d3dy53My5vcmcvMjAwMC9zdmciPjwvc3ZnPg==\" style=\"--smush-placeholder-width: 336px; --smush-placeholder-aspect-ratio: 336\/600;\" \/><\/figure><\/li><li class=\"blocks-gallery-item\"><figure><img decoding=\"async\" width=\"336\" height=\"600\" data-src=\"https:\/\/gazetaregionalna.com\/wp-content\/uploads\/2021\/03\/budki-dla-jerzykow-8.jpg\" alt=\"\" data-id=\"36264\" data-full-url=\"https:\/\/gazetaregionalna.com\/wp-content\/uploads\/2021\/03\/budki-dla-jerzykow-8.jpg\" data-link=\"https:\/\/gazetaregionalna.com\/?attachment_id=36264\" class=\"wp-image-36264 lazyload\" data-srcset=\"https:\/\/gazetaregionalna.com\/wp-content\/uploads\/2021\/03\/budki-dla-jerzykow-8.jpg 336w, https:\/\/gazetaregionalna.com\/wp-content\/uploads\/2021\/03\/budki-dla-jerzykow-8-168x300.jpg 168w, https:\/\/gazetaregionalna.com\/wp-content\/uploads\/2021\/03\/budki-dla-jerzykow-8-235x420.jpg 235w\" data-sizes=\"(max-width: 336px) 100vw, 336px\" src=\"data:image\/svg+xml;base64,PHN2ZyB3aWR0aD0iMSIgaGVpZ2h0PSIxIiB4bWxucz0iaHR0cDovL3d3dy53My5vcmcvMjAwMC9zdmciPjwvc3ZnPg==\" style=\"--smush-placeholder-width: 336px; --smush-placeholder-aspect-ratio: 336\/600;\" \/><\/figure><\/li><li class=\"blocks-gallery-item\"><figure><img decoding=\"async\" width=\"336\" height=\"600\" data-src=\"https:\/\/gazetaregionalna.com\/wp-content\/uploads\/2021\/03\/budki-dla-jerzykow-5.jpg\" alt=\"\" data-id=\"36261\" data-full-url=\"https:\/\/gazetaregionalna.com\/wp-content\/uploads\/2021\/03\/budki-dla-jerzykow-5.jpg\" data-link=\"https:\/\/gazetaregionalna.com\/?attachment_id=36261\" class=\"wp-image-36261 lazyload\" data-srcset=\"https:\/\/gazetaregionalna.com\/wp-content\/uploads\/2021\/03\/budki-dla-jerzykow-5.jpg 336w, https:\/\/gazetaregionalna.com\/wp-content\/uploads\/2021\/03\/budki-dla-jerzykow-5-168x300.jpg 168w, https:\/\/gazetaregionalna.com\/wp-content\/uploads\/2021\/03\/budki-dla-jerzykow-5-235x420.jpg 235w\" data-sizes=\"(max-width: 336px) 100vw, 336px\" src=\"data:image\/svg+xml;base64,PHN2ZyB3aWR0aD0iMSIgaGVpZ2h0PSIxIiB4bWxucz0iaHR0cDovL3d3dy53My5vcmcvMjAwMC9zdmciPjwvc3ZnPg==\" style=\"--smush-placeholder-width: 336px; --smush-placeholder-aspect-ratio: 336\/600;\" \/><\/figure><\/li><li class=\"blocks-gallery-item\"><figure><img decoding=\"async\" width=\"336\" height=\"600\" data-src=\"https:\/\/gazetaregionalna.com\/wp-content\/uploads\/2021\/03\/budki-dla-jerzykow-4.jpg\" alt=\"\" data-id=\"36260\" data-full-url=\"https:\/\/gazetaregionalna.com\/wp-content\/uploads\/2021\/03\/budki-dla-jerzykow-4.jpg\" data-link=\"https:\/\/gazetaregionalna.com\/?attachment_id=36260\" class=\"wp-image-36260 lazyload\" data-srcset=\"https:\/\/gazetaregionalna.com\/wp-content\/uploads\/2021\/03\/budki-dla-jerzykow-4.jpg 336w, https:\/\/gazetaregionalna.com\/wp-content\/uploads\/2021\/03\/budki-dla-jerzykow-4-168x300.jpg 168w, https:\/\/gazetaregionalna.com\/wp-content\/uploads\/2021\/03\/budki-dla-jerzykow-4-235x420.jpg 235w\" data-sizes=\"(max-width: 336px) 100vw, 336px\" src=\"data:image\/svg+xml;base64,PHN2ZyB3aWR0aD0iMSIgaGVpZ2h0PSIxIiB4bWxucz0iaHR0cDovL3d3dy53My5vcmcvMjAwMC9zdmciPjwvc3ZnPg==\" style=\"--smush-placeholder-width: 336px; --smush-placeholder-aspect-ratio: 336\/600;\" \/><\/figure><\/li><li class=\"blocks-gallery-item\"><figure><img decoding=\"async\" width=\"336\" height=\"600\" data-src=\"https:\/\/gazetaregionalna.com\/wp-content\/uploads\/2021\/03\/budki-dla-jerzykow-2.jpg\" alt=\"\" data-id=\"36258\" data-full-url=\"https:\/\/gazetaregionalna.com\/wp-content\/uploads\/2021\/03\/budki-dla-jerzykow-2.jpg\" data-link=\"https:\/\/gazetaregionalna.com\/?attachment_id=36258\" class=\"wp-image-36258 lazyload\" data-srcset=\"https:\/\/gazetaregionalna.com\/wp-content\/uploads\/2021\/03\/budki-dla-jerzykow-2.jpg 336w, https:\/\/gazetaregionalna.com\/wp-content\/uploads\/2021\/03\/budki-dla-jerzykow-2-168x300.jpg 168w, https:\/\/gazetaregionalna.com\/wp-content\/uploads\/2021\/03\/budki-dla-jerzykow-2-235x420.jpg 235w\" data-sizes=\"(max-width: 336px) 100vw, 336px\" src=\"data:image\/svg+xml;base64,PHN2ZyB3aWR0aD0iMSIgaGVpZ2h0PSIxIiB4bWxucz0iaHR0cDovL3d3dy53My5vcmcvMjAwMC9zdmciPjwvc3ZnPg==\" style=\"--smush-placeholder-width: 336px; --smush-placeholder-aspect-ratio: 336\/600;\" \/><\/figure><\/li><li class=\"blocks-gallery-item\"><figure><img decoding=\"async\" width=\"336\" height=\"600\" data-src=\"https:\/\/gazetaregionalna.com\/wp-content\/uploads\/2021\/03\/budki-dla-jerzykow-6.jpg\" alt=\"\" data-id=\"36262\" data-full-url=\"https:\/\/gazetaregionalna.com\/wp-content\/uploads\/2021\/03\/budki-dla-jerzykow-6.jpg\" data-link=\"https:\/\/gazetaregionalna.com\/?attachment_id=36262\" class=\"wp-image-36262 lazyload\" data-srcset=\"https:\/\/gazetaregionalna.com\/wp-content\/uploads\/2021\/03\/budki-dla-jerzykow-6.jpg 336w, https:\/\/gazetaregionalna.com\/wp-content\/uploads\/2021\/03\/budki-dla-jerzykow-6-168x300.jpg 168w, https:\/\/gazetaregionalna.com\/wp-content\/uploads\/2021\/03\/budki-dla-jerzykow-6-235x420.jpg 235w\" data-sizes=\"(max-width: 336px) 100vw, 336px\" src=\"data:image\/svg+xml;base64,PHN2ZyB3aWR0aD0iMSIgaGVpZ2h0PSIxIiB4bWxucz0iaHR0cDovL3d3dy53My5vcmcvMjAwMC9zdmciPjwvc3ZnPg==\" style=\"--smush-placeholder-width: 336px; --smush-placeholder-aspect-ratio: 336\/600;\" \/><\/figure><\/li><\/ul><figcaption class=\"blocks-gallery-caption\">Fot. UG w Blachowni<\/figcaption><\/figure>\n","protected":false},"excerpt":{"rendered":"<p>W ramach Blachownia\u0144skiego Bud\u017cetu Obywatelskiego w gminie zamontowano budki dla jerzyk\u00f3w. Ptaki te dziennie potrafi\u0105 zje\u015b\u0107 nawet od 4 tys. do 20 tys. komar\u00f3w.<\/p>\n","protected":false},"author":12,"featured_media":36257,"comment_status":"open","ping_status":"open","sticky":false,"template":"","format":"standard","meta":{"_monsterinsights_skip_tracking":false,"_monsterinsights_sitenote_active":false,"_monsterinsights_sitenote_note":"","_monsterinsights_sitenote_category":0,"_uf_show_specific_survey":0,"_uf_disable_surveys":false,"footnotes":""},"categories":[29,94,4,2],"tags":[1650,1305],"class_list":["post-36256","post","type-post","status-publish","format-standard","has-post-thumbnail","hentry","category-ekologia","category-polecane","category-region","category-wiadomosci","tag-budki-dla-jerzykow","tag-gmina-blachownia"],"_links":{"self":[{"href":"https:\/\/gazetaregionalna.com\/index.php?rest_route=\/wp\/v2\/posts\/36256","targetHints":{"allow":["GET"]}}],"collection":[{"href":"https:\/\/gazetaregionalna.com\/index.php?rest_route=\/wp\/v2\/posts"}],"about":[{"href":"https:\/\/gazetaregionalna.com\/index.php?rest_route=\/wp\/v2\/types\/post"}],"author":[{"embeddable":true,"href":"https:\/\/gazetaregionalna.com\/index.php?rest_route=\/wp\/v2\/users\/12"}],"replies":[{"embeddable":true,"href":"https:\/\/gazetaregionalna.com\/index.php?rest_route=%2Fwp%2Fv2%2Fcomments&post=36256"}],"version-history":[{"count":1,"href":"https:\/\/gazetaregionalna.com\/index.php?rest_route=\/wp\/v2\/posts\/36256\/revisions"}],"predecessor-version":[{"id":36270,"href":"https:\/\/gazetaregionalna.com\/index.php?rest_route=\/wp\/v2\/posts\/36256\/revisions\/36270"}],"wp:featuredmedia":[{"embeddable":true,"href":"https:\/\/gazetaregionalna.com\/index.php?rest_route=\/wp\/v2\/media\/36257"}],"wp:attachment":[{"href":"https:\/\/gazetaregionalna.com\/index.php?rest_route=%2Fwp%2Fv2%2Fmedia&parent=36256"}],"wp:term":[{"taxonomy":"category","embeddable":true,"href":"https:\/\/gazetaregionalna.com\/index.php?rest_route=%2Fwp%2Fv2%2Fcategories&post=36256"},{"taxonomy":"post_tag","embeddable":true,"href":"https:\/\/gazetaregionalna.com\/index.php?rest_route=%2Fwp%2Fv2%2Ftags&post=36256"}],"curies":[{"name":"wp","href":"https:\/\/api.w.org\/{rel}","templated":true}]}}