{"id":36217,"date":"2021-03-23T09:12:57","date_gmt":"2021-03-23T09:12:57","guid":{"rendered":"https:\/\/gazetaregionalna.com\/?p=36217"},"modified":"2021-03-23T09:12:58","modified_gmt":"2021-03-23T09:12:58","slug":"moj-prad","status":"publish","type":"post","link":"https:\/\/gazetaregionalna.com\/?p=36217","title":{"rendered":"M\u00f3j Pr\u0105d 2021 &#8211; o czym warto wiedzie\u0107?"},"content":{"rendered":"\n<h3 class=\"wp-block-heading\"><strong>Europejska transformacja energetyczna trwa w najlepsze. Cho\u0107 nadal w Polsce g\u0142\u00f3wnym \u017ar\u00f3d\u0142em energii elektrycznej s\u0105 elektrownie w\u0119glowe, z roku na rok coraz wi\u0119ksz\u0105 popularno\u015b\u0107 zyskuj\u0105 instalacje fotowoltaiczne &#8211; zw\u0142aszcza te przydomowe. Ju\u017c proste dane statystyczne pokazuj\u0105, \u017ce \u201cboom\u201d na fotowoltaik\u0119 trwa w najlepsze. Z ko\u0144cem 2017 roku moc wszystkich paneli fotowoltaicznych w Polsce wynosi\u0142a zaledwie 277 MW. Na koniec 2020 roku by\u0142o to ju\u017c 3960 MW! Sk\u0105d taka du\u017ca popularno\u015b\u0107 fotowoltaiki w ostatnim czasie? Mi\u0119dzy innymi za spraw\u0105 rz\u0105dowego programu \u201cM\u00f3j Pr\u0105d\u201d.<\/strong><\/h3>\n\n\n\n<p><strong>Czym jest wspomniany program \u201eM\u00f3j pr\u0105d\u201d?<\/strong><\/p>\n\n\n\n<p>Program &#8222;M\u00f3j Pr\u0105d&#8221; realizowany jest od wrze\u015bnia 2019 roku. Pierwotnie ustalono bud\u017cet programu na miliard z\u0142otych, jednak w listopadzie 2020 roku zwi\u0119kszono t\u0119 pul\u0119 o dodatkowe 100 milion\u00f3w. W ramach programu konsumenci maj\u0105 szans\u0119 uzyska\u0107 5 000 z\u0142otych dofinansowania na za\u0142o\u017cenie instalacji fotowoltaicznej w swoich domach.<\/p>\n\n\n\n<p>Na 2021 rok Narodowy Fundusz Ochrony \u015arodowiska i Gospodarki Wodnej zaplanowa\u0142 pul\u0119 p\u00f3\u0142 miliarda z\u0142otych na dofinansowanie programu. Pieni\u0105dze te nie pos\u0142u\u017c\u0105 jednak nowemu naborowi wniosk\u00f3w. Dotacja ma na celu obs\u0142u\u017cenie wszystkich wniosk\u00f3w z\u0142o\u017conych w II naborze, trwaj\u0105cym od 13.01.2020 do 06.12.2020 roku. To mi\u0142y gest ze strony funduszu &#8211; dzi\u0119ki temu ka\u017cda osoba, kt\u00f3ra z\u0142o\u017cy\u0142a w\u00f3wczas wniosek i spe\u0142ni okre\u015blone wymagania &#8211; otrzyma dotacj\u0119.<\/p>\n\n\n\n<p>Dotychczas dotacj\u0119 w ramach programu &#8222;M\u00f3j Pr\u0105d&#8221; mo\u017cna by\u0142o uzyska\u0107 wy\u0142\u0105cznie na instalacje fotowoltaiczne, o mocy od 2kW do 10kW. W najbli\u017cszym czasie mo\u017cemy si\u0119 spodziewa\u0107 jednak sporych zmian w tym zakresie. Narodowy Fundusz Ochrony \u015arodowiska i Gospodarki Wodnej w porozumieniu z Ministerstwem Klimatu planuje rozszerzenie programu o dotacje na rozwi\u0105zanie kompatybilne z fotowoltaik\u0105. W\u015br\u00f3d rozwi\u0105za\u0144, kt\u00f3re mia\u0142oby obj\u0105\u0107 rozszerzenie programu, wymienia si\u0119 przydomowe \u0142adowarki samochod\u00f3w elektrycznych, systemy do zarz\u0105dzania energi\u0105 w domu czy lokalne magazyny energii. Niestety, nie wiadomo jeszcze, kiedy ruszy III nab\u00f3r wniosk\u00f3w, co b\u0119d\u0105 obejmowa\u0142y, ani jaka jest planowana pula dotacji.<\/p>\n\n\n\n<figure class=\"wp-block-image size-large\"><img decoding=\"async\" width=\"1024\" height=\"683\" data-src=\"https:\/\/gazetaregionalna.com\/wp-content\/uploads\/2021\/03\/modern-house-with-photovoltaic-system-NLWBLKS-1024x683.jpg\" alt=\"\" class=\"wp-image-36239 lazyload\" data-srcset=\"https:\/\/gazetaregionalna.com\/wp-content\/uploads\/2021\/03\/modern-house-with-photovoltaic-system-NLWBLKS-1024x683.jpg 1024w, https:\/\/gazetaregionalna.com\/wp-content\/uploads\/2021\/03\/modern-house-with-photovoltaic-system-NLWBLKS-300x200.jpg 300w, https:\/\/gazetaregionalna.com\/wp-content\/uploads\/2021\/03\/modern-house-with-photovoltaic-system-NLWBLKS-768x512.jpg 768w, https:\/\/gazetaregionalna.com\/wp-content\/uploads\/2021\/03\/modern-house-with-photovoltaic-system-NLWBLKS-1536x1024.jpg 1536w, https:\/\/gazetaregionalna.com\/wp-content\/uploads\/2021\/03\/modern-house-with-photovoltaic-system-NLWBLKS-2048x1365.jpg 2048w, https:\/\/gazetaregionalna.com\/wp-content\/uploads\/2021\/03\/modern-house-with-photovoltaic-system-NLWBLKS-696x464.jpg 696w, https:\/\/gazetaregionalna.com\/wp-content\/uploads\/2021\/03\/modern-house-with-photovoltaic-system-NLWBLKS-1068x712.jpg 1068w, https:\/\/gazetaregionalna.com\/wp-content\/uploads\/2021\/03\/modern-house-with-photovoltaic-system-NLWBLKS-1920x1280.jpg 1920w, https:\/\/gazetaregionalna.com\/wp-content\/uploads\/2021\/03\/modern-house-with-photovoltaic-system-NLWBLKS-630x420.jpg 630w, https:\/\/gazetaregionalna.com\/wp-content\/uploads\/2021\/03\/modern-house-with-photovoltaic-system-NLWBLKS-scaled.jpg 1200w\" data-sizes=\"(max-width: 1024px) 100vw, 1024px\" src=\"data:image\/svg+xml;base64,PHN2ZyB3aWR0aD0iMSIgaGVpZ2h0PSIxIiB4bWxucz0iaHR0cDovL3d3dy53My5vcmcvMjAwMC9zdmciPjwvc3ZnPg==\" style=\"--smush-placeholder-width: 1024px; --smush-placeholder-aspect-ratio: 1024\/683;\" \/><figcaption>M\u00f3j pr\u0105d, foto: Pixabay<\/figcaption><\/figure>\n\n\n\n<p><strong>Jak uzyska\u0107 dofinansowani?<\/strong><\/p>\n\n\n\n<p>Sytuacja na rynku fotowoltaicznym oraz odnawialnych \u017ar\u00f3de\u0142 energii zmienia si\u0119 dynamicznie, dlatego w celu uzyskania naj\u015bwie\u017cszych informacji postanowili\u015bmy zada\u0107 kilka pyta\u0144 Markowi Nalewajce \u2013 kierownikowi ds. handlu, logistyki i serwisu z Firmy INERGIS S.A. dzia\u0142aj\u0105cej w bran\u017cy budowlano-instalacyjnej od 1988 roku.<\/p>\n\n\n\n<h4 class=\"wp-block-heading\"><strong>Jak si\u0119 stara\u0107 o dofinansowanie w ramach programu M\u00f3j Pr\u0105d? Czy najpierw trzeba zainwestowa\u0107 w instalacj\u0119 fotowoltaiczn\u0105, a dopiero p\u00f3\u017aniej mo\u017cna liczy\u0107 na zwrot?<\/strong><\/h4>\n\n\n\n<p>Aktualnie drugi nab\u00f3r wniosk\u00f3w o dofinansowanie w ramach programu priorytetowego \u201eM\u00f3j Pr\u0105d\u201d zako\u0144czy\u0142 si\u0119 w dniu 06.12.2020 r. Kolejny nab\u00f3r mo\u017cliwe, \u017ce zacznie si\u0119 w marcu, nie jest jednak jeszcze jasne w jakiej formie. Dotychczas klient otrzymywa\u0142 dotacj\u0119 po zako\u0144czonej ju\u017c instalacji na podstawie za\u015bwiadczenia z zak\u0142adu energetycznego i przedstawieniu faktury za wykonan\u0105 instalacj\u0119 i potwierdzenie p\u0142atno\u015bci.<\/p>\n\n\n\n<figure class=\"wp-block-image size-large\"><img decoding=\"async\" width=\"1024\" height=\"683\" data-src=\"https:\/\/gazetaregionalna.com\/wp-content\/uploads\/2021\/03\/Instalacja-fotowoltaiczna-1-1024x683.jpg\" alt=\"\" class=\"wp-image-36240 lazyload\" data-srcset=\"https:\/\/gazetaregionalna.com\/wp-content\/uploads\/2021\/03\/Instalacja-fotowoltaiczna-1-1024x683.jpg 1024w, https:\/\/gazetaregionalna.com\/wp-content\/uploads\/2021\/03\/Instalacja-fotowoltaiczna-1-300x200.jpg 300w, https:\/\/gazetaregionalna.com\/wp-content\/uploads\/2021\/03\/Instalacja-fotowoltaiczna-1-768x512.jpg 768w, https:\/\/gazetaregionalna.com\/wp-content\/uploads\/2021\/03\/Instalacja-fotowoltaiczna-1-1536x1024.jpg 1536w, https:\/\/gazetaregionalna.com\/wp-content\/uploads\/2021\/03\/Instalacja-fotowoltaiczna-1-2048x1365.jpg 2048w, https:\/\/gazetaregionalna.com\/wp-content\/uploads\/2021\/03\/Instalacja-fotowoltaiczna-1-696x464.jpg 696w, https:\/\/gazetaregionalna.com\/wp-content\/uploads\/2021\/03\/Instalacja-fotowoltaiczna-1-1068x712.jpg 1068w, https:\/\/gazetaregionalna.com\/wp-content\/uploads\/2021\/03\/Instalacja-fotowoltaiczna-1-1920x1280.jpg 1920w, https:\/\/gazetaregionalna.com\/wp-content\/uploads\/2021\/03\/Instalacja-fotowoltaiczna-1-630x420.jpg 630w, https:\/\/gazetaregionalna.com\/wp-content\/uploads\/2021\/03\/Instalacja-fotowoltaiczna-1-scaled.jpg 1200w\" data-sizes=\"(max-width: 1024px) 100vw, 1024px\" src=\"data:image\/svg+xml;base64,PHN2ZyB3aWR0aD0iMSIgaGVpZ2h0PSIxIiB4bWxucz0iaHR0cDovL3d3dy53My5vcmcvMjAwMC9zdmciPjwvc3ZnPg==\" style=\"--smush-placeholder-width: 1024px; --smush-placeholder-aspect-ratio: 1024\/683;\" \/><figcaption>M\u00f3j pr\u0105d, foto: Pixabay<\/figcaption><\/figure>\n\n\n\n<p><strong>Czy fotowoltaika jest op\u0142acalna? Co w przypadku p\u0142askiego dachu i sporego zacienienia?<\/strong><\/p>\n\n\n\n<p>W obecnej formie jak najbardziej TAK. Ceny pr\u0105du znacz\u0105co wzrastaj\u0105 i b\u0119d\u0105 wzrasta\u0107 z roku na rok. Przy pomocy odpowiednio dobranej instalacji fotowoltaicznej mo\u017cemy zminimalizowa\u0107 rachunki tylko do wysoko\u015bci op\u0142at dystrybucyjnych. \u015arednio koszt instalacji PV zwraca si\u0119 po 6-7 latach, a przy wykorzystaniu dotacji \u201cM\u00f3j Pr\u0105d\u201d i ulgi termomodernizacyjnej ju\u017c po 5-6 latach. Monta\u017c na p\u0142askim dachu &nbsp;z zasady nie stanowi problemu dla produkcji energii przez instalacj\u0119 fotowoltaiczn\u0105. W takim przypadku instalacje montuje si\u0119 na odpowiednio dobranych konstrukcjach zwi\u0119kszaj\u0105cych k\u0105t nachylenia paneli wzgl\u0119dem horyzontu. Nawet panele u\u0142o\u017cone na p\u0142asko b\u0119d\u0105 w stanie wyprodukowa\u0107 oko\u0142o 75- 80 % swojej mocy znamionowej w ci\u0105gu roku.&nbsp; W przypadku okresowych zacienie\u0144 mo\u017cna do instalacji do\u0142o\u017cy\u0107 tzw. optymalizatory mocy, kt\u00f3re pomagaj\u0105 zniwelowa\u0107 niekorzystne zjawiska.<\/p>\n\n\n\n<p><strong>Na co uwa\u017ca\u0107 przy wyborze firmy zajmuj\u0105cej si\u0119 monta\u017cem instalacji? W internecie ostatnio pojawiaj\u0105 si\u0119 informacje, \u017ce niekt\u00f3re firmy montuj\u0105 u\u017cywane panele z Niemiec.<\/strong><\/p>\n\n\n\n<p>Dobrze jest rozezna\u0107 si\u0119 odno\u015bnie firmy, wi\u0119ksze firmy o znacznym dorobku i d\u0142ugo dzia\u0142aj\u0105ce w bran\u017cy OZE nie znikn\u0105 nagle z rynku, co jest istotne w przypadku kiedy zdarzy nam si\u0119 awaria i b\u0119dzie potrzebny serwis. Nale\u017cy zwr\u00f3ci\u0107 szczeg\u00f3ln\u0105 uwag\u0119 na cen\u0119 jak\u0105 oferuje nam firma za tzw. &#8222;kilowatopik&#8221; (kWp) mocy instalacji. Urz\u0105dzenia instalacji PV, tj. panele fotowoltaiczne, inwertery oraz osprz\u0119t dobrej jako\u015bci spe\u0142niaj\u0105ce okre\u015blone normy maj\u0105 swoj\u0105 cen\u0119.\u00a0 Znaj\u0105c aktualne ceny na rynku mo\u017cna \u015bmia\u0142o stwierdzi\u0107, \u017ce nie da si\u0119 dobrze wykona\u0107 instalacji na dobrym osprz\u0119cie za kwoty poni\u017cej 2900 z\u0142 brutto za kWp. Klient wybieraj\u0105c tak\u0105 ofert\u0119 bierze na siebie ryzyko zwi\u0105zane chocia\u017cby z ewentualnymi po\u017carami. <\/p>\n\n\n\n<figure class=\"wp-block-image size-large is-resized\"><img decoding=\"async\" data-src=\"https:\/\/gazetaregionalna.com\/wp-content\/uploads\/2021\/03\/pixabay_photovoltaic-system-2742304_1920-1024x672.jpg\" alt=\"\" class=\"wp-image-36227 lazyload\" width=\"696\" height=\"456\" data-srcset=\"https:\/\/gazetaregionalna.com\/wp-content\/uploads\/2021\/03\/pixabay_photovoltaic-system-2742304_1920-1024x672.jpg 1024w, https:\/\/gazetaregionalna.com\/wp-content\/uploads\/2021\/03\/pixabay_photovoltaic-system-2742304_1920-300x197.jpg 300w, https:\/\/gazetaregionalna.com\/wp-content\/uploads\/2021\/03\/pixabay_photovoltaic-system-2742304_1920-768x504.jpg 768w, https:\/\/gazetaregionalna.com\/wp-content\/uploads\/2021\/03\/pixabay_photovoltaic-system-2742304_1920-1536x1008.jpg 1536w, https:\/\/gazetaregionalna.com\/wp-content\/uploads\/2021\/03\/pixabay_photovoltaic-system-2742304_1920-696x457.jpg 696w, https:\/\/gazetaregionalna.com\/wp-content\/uploads\/2021\/03\/pixabay_photovoltaic-system-2742304_1920-1068x701.jpg 1068w, https:\/\/gazetaregionalna.com\/wp-content\/uploads\/2021\/03\/pixabay_photovoltaic-system-2742304_1920-640x420.jpg 640w, https:\/\/gazetaregionalna.com\/wp-content\/uploads\/2021\/03\/pixabay_photovoltaic-system-2742304_1920-741x486.jpg 741w, https:\/\/gazetaregionalna.com\/wp-content\/uploads\/2021\/03\/pixabay_photovoltaic-system-2742304_1920.jpg 1200w\" data-sizes=\"(max-width: 696px) 100vw, 696px\" src=\"data:image\/svg+xml;base64,PHN2ZyB3aWR0aD0iMSIgaGVpZ2h0PSIxIiB4bWxucz0iaHR0cDovL3d3dy53My5vcmcvMjAwMC9zdmciPjwvc3ZnPg==\" style=\"--smush-placeholder-width: 696px; --smush-placeholder-aspect-ratio: 696\/456;\" \/><figcaption>M\u00f3j pr\u0105d, foto: Pixabay<\/figcaption><\/figure>\n\n\n\n<p>Reasumuj\u0105c, warto przed podpisaniem umowy zainteresowa\u0107 si\u0119 na jakim sprz\u0119cie b\u0119dzie wykonana instalacja. Osoby, kt\u00f3re maj\u0105 zamiar skorzysta\u0107 z dofinansowania w ramach programu \u201cM\u00f3j Pr\u0105d\u201d musz\u0105 uzbroi\u0107 si\u0119 zatem w jeszcze odrobin\u0119 cierpliwo\u015bci. Warto ten czas po\u015bwi\u0119ci\u0107 na dobre rozeznanie rynku fotowoltaicznego, aby inwestycja by\u0142a w 100% op\u0142acalna. Osoby mieszkaj\u0105ce w Cz\u0119stochowie i okolicach mog\u0105 si\u0119 zwr\u00f3ci\u0107 do jednego z ekspert\u00f3w <a href=\"https:\/\/inergis.pl\/\" class=\"rank-math-link\" target=\"_blank\" rel=\"noopener\">INERGIS S.A<\/a>, kt\u00f3ry pomo\u017ce dobra\u0107 najlepsze rozwi\u0105zania fotowoltaiczne do naszych potrzeb.<\/p>\n","protected":false},"excerpt":{"rendered":"<p>Europejska transformacja energetyczna trwa w najlepsze. Cho\u0107 nadal w Polsce g\u0142\u00f3wnym \u017ar\u00f3d\u0142em energii elektrycznej s\u0105 elektrownie w\u0119glowe, z roku na rok coraz wi\u0119ksz\u0105 popularno\u015b\u0107<\/p>\n","protected":false},"author":5,"featured_media":36218,"comment_status":"open","ping_status":"open","sticky":false,"template":"","format":"standard","meta":{"_monsterinsights_skip_tracking":false,"_monsterinsights_sitenote_active":false,"_monsterinsights_sitenote_note":"","_monsterinsights_sitenote_category":0,"_uf_show_specific_survey":0,"_uf_disable_surveys":false,"footnotes":""},"categories":[17,20,29],"tags":[],"class_list":["post-36217","post","type-post","status-publish","format-standard","has-post-thumbnail","hentry","category-dom","category-budownictwo","category-ekologia"],"_links":{"self":[{"href":"https:\/\/gazetaregionalna.com\/index.php?rest_route=\/wp\/v2\/posts\/36217","targetHints":{"allow":["GET"]}}],"collection":[{"href":"https:\/\/gazetaregionalna.com\/index.php?rest_route=\/wp\/v2\/posts"}],"about":[{"href":"https:\/\/gazetaregionalna.com\/index.php?rest_route=\/wp\/v2\/types\/post"}],"author":[{"embeddable":true,"href":"https:\/\/gazetaregionalna.com\/index.php?rest_route=\/wp\/v2\/users\/5"}],"replies":[{"embeddable":true,"href":"https:\/\/gazetaregionalna.com\/index.php?rest_route=%2Fwp%2Fv2%2Fcomments&post=36217"}],"version-history":[{"count":12,"href":"https:\/\/gazetaregionalna.com\/index.php?rest_route=\/wp\/v2\/posts\/36217\/revisions"}],"predecessor-version":[{"id":36243,"href":"https:\/\/gazetaregionalna.com\/index.php?rest_route=\/wp\/v2\/posts\/36217\/revisions\/36243"}],"wp:featuredmedia":[{"embeddable":true,"href":"https:\/\/gazetaregionalna.com\/index.php?rest_route=\/wp\/v2\/media\/36218"}],"wp:attachment":[{"href":"https:\/\/gazetaregionalna.com\/index.php?rest_route=%2Fwp%2Fv2%2Fmedia&parent=36217"}],"wp:term":[{"taxonomy":"category","embeddable":true,"href":"https:\/\/gazetaregionalna.com\/index.php?rest_route=%2Fwp%2Fv2%2Fcategories&post=36217"},{"taxonomy":"post_tag","embeddable":true,"href":"https:\/\/gazetaregionalna.com\/index.php?rest_route=%2Fwp%2Fv2%2Ftags&post=36217"}],"curies":[{"name":"wp","href":"https:\/\/api.w.org\/{rel}","templated":true}]}}