{"id":36107,"date":"2021-03-21T09:34:03","date_gmt":"2021-03-21T09:34:03","guid":{"rendered":"https:\/\/gazetaregionalna.com\/?p=36107"},"modified":"2021-03-21T09:34:04","modified_gmt":"2021-03-21T09:34:04","slug":"swiatowy-dzien-zespolu-downa","status":"publish","type":"post","link":"https:\/\/gazetaregionalna.com\/?p=36107","title":{"rendered":"\u015awiatowy Dzie\u0144 Zespo\u0142u Downa, czyli Dzie\u0144 Kolorowej Skarpetki"},"content":{"rendered":"\n<p style=\"font-size:25px\">Dzisiaj przypada \u015awiatowy Dzie\u0144 Zespo\u0142u Downa, kt\u00f3rego symbolem s\u0105 kolorowe skarpetki nie do pary.<\/p>\n\n\n\n<figure class=\"wp-block-image size-large\"><img decoding=\"async\" width=\"720\" height=\"720\" data-src=\"https:\/\/gazetaregionalna.com\/wp-content\/uploads\/2021\/03\/kolorowe-skarpetki.jpg\" alt=\"kolorowe skarpetki\" class=\"wp-image-36108 lazyload\" data-srcset=\"https:\/\/gazetaregionalna.com\/wp-content\/uploads\/2021\/03\/kolorowe-skarpetki.jpg 720w, https:\/\/gazetaregionalna.com\/wp-content\/uploads\/2021\/03\/kolorowe-skarpetki-300x300.jpg 300w, https:\/\/gazetaregionalna.com\/wp-content\/uploads\/2021\/03\/kolorowe-skarpetki-150x150.jpg 150w, https:\/\/gazetaregionalna.com\/wp-content\/uploads\/2021\/03\/kolorowe-skarpetki-696x696.jpg 696w, https:\/\/gazetaregionalna.com\/wp-content\/uploads\/2021\/03\/kolorowe-skarpetki-420x420.jpg 420w\" data-sizes=\"(max-width: 720px) 100vw, 720px\" src=\"data:image\/svg+xml;base64,PHN2ZyB3aWR0aD0iMSIgaGVpZ2h0PSIxIiB4bWxucz0iaHR0cDovL3d3dy53My5vcmcvMjAwMC9zdmciPjwvc3ZnPg==\" style=\"--smush-placeholder-width: 720px; --smush-placeholder-aspect-ratio: 720\/720;\" \/><figcaption>Fot. \u015aDZD<\/figcaption><\/figure>\n\n\n\n<p>21 marca przypada \u015awiatowy Dzie\u0144 Zespo\u0142u Downa. Jest to \u015bwi\u0119to ustanowione z inicjatywy Europejskiego Stowarzyszenia\u00a0Zespo\u0142u Downa 2005 roku, a od 2012 roku pod patronatem\u00a0<a class=\"rank-math-link\" href=\"https:\/\/pl.wikipedia.org\/wiki\/Organizacja_Narod%C3%B3w_Zjednoczonych\" target=\"_blank\" rel=\"noopener\">Organizacji Narod\u00f3w Zjednoczonych<\/a>. Pomys\u0142odawc\u0105 tego \u015bwi\u0119ta by\u0142 Stylianos E. Antonarakis &#8211; genetyk\u00a0z uniwersytetu w\u00a0Genewie.<\/p>\n\n\n\n<p>To, \u017ce \u015bwi\u0119to obchodzone jest 21 marca to nie przypadek. W\u0142a\u015bnie dzisiaj rozpoczyna si\u0119 kalendarzowa wiosna, kt\u00f3ra patronuje narodzinom ludzi niezwyk\u0142ych. Data wi\u0105\u017ce si\u0119 r\u00f3wnie\u017c z istot\u0105 zaburzenia \u2013 trisomi\u0105 21 chromosomu.<\/p>\n\n\n\n<figure class=\"wp-block-image size-large\"><img decoding=\"async\" width=\"1000\" height=\"667\" data-src=\"https:\/\/gazetaregionalna.com\/wp-content\/uploads\/2021\/03\/Zespol-Downa-edziecko.jpg\" alt=\"Zesp\u00f3\u0142 Downa edziecko\" class=\"wp-image-36111 lazyload\" data-srcset=\"https:\/\/gazetaregionalna.com\/wp-content\/uploads\/2021\/03\/Zespol-Downa-edziecko.jpg 1000w, https:\/\/gazetaregionalna.com\/wp-content\/uploads\/2021\/03\/Zespol-Downa-edziecko-300x200.jpg 300w, https:\/\/gazetaregionalna.com\/wp-content\/uploads\/2021\/03\/Zespol-Downa-edziecko-768x512.jpg 768w, https:\/\/gazetaregionalna.com\/wp-content\/uploads\/2021\/03\/Zespol-Downa-edziecko-696x464.jpg 696w, https:\/\/gazetaregionalna.com\/wp-content\/uploads\/2021\/03\/Zespol-Downa-edziecko-630x420.jpg 630w\" data-sizes=\"(max-width: 1000px) 100vw, 1000px\" src=\"data:image\/svg+xml;base64,PHN2ZyB3aWR0aD0iMSIgaGVpZ2h0PSIxIiB4bWxucz0iaHR0cDovL3d3dy53My5vcmcvMjAwMC9zdmciPjwvc3ZnPg==\" style=\"--smush-placeholder-width: 1000px; --smush-placeholder-aspect-ratio: 1000\/667;\" \/><figcaption>Fot. edziecko.pl<\/figcaption><\/figure>\n\n\n\n<p>Z tej okazji na ca\u0142ym \u015bwiecie odbywaj\u0105 si\u0119 imprezy, kt\u00f3re maj\u0105 na celu u\u015bwiadomienie spo\u0142eczno\u015bci dotycz\u0105cej zespo\u0142u Downa, oraz promowanie praw os\u00f3b z&nbsp;Zespo\u0142em Downa&nbsp;do pe\u0142nego uczestniczenia w \u017cyciu spo\u0142ecznym i integrowania si\u0119 z nimi.<\/p>\n\n\n\n<p>Niestety w tym roku z powodu trwaj\u0105cej pandemii i obostrze\u0144 sanitarnych, nie mog\u0105 odby\u0107 si\u0119 \u017cadne imprezy. Mo\u017cna jednak w inny spos\u00f3b uczci\u0107 to \u015bwi\u0119to. \u015awiatowy Dzie\u0144 Zespo\u0142u Downa to tak\u017ce inaczej Dzie\u0144 Kolorowej Skarpetki, kt\u00f3ry jest symbolem &nbsp;solidaryzowania si\u0119 z chorymi na Zesp\u00f3\u0142 Downa.<\/p>\n\n\n\n<figure class=\"wp-block-image size-large\"><img decoding=\"async\" width=\"1024\" height=\"683\" data-src=\"https:\/\/gazetaregionalna.com\/wp-content\/uploads\/2021\/03\/funny-629675_1920-1024x683.jpg\" alt=\"funny\" class=\"wp-image-36110 lazyload\" data-srcset=\"https:\/\/gazetaregionalna.com\/wp-content\/uploads\/2021\/03\/funny-629675_1920-1024x683.jpg 1024w, https:\/\/gazetaregionalna.com\/wp-content\/uploads\/2021\/03\/funny-629675_1920-300x200.jpg 300w, https:\/\/gazetaregionalna.com\/wp-content\/uploads\/2021\/03\/funny-629675_1920-768x512.jpg 768w, https:\/\/gazetaregionalna.com\/wp-content\/uploads\/2021\/03\/funny-629675_1920-1536x1024.jpg 1536w, https:\/\/gazetaregionalna.com\/wp-content\/uploads\/2021\/03\/funny-629675_1920-696x464.jpg 696w, https:\/\/gazetaregionalna.com\/wp-content\/uploads\/2021\/03\/funny-629675_1920-1068x712.jpg 1068w, https:\/\/gazetaregionalna.com\/wp-content\/uploads\/2021\/03\/funny-629675_1920-630x420.jpg 630w, https:\/\/gazetaregionalna.com\/wp-content\/uploads\/2021\/03\/funny-629675_1920.jpg 1200w\" data-sizes=\"(max-width: 1024px) 100vw, 1024px\" src=\"data:image\/svg+xml;base64,PHN2ZyB3aWR0aD0iMSIgaGVpZ2h0PSIxIiB4bWxucz0iaHR0cDovL3d3dy53My5vcmcvMjAwMC9zdmciPjwvc3ZnPg==\" style=\"--smush-placeholder-width: 1024px; --smush-placeholder-aspect-ratio: 1024\/683;\" \/><figcaption>Fot. pixabay.com<\/figcaption><\/figure>\n\n\n\n<p>Wszystkie fundacje i organizacje dzia\u0142aj\u0105ce dla potrzeb i dobra os\u00f3b chorych na Zesp\u00f3\u0142 Downa zach\u0119caj\u0105 do za\u0142o\u017cenia kolorowych skarpetek&nbsp;w tym dniu \u2013 najlepiej trzech (w zespole Downa s\u0105 3 chromosomy w 21 parze) i w r\u00f3\u017cnych, weso\u0142ych kolorach.<\/p>\n\n\n\n<p>Skarpetki mog\u0105 by\u0107 w paski, w kropki, za kolano lub tu\u017c przy kostce, mog\u0105 by\u0107 z r\u00f3\u017cnych, niepasuj\u0105cych do siebie par. Osoby, kt\u00f3re chc\u0105 jeszcze bardziej zsolidaryzowa\u0107 si\u0119, poza kolorowymi skarpetkami<br>mog\u0105 dzisiaj za\u0142o\u017cy\u0107 na siebie kolorowe ubranie.\u00a0Kolory przewodnie\u00a0\u015aDZD to granatowy i czerwony.<\/p>\n\n\n\n<p>Wszelkiego rodzaju akcje prowadzone przez \u015aDZD mo\u017cna \u015bledzi\u0107 na ich <a href=\"http:\/\/www.worlddownsyndromeday.org\/\" class=\"rank-math-link\" target=\"_blank\" rel=\"noopener\">stronie internetowej<\/a>, kanale <a href=\"http:\/\/www.youtube.com\/DSiWDSD\" class=\"rank-math-link\" target=\"_blank\" rel=\"noopener\">YouTube<\/a> czy na <a href=\"http:\/\/www.facebook.com\/World-Down-Syndrome-Day\" class=\"rank-math-link\" target=\"_blank\" rel=\"noopener\">Facebooku<\/a>.<\/p>\n\n\n\n<p><br><\/p>\n","protected":false},"excerpt":{"rendered":"<p>Dzisiaj przypada \u015awiatowy Dzie\u0144 Zespo\u0142u Downa, kt\u00f3rego symbolem s\u0105 kolorowe skarpetki nie do pary. 21 marca przypada \u015awiatowy Dzie\u0144 Zespo\u0142u Downa. Jest to \u015bwi\u0119to<\/p>\n","protected":false},"author":12,"featured_media":36109,"comment_status":"open","ping_status":"open","sticky":false,"template":"","format":"standard","meta":{"_monsterinsights_skip_tracking":false,"_monsterinsights_sitenote_active":false,"_monsterinsights_sitenote_note":"","_monsterinsights_sitenote_category":0,"_uf_show_specific_survey":0,"_uf_disable_surveys":false,"footnotes":""},"categories":[94,3,27,25,26,28],"tags":[1642,1641],"class_list":["post-36107","post","type-post","status-publish","format-standard","has-post-thumbnail","hentry","category-polecane","category-czestochowa-informacje","category-klobuck-informacje","category-lubliniec","category-myszkow","category-radomsko","tag-kolorowe-skarpetki","tag-zespol-downa"],"_links":{"self":[{"href":"https:\/\/gazetaregionalna.com\/index.php?rest_route=\/wp\/v2\/posts\/36107","targetHints":{"allow":["GET"]}}],"collection":[{"href":"https:\/\/gazetaregionalna.com\/index.php?rest_route=\/wp\/v2\/posts"}],"about":[{"href":"https:\/\/gazetaregionalna.com\/index.php?rest_route=\/wp\/v2\/types\/post"}],"author":[{"embeddable":true,"href":"https:\/\/gazetaregionalna.com\/index.php?rest_route=\/wp\/v2\/users\/12"}],"replies":[{"embeddable":true,"href":"https:\/\/gazetaregionalna.com\/index.php?rest_route=%2Fwp%2Fv2%2Fcomments&post=36107"}],"version-history":[{"count":1,"href":"https:\/\/gazetaregionalna.com\/index.php?rest_route=\/wp\/v2\/posts\/36107\/revisions"}],"predecessor-version":[{"id":36112,"href":"https:\/\/gazetaregionalna.com\/index.php?rest_route=\/wp\/v2\/posts\/36107\/revisions\/36112"}],"wp:featuredmedia":[{"embeddable":true,"href":"https:\/\/gazetaregionalna.com\/index.php?rest_route=\/wp\/v2\/media\/36109"}],"wp:attachment":[{"href":"https:\/\/gazetaregionalna.com\/index.php?rest_route=%2Fwp%2Fv2%2Fmedia&parent=36107"}],"wp:term":[{"taxonomy":"category","embeddable":true,"href":"https:\/\/gazetaregionalna.com\/index.php?rest_route=%2Fwp%2Fv2%2Fcategories&post=36107"},{"taxonomy":"post_tag","embeddable":true,"href":"https:\/\/gazetaregionalna.com\/index.php?rest_route=%2Fwp%2Fv2%2Ftags&post=36107"}],"curies":[{"name":"wp","href":"https:\/\/api.w.org\/{rel}","templated":true}]}}