{"id":35936,"date":"2021-03-18T08:07:46","date_gmt":"2021-03-18T08:07:46","guid":{"rendered":"https:\/\/gazetaregionalna.com\/?p=35936"},"modified":"2021-03-18T08:07:48","modified_gmt":"2021-03-18T08:07:48","slug":"przejazd","status":"publish","type":"post","link":"https:\/\/gazetaregionalna.com\/?p=35936","title":{"rendered":"Przejazd na Bugajskiej znowu zamkni\u0119ty"},"content":{"rendered":"\n<p><strong>24 i 25 marca<\/strong> nast\u0105pi zamkni\u0119cie przejazdu kolejowego przy ulicy Bugajskiej. Powodem jest awaryjny remont, dlatego dla autobus\u00f3w<strong> linii 31, 57, 58, 59 i 67 <\/strong>pojad\u0105 inaczej.<\/p>\n\n\n\n<p>Z powodu awaryjnego remontu autobusy poszczeg\u00f3lnych linii pojad\u0105 inaczej:<\/p>\n\n\n\n<ul class=\"wp-block-list\"><li><strong>Linia nr 31<\/strong> \u2013 autobus pojedzie skr\u00f3con\u0105 tras\u0105. Kurs b\u0119dzie tylko do p\u0119tli STADION RAK\u00d3W i w obu kierunkach nie b\u0119dzie kursowa\u0107 ulic\u0105 Bugajsk\u0105 do Kr\u0119ciwilka. Dla tej linii zostan\u0105 zawieszone przystanki: \u017bARECKA, BUGAJSKA, WEYSSENHOFF i KR\u0118CIWILK;<\/li><li><strong>Linie nr 57, 58, 59 i 67<\/strong> \u2013 od Estakady pojad\u0105 przez alej\u0119 Pokoju, ulic\u0119 Korfantego i osiedle pod Wilcz\u0105 G\u00f3r\u0105 w Odrzykoniu, a nast\u0119pnie w zale\u017cno\u015bci od trasy linii b\u0119d\u0105 one kursowa\u0107 do Kusi\u0105t lub do trasy DK-46 i dalej bez zmian do Olsztyna i Biskupic. Zmiany obowi\u0105zuj\u0105 w obu kierunkach. Wszystkie te linie nie b\u0119d\u0105 kursowa\u0107 alej\u0105 Wojska Polskiego i ulic\u0105 Bugajsk\u0105. Dla tych linii zostan\u0105 zawieszone przystanki: CH JAGIELLO\u0143CZYCY, OKRZEI, MIRECKIEGO, RAKOWSKA, BUGAJSKA, WEYSSENHOFF i KR\u0118CIWILK.<\/li><\/ul>\n","protected":false},"excerpt":{"rendered":"<p>24 i 25 marca nast\u0105pi zamkni\u0119cie przejazdu kolejowego przy ulicy Bugajskiej. Powodem jest awaryjny remont, dlatego dla autobus\u00f3w linii 31, 57, 58, 59 i<\/p>\n","protected":false},"author":12,"featured_media":26060,"comment_status":"open","ping_status":"open","sticky":false,"template":"","format":"standard","meta":{"_monsterinsights_skip_tracking":false,"_monsterinsights_sitenote_active":false,"_monsterinsights_sitenote_note":"","_monsterinsights_sitenote_category":0,"_uf_show_specific_survey":0,"_uf_disable_surveys":false,"footnotes":""},"categories":[94,3,2],"tags":[1624],"class_list":["post-35936","post","type-post","status-publish","format-standard","has-post-thumbnail","hentry","category-polecane","category-czestochowa-informacje","category-wiadomosci","tag-przejazd-na-bugajskiej"],"_links":{"self":[{"href":"https:\/\/gazetaregionalna.com\/index.php?rest_route=\/wp\/v2\/posts\/35936","targetHints":{"allow":["GET"]}}],"collection":[{"href":"https:\/\/gazetaregionalna.com\/index.php?rest_route=\/wp\/v2\/posts"}],"about":[{"href":"https:\/\/gazetaregionalna.com\/index.php?rest_route=\/wp\/v2\/types\/post"}],"author":[{"embeddable":true,"href":"https:\/\/gazetaregionalna.com\/index.php?rest_route=\/wp\/v2\/users\/12"}],"replies":[{"embeddable":true,"href":"https:\/\/gazetaregionalna.com\/index.php?rest_route=%2Fwp%2Fv2%2Fcomments&post=35936"}],"version-history":[{"count":1,"href":"https:\/\/gazetaregionalna.com\/index.php?rest_route=\/wp\/v2\/posts\/35936\/revisions"}],"predecessor-version":[{"id":35937,"href":"https:\/\/gazetaregionalna.com\/index.php?rest_route=\/wp\/v2\/posts\/35936\/revisions\/35937"}],"wp:featuredmedia":[{"embeddable":true,"href":"https:\/\/gazetaregionalna.com\/index.php?rest_route=\/wp\/v2\/media\/26060"}],"wp:attachment":[{"href":"https:\/\/gazetaregionalna.com\/index.php?rest_route=%2Fwp%2Fv2%2Fmedia&parent=35936"}],"wp:term":[{"taxonomy":"category","embeddable":true,"href":"https:\/\/gazetaregionalna.com\/index.php?rest_route=%2Fwp%2Fv2%2Fcategories&post=35936"},{"taxonomy":"post_tag","embeddable":true,"href":"https:\/\/gazetaregionalna.com\/index.php?rest_route=%2Fwp%2Fv2%2Ftags&post=35936"}],"curies":[{"name":"wp","href":"https:\/\/api.w.org\/{rel}","templated":true}]}}