{"id":35932,"date":"2021-03-17T20:51:18","date_gmt":"2021-03-17T20:51:18","guid":{"rendered":"https:\/\/gazetaregionalna.com\/?p=35932"},"modified":"2021-03-17T20:51:19","modified_gmt":"2021-03-17T20:51:19","slug":"w-meczu-na-szczycie-czestochowskie-tenisistki-stolowe-przegraly-z-skts-sochaczew","status":"publish","type":"post","link":"https:\/\/gazetaregionalna.com\/?p=35932","title":{"rendered":"W meczu \u201ena szczycie\u201d cz\u0119stochowskie tenisistki sto\u0142owe przegra\u0142y z SKTS Sochaczew"},"content":{"rendered":"\n<p>Nie uda\u0142 si\u0119 tenisistkom sto\u0142owym Bebetto UJD AZS \u015brodowy mecz w ekstraklasie kobiet z SKTS Sochaczew. Cz\u0119stochowianki uleg\u0142y 2:3 i dozna\u0142y trzeciej pora\u017cki w sezonie 2020\/21.<\/p>\n\n\n\n<p>\u015arodowe spotkanie rozpocz\u0119\u0142o si\u0119 po my\u015bli cz\u0119stochowianek. Liderka Tetyana Bilenko pokona\u0142a 3:0 Dari\u0119 \u0141uczakowsk\u0105. W drugiej partii dnia Roksana Za\u0142omska uleg\u0142a Irinie Cibanou 0:3 i w meczu zrobi\u0142 si\u0119 remis 1:1. W trzecim meczu dnia do sto\u0142u podesz\u0142y Sandra Wabik i Magdalena Sikorska. Wygra\u0142a reprezentantka go\u015bci 3:1 i SKTS obj\u0105\u0142 prowadzenie 2:1.<\/p>\n\n\n\n<p>Niezawodna Tetyana Bilenko wygra\u0142a sw\u00f3j drugi mecz 3:2 z Irin\u0105 Cibonau i doprowadzi\u0142a do remisu w meczu 2:2.<\/p>\n\n\n\n<p>O zwyci\u0119stwie w meczu mia\u0142a zadecydowa\u0107 pi\u0105ta partia, do kt\u00f3rej podesz\u0142y Roksana Za\u0142omska i Daria \u0141uczakowska. Rywalka cz\u0119stochowskiej zawodniczki wygra\u0142a 3:0 i zapewni\u0142a zespo\u0142owi go\u015bci zwyci\u0119stwo 3:2.<\/p>\n\n\n\n<p>Po 15 rozegranych spotkaniach Bebetto UJD AZS ma na koncie 12 zwyci\u0119stw i 34 punkty. Cz\u0119stochowskie tenisistki sto\u0142owe zajmuj\u0105 3. miejsce w tabeli. Kolejny mecz rozegraj\u0105 w niedziel\u0119 i b\u0119d\u0105 podejmowa\u0107 Gotyk Toru\u0144.<\/p>\n\n\n\n<p>Foto: Materia\u0142y prasowe klubu <\/p>\n","protected":false},"excerpt":{"rendered":"<p>Nie uda\u0142 si\u0119 tenisistkom sto\u0142owym Bebetto UJD AZS \u015brodowy mecz w ekstraklasie kobiet z SKTS Sochaczew. Cz\u0119stochowianki uleg\u0142y 2:3 i dozna\u0142y trzeciej pora\u017cki w<\/p>\n","protected":false},"author":15,"featured_media":25039,"comment_status":"open","ping_status":"open","sticky":false,"template":"","format":"standard","meta":{"_monsterinsights_skip_tracking":false,"_monsterinsights_sitenote_active":false,"_monsterinsights_sitenote_note":"","_monsterinsights_sitenote_category":0,"_uf_show_specific_survey":0,"_uf_disable_surveys":false,"footnotes":""},"categories":[5,10],"tags":[],"class_list":["post-35932","post","type-post","status-publish","format-standard","has-post-thumbnail","hentry","category-sport","category-tenis-stolowy"],"_links":{"self":[{"href":"https:\/\/gazetaregionalna.com\/index.php?rest_route=\/wp\/v2\/posts\/35932","targetHints":{"allow":["GET"]}}],"collection":[{"href":"https:\/\/gazetaregionalna.com\/index.php?rest_route=\/wp\/v2\/posts"}],"about":[{"href":"https:\/\/gazetaregionalna.com\/index.php?rest_route=\/wp\/v2\/types\/post"}],"author":[{"embeddable":true,"href":"https:\/\/gazetaregionalna.com\/index.php?rest_route=\/wp\/v2\/users\/15"}],"replies":[{"embeddable":true,"href":"https:\/\/gazetaregionalna.com\/index.php?rest_route=%2Fwp%2Fv2%2Fcomments&post=35932"}],"version-history":[{"count":1,"href":"https:\/\/gazetaregionalna.com\/index.php?rest_route=\/wp\/v2\/posts\/35932\/revisions"}],"predecessor-version":[{"id":35933,"href":"https:\/\/gazetaregionalna.com\/index.php?rest_route=\/wp\/v2\/posts\/35932\/revisions\/35933"}],"wp:featuredmedia":[{"embeddable":true,"href":"https:\/\/gazetaregionalna.com\/index.php?rest_route=\/wp\/v2\/media\/25039"}],"wp:attachment":[{"href":"https:\/\/gazetaregionalna.com\/index.php?rest_route=%2Fwp%2Fv2%2Fmedia&parent=35932"}],"wp:term":[{"taxonomy":"category","embeddable":true,"href":"https:\/\/gazetaregionalna.com\/index.php?rest_route=%2Fwp%2Fv2%2Fcategories&post=35932"},{"taxonomy":"post_tag","embeddable":true,"href":"https:\/\/gazetaregionalna.com\/index.php?rest_route=%2Fwp%2Fv2%2Ftags&post=35932"}],"curies":[{"name":"wp","href":"https:\/\/api.w.org\/{rel}","templated":true}]}}