{"id":35830,"date":"2021-03-15T19:22:08","date_gmt":"2021-03-15T19:22:08","guid":{"rendered":"https:\/\/gazetaregionalna.com\/?p=35830"},"modified":"2021-03-15T19:22:09","modified_gmt":"2021-03-15T19:22:09","slug":"szpadzista-wlks-kmicic-czestochowa-lukasz-parafiniuk-jedzie-na-szermiercze-mistrzostwa-swiata-do-egiptu","status":"publish","type":"post","link":"https:\/\/gazetaregionalna.com\/?p=35830","title":{"rendered":"Szpadzista WLKS Kmicic Cz\u0119stochowa \u0141ukasz Parafiniuk jedzie na szermiercze Mistrzostwa \u015awiata do Egiptu"},"content":{"rendered":"\n<p>Polski Zwi\u0105zek Szermierczy poinformowa\u0142, \u017ce szpadzista WLKS Kmicic Cz\u0119stochowa \u0141ukasz Parafiniuk zakwalifikowa\u0142 si\u0119 na szermiercze Mistrzostwa \u015awiata kadet\u00f3w i junior\u00f3w, kt\u00f3re odb\u0119d\u0105 si\u0119 w Egipcie.<\/p>\n\n\n\n<p>&#8211; Potwierdzam t\u0105 informacj\u0119 \u2013 m\u00f3wi trener WLKS-u Kmicic Andrzej Zagu\u0142a. &#8211; Zapoznali\u015bmy si\u0119 z komunikatem Polskiego Zwi\u0105zku Szermierczego. Wychowany od pocz\u0105tku do ko\u0144ca w sali szermierczej zlokalizowanej w Hali Sportowej Cz\u0119stochowa nastolatek osi\u0105gn\u0105\u0142 tym samy \u017cyciowy sukces. Nasz niewielki i skromny jak na cz\u0119stochowskie warunki klub pisze now\u0105 histori\u0119 nawi\u0105zuj\u0105c\u0105 do tradycji \u017baka Cz\u0119stochowa, czy Budexu Cz\u0119stochowa.<\/p>\n\n\n\n<p>Do Kairu Polsk\u0119 pojad\u0105 te\u017c reprezentowa\u0107 dwaj inni szszpadzi\u015bci &#8211; Antoni Socha z PKSzerm Warszawa i Stanis\u0142aw Dziura z PTC Sok\u00f3\u0142 1893 Mielec.<\/p>\n\n\n\n<figure class=\"wp-block-image size-large\"><img decoding=\"async\" width=\"562\" height=\"728\" data-src=\"https:\/\/gazetaregionalna.com\/wp-content\/uploads\/2021\/03\/WLKSKmicic.jpg\" alt=\"\" class=\"wp-image-35831 lazyload\" data-srcset=\"https:\/\/gazetaregionalna.com\/wp-content\/uploads\/2021\/03\/WLKSKmicic.jpg 562w, https:\/\/gazetaregionalna.com\/wp-content\/uploads\/2021\/03\/WLKSKmicic-232x300.jpg 232w, https:\/\/gazetaregionalna.com\/wp-content\/uploads\/2021\/03\/WLKSKmicic-324x420.jpg 324w\" data-sizes=\"(max-width: 562px) 100vw, 562px\" src=\"data:image\/svg+xml;base64,PHN2ZyB3aWR0aD0iMSIgaGVpZ2h0PSIxIiB4bWxucz0iaHR0cDovL3d3dy53My5vcmcvMjAwMC9zdmciPjwvc3ZnPg==\" style=\"--smush-placeholder-width: 562px; --smush-placeholder-aspect-ratio: 562\/728;\" \/><\/figure>\n\n\n\n<p>To nie jedyny sukces cz\u0119stochowskiego klubu w ostatnich dniach. &#8211; W Mistrzostwach Polski junior\u00f3w do lat 20 w szermierce rozgrywanych we Wroc\u0142awiu m\u0142oda, bo z\u0142o\u017cona z samych 16-latk\u00f3w dru\u017cyna WLKS-u Kmicica wywalczy\u0142a 5. miejsce \u2013 dodaje trener Andrzej Zagu\u0142a. &#8211; Cz\u0119stochowianie byli jedn\u0105 z rewelacji zawod\u00f3w. Marcin \u017belazny, Miko\u0142aj Pucha\u0142a i \u0141ukasz Parafiniuk przegrali tylko z faworytami mistrzostw, Polskim Klubem Szermierczym Warszawa.<\/p>\n\n\n\n<figure class=\"wp-block-image size-large\"><img decoding=\"async\" width=\"1024\" height=\"716\" data-src=\"https:\/\/gazetaregionalna.com\/wp-content\/uploads\/2021\/03\/WLKSKmicic-2-1024x716.jpg\" alt=\"\" class=\"wp-image-35832 lazyload\" data-srcset=\"https:\/\/gazetaregionalna.com\/wp-content\/uploads\/2021\/03\/WLKSKmicic-2-1024x716.jpg 1024w, https:\/\/gazetaregionalna.com\/wp-content\/uploads\/2021\/03\/WLKSKmicic-2-300x210.jpg 300w, https:\/\/gazetaregionalna.com\/wp-content\/uploads\/2021\/03\/WLKSKmicic-2-768x537.jpg 768w, https:\/\/gazetaregionalna.com\/wp-content\/uploads\/2021\/03\/WLKSKmicic-2-1536x1075.jpg 1536w, https:\/\/gazetaregionalna.com\/wp-content\/uploads\/2021\/03\/WLKSKmicic-2-696x487.jpg 696w, https:\/\/gazetaregionalna.com\/wp-content\/uploads\/2021\/03\/WLKSKmicic-2-1068x747.jpg 1068w, https:\/\/gazetaregionalna.com\/wp-content\/uploads\/2021\/03\/WLKSKmicic-2-600x420.jpg 600w, https:\/\/gazetaregionalna.com\/wp-content\/uploads\/2021\/03\/WLKSKmicic-2-100x70.jpg 100w, https:\/\/gazetaregionalna.com\/wp-content\/uploads\/2021\/03\/WLKSKmicic-2.jpg 1200w\" data-sizes=\"(max-width: 1024px) 100vw, 1024px\" src=\"data:image\/svg+xml;base64,PHN2ZyB3aWR0aD0iMSIgaGVpZ2h0PSIxIiB4bWxucz0iaHR0cDovL3d3dy53My5vcmcvMjAwMC9zdmciPjwvc3ZnPg==\" style=\"--smush-placeholder-width: 1024px; --smush-placeholder-aspect-ratio: 1024\/716;\" \/><\/figure>\n\n\n\n<p>Foto: Materia\u0142y prasowe klubu WLKS Kmicic<\/p>\n","protected":false},"excerpt":{"rendered":"<p>Polski Zwi\u0105zek Szermierczy poinformowa\u0142, \u017ce szpadzista WLKS Kmicic Cz\u0119stochowa \u0141ukasz Parafiniuk zakwalifikowa\u0142 si\u0119 na szermiercze Mistrzostwa \u015awiata kadet\u00f3w i junior\u00f3w, kt\u00f3re odb\u0119d\u0105 si\u0119 w<\/p>\n","protected":false},"author":15,"featured_media":35831,"comment_status":"open","ping_status":"open","sticky":false,"template":"","format":"standard","meta":{"_monsterinsights_skip_tracking":false,"_monsterinsights_sitenote_active":false,"_monsterinsights_sitenote_note":"","_monsterinsights_sitenote_category":0,"_uf_show_specific_survey":0,"_uf_disable_surveys":false,"footnotes":""},"categories":[5,11],"tags":[],"class_list":["post-35830","post","type-post","status-publish","format-standard","has-post-thumbnail","hentry","category-sport","category-pozostale"],"_links":{"self":[{"href":"https:\/\/gazetaregionalna.com\/index.php?rest_route=\/wp\/v2\/posts\/35830","targetHints":{"allow":["GET"]}}],"collection":[{"href":"https:\/\/gazetaregionalna.com\/index.php?rest_route=\/wp\/v2\/posts"}],"about":[{"href":"https:\/\/gazetaregionalna.com\/index.php?rest_route=\/wp\/v2\/types\/post"}],"author":[{"embeddable":true,"href":"https:\/\/gazetaregionalna.com\/index.php?rest_route=\/wp\/v2\/users\/15"}],"replies":[{"embeddable":true,"href":"https:\/\/gazetaregionalna.com\/index.php?rest_route=%2Fwp%2Fv2%2Fcomments&post=35830"}],"version-history":[{"count":1,"href":"https:\/\/gazetaregionalna.com\/index.php?rest_route=\/wp\/v2\/posts\/35830\/revisions"}],"predecessor-version":[{"id":35833,"href":"https:\/\/gazetaregionalna.com\/index.php?rest_route=\/wp\/v2\/posts\/35830\/revisions\/35833"}],"wp:featuredmedia":[{"embeddable":true,"href":"https:\/\/gazetaregionalna.com\/index.php?rest_route=\/wp\/v2\/media\/35831"}],"wp:attachment":[{"href":"https:\/\/gazetaregionalna.com\/index.php?rest_route=%2Fwp%2Fv2%2Fmedia&parent=35830"}],"wp:term":[{"taxonomy":"category","embeddable":true,"href":"https:\/\/gazetaregionalna.com\/index.php?rest_route=%2Fwp%2Fv2%2Fcategories&post=35830"},{"taxonomy":"post_tag","embeddable":true,"href":"https:\/\/gazetaregionalna.com\/index.php?rest_route=%2Fwp%2Fv2%2Ftags&post=35830"}],"curies":[{"name":"wp","href":"https:\/\/api.w.org\/{rel}","templated":true}]}}