{"id":3569,"date":"2019-06-12T06:28:46","date_gmt":"2019-06-12T06:28:46","guid":{"rendered":"https:\/\/gazetaregionalna.com\/?p=3569"},"modified":"2019-06-12T06:28:48","modified_gmt":"2019-06-12T06:28:48","slug":"rosna-wezly-przesiadkowe-w-miescie-2","status":"publish","type":"post","link":"https:\/\/gazetaregionalna.com\/?p=3569","title":{"rendered":"Rosn\u0105 w\u0119z\u0142y przesiadkowe w mie\u015bcie"},"content":{"rendered":"\n<p> Blisko 69 mln z\u0142otych warta jest du\u017ca inwestycja miasta zwi\u0105zana z budow\u0105 centr\u00f3w przesiadkowych przy dworcach kolejowych.\u00a0Prace prowadzone s\u0105\u00a0w\u00a0ramach programu \u201eLepsza Komunikacja w Cz\u0119stochowie\u201d. Na ich realizacj\u0119 samorz\u0105d uzyska\u0142 dofinansowanie unijne.<br> W\u0119z\u0142y przesiadkowe powstaj\u0105 przy dworcu g\u0142\u00f3wnym PKP (od strony ul. Pi\u0142sudskiego) oraz w okolicach dworc\u00f3w:\u00a0Stradom\u00a0i Rak\u00f3w.<\/p>\n\n\n\n<figure class=\"wp-block-image\"><img decoding=\"async\" width=\"1024\" height=\"576\" data-src=\"https:\/\/gazetaregionalna.com\/wp-content\/uploads\/2019\/06\/wez1-1024x576.jpg\" alt=\"\" class=\"wp-image-3571 lazyload\" data-srcset=\"https:\/\/gazetaregionalna.com\/wp-content\/uploads\/2019\/06\/wez1-1024x576.jpg 1024w, https:\/\/gazetaregionalna.com\/wp-content\/uploads\/2019\/06\/wez1-300x169.jpg 300w, https:\/\/gazetaregionalna.com\/wp-content\/uploads\/2019\/06\/wez1-768x432.jpg 768w, https:\/\/gazetaregionalna.com\/wp-content\/uploads\/2019\/06\/wez1.jpg 1600w\" data-sizes=\"(max-width: 1024px) 100vw, 1024px\" src=\"data:image\/svg+xml;base64,PHN2ZyB3aWR0aD0iMSIgaGVpZ2h0PSIxIiB4bWxucz0iaHR0cDovL3d3dy53My5vcmcvMjAwMC9zdmciPjwvc3ZnPg==\" style=\"--smush-placeholder-width: 1024px; --smush-placeholder-aspect-ratio: 1024\/576;\" \/><\/figure>\n\n\n\n<p><br> &#8211; Centra przesiadkowe maj\u0105 poprawi\u0107 estetyk\u0119 i funkcjonalno\u015b\u0107 otoczenia dworc\u00f3w \u2013 informuje rzecznik prasowy MPK i\u00a0MZDiT\u00a0w Cz\u0119stochowie Maciej\u00a0Hasik. &#8211; Ich zadaniem jest r\u00f3wnie\u017c polepszenie stanu infrastruktury uk\u0142adu drogowego wok\u00f3\u0142 nich i umo\u017cliwienie powstania terenu, kt\u00f3ry w prosty, bezpieczny i komfortowy spos\u00f3b pozwoli przesiada\u0107 si\u0119 z jednego \u015brodka transportu na drugi, w tym do pojazd\u00f3w zbiorowego transportu publicznego.<br> Chocia\u017c pracy do wykonania jest du\u017co, inwestycje szybko posuwaj\u0105 si\u0119 naprz\u00f3d.<br> Przy ul. Pi\u0142sudskiego stawiane s\u0105 konstrukcje zwi\u0105zane z zadaszeniem peron\u00f3w przysz\u0142ego w\u0119z\u0142a i budowana jest konstrukcja pod\u0142o\u017ca. Post\u0119puj\u0105 tak\u017ce roboty przy przebudowie ulicy i chodnik\u00f3w. Obecnie trwaj\u0105 uzgodnienia i planowane s\u0105 prace dotycz\u0105ce zabezpieczenia element\u00f3w stanowi\u0105cych pozosta\u0142o\u015bci po historycznym dworcu. Chodzi o fragment mury starego dworca.<br> &#8211; Zdaniem nadzoru budowlanego ca\u0142o\u015b\u0107 powinna by\u0107 rozebrana, ale na razie, zgodnie z pierwotnym projektem, rozebrano mur na dw\u00f3ch dwudziestometrowych odcinkach \u2013 m\u00f3wi rzecznik prasowy Miejskiego Zarz\u0105du Dr\u00f3g i Transportu w Cz\u0119stochowie. &#8211; Dalszy przebieg sytuacji zale\u017cy w\u0142a\u015bnie od ustale\u0144 z konserwatorem zabytk\u00f3w.<\/p>\n\n\n\n<p>\n<br>\nZnacznie\nbardziej ni\u017c\nna ul. Pi\u0142sudskiego posuni\u0119te\ns\u0105 prace w rejonie dworca&nbsp;Stradom.<br>\nNa&nbsp;Stradomiu&nbsp;opr\u00f3cz\nprac budowlanych wok\u00f3\u0142 dworca i przebudowy ul. Pu\u0142askiego coraz\nbardziej zaawansowane s\u0105 prace przy budowie drogi rowerowej.<br>\nSie\u0107\nnowych i przebudowanych ci\u0105g\u00f3w pieszo \u2013 rowerowych po\u0142\u0105czy\nwszystkie trzy dworce. B\u0119dzie ona w sumie mierzy\u0107 kilkana\u015bcie\nkilometr\u00f3w d\u0142ugo\u015bci.<br>\nNa\nzako\u0144czenie prac przy wszystkich trzech dworcach wykonawca rob\u00f3t ma\nniewiele ponad rok. Ca\u0142o\u015b\u0107 ma by\u0107 bowiem gotowa do ko\u0144ca lata\n2020 roku.<br>\n<br>\n\n<\/p>\n","protected":false},"excerpt":{"rendered":"<p>Blisko 69 mln z\u0142otych warta jest du\u017ca inwestycja miasta zwi\u0105zana z budow\u0105 centr\u00f3w przesiadkowych przy dworcach kolejowych.\u00a0Prace prowadzone s\u0105\u00a0w\u00a0ramach programu \u201eLepsza Komunikacja w Cz\u0119stochowie\u201d.<\/p>\n","protected":false},"author":3,"featured_media":3572,"comment_status":"open","ping_status":"open","sticky":false,"template":"","format":"standard","meta":{"_monsterinsights_skip_tracking":false,"_monsterinsights_sitenote_active":false,"_monsterinsights_sitenote_note":"","_monsterinsights_sitenote_category":0,"_uf_show_specific_survey":0,"_uf_disable_surveys":false,"footnotes":""},"categories":[3,33,2],"tags":[],"class_list":["post-3569","post","type-post","status-publish","format-standard","has-post-thumbnail","hentry","category-czestochowa-informacje","category-inwestycje","category-wiadomosci"],"_links":{"self":[{"href":"https:\/\/gazetaregionalna.com\/index.php?rest_route=\/wp\/v2\/posts\/3569","targetHints":{"allow":["GET"]}}],"collection":[{"href":"https:\/\/gazetaregionalna.com\/index.php?rest_route=\/wp\/v2\/posts"}],"about":[{"href":"https:\/\/gazetaregionalna.com\/index.php?rest_route=\/wp\/v2\/types\/post"}],"author":[{"embeddable":true,"href":"https:\/\/gazetaregionalna.com\/index.php?rest_route=\/wp\/v2\/users\/3"}],"replies":[{"embeddable":true,"href":"https:\/\/gazetaregionalna.com\/index.php?rest_route=%2Fwp%2Fv2%2Fcomments&post=3569"}],"version-history":[{"count":1,"href":"https:\/\/gazetaregionalna.com\/index.php?rest_route=\/wp\/v2\/posts\/3569\/revisions"}],"predecessor-version":[{"id":3573,"href":"https:\/\/gazetaregionalna.com\/index.php?rest_route=\/wp\/v2\/posts\/3569\/revisions\/3573"}],"wp:featuredmedia":[{"embeddable":true,"href":"https:\/\/gazetaregionalna.com\/index.php?rest_route=\/wp\/v2\/media\/3572"}],"wp:attachment":[{"href":"https:\/\/gazetaregionalna.com\/index.php?rest_route=%2Fwp%2Fv2%2Fmedia&parent=3569"}],"wp:term":[{"taxonomy":"category","embeddable":true,"href":"https:\/\/gazetaregionalna.com\/index.php?rest_route=%2Fwp%2Fv2%2Fcategories&post=3569"},{"taxonomy":"post_tag","embeddable":true,"href":"https:\/\/gazetaregionalna.com\/index.php?rest_route=%2Fwp%2Fv2%2Ftags&post=3569"}],"curies":[{"name":"wp","href":"https:\/\/api.w.org\/{rel}","templated":true}]}}