{"id":3566,"date":"2019-06-11T07:52:12","date_gmt":"2019-06-11T07:52:12","guid":{"rendered":"https:\/\/gazetaregionalna.com\/?p=3566"},"modified":"2019-06-11T07:52:46","modified_gmt":"2019-06-11T07:52:46","slug":"fotografowac-balony","status":"publish","type":"post","link":"https:\/\/gazetaregionalna.com\/?p=3566","title":{"rendered":"Fotografowa\u0107 balony"},"content":{"rendered":"\n<p> Gminy Jan\u00f3w i Olsztyn, Samorz\u0105dowy O\u015brodek Kultury i Sportu w Janowie oraz Regionalny O\u015brodek Kultury w Cz\u0119stochowie i Hotel Fajkier Wellness&amp;SPA w Lgocie Murowanej zapraszaj\u0105 do udzia\u0142u w konkursie fotograficznym pod has\u0142em: <strong>\u201e<\/strong>Balonowa Jura Jan\u00f3w-Olsztyn 2019&#8243;<strong>.  <\/strong> <\/p>\n\n\n\n<figure class=\"wp-block-image\"><img decoding=\"async\" width=\"900\" height=\"506\" data-src=\"https:\/\/gazetaregionalna.com\/wp-content\/uploads\/2019\/06\/balonowa-jura-fb.jpg\" alt=\"\" class=\"wp-image-3567 lazyload\" data-srcset=\"https:\/\/gazetaregionalna.com\/wp-content\/uploads\/2019\/06\/balonowa-jura-fb.jpg 900w, https:\/\/gazetaregionalna.com\/wp-content\/uploads\/2019\/06\/balonowa-jura-fb-300x169.jpg 300w, https:\/\/gazetaregionalna.com\/wp-content\/uploads\/2019\/06\/balonowa-jura-fb-768x432.jpg 768w\" data-sizes=\"(max-width: 900px) 100vw, 900px\" src=\"data:image\/svg+xml;base64,PHN2ZyB3aWR0aD0iMSIgaGVpZ2h0PSIxIiB4bWxucz0iaHR0cDovL3d3dy53My5vcmcvMjAwMC9zdmciPjwvc3ZnPg==\" style=\"--smush-placeholder-width: 900px; --smush-placeholder-aspect-ratio: 900\/506;\" \/><\/figure>\n\n\n\n<p> Prace konkursowe nale\u017cy wykona\u0107 podczas III Jurajskich Zawod\u00f3w Balonowych i Mi\u0119dzynarodowych Zawod\u00f3w Pucharu Polski w lotach balonami na ogrzane powietrze, kt\u00f3re odbywa\u0107 si\u0119 b\u0119d\u0105 mi\u0119dzy 18 a 21 lipca tego roku w gminach Jan\u00f3w i Olsztyn. Termin nadsy\u0142ania prac &#8211; 28 lipca 2019 r. do godz. 12.<\/p>\n\n\n\n<p>Konkurs\nma charakter otwarty i adresowany jest do profesjonalist\u00f3w oraz\namator\u00f3w fotografii. Rozstrzygni\u0119cie\nrywalizacji i wr\u0119czenie nagr\u00f3d odb\u0119dzie si\u0119 4 sierpnia 2019 roku\npodczas  XXIII \u015awi\u0119to Pstr\u0105ga w Z\u0142otym Potoku.<br>\nSzczeg\u00f3\u0142owe\ninformacje na\ntemat konkursu znajduj\u0105\nsi\u0119 na <a href=\"http:\/\/www.rok.czestochowa.pl\/\" target=\"_blank\" rel=\"noreferrer noopener\">www.rok.czestochowa.pl<\/a>.<\/p>\n","protected":false},"excerpt":{"rendered":"<p>Gminy Jan\u00f3w i Olsztyn, Samorz\u0105dowy O\u015brodek Kultury i Sportu w Janowie oraz Regionalny O\u015brodek Kultury w Cz\u0119stochowie i Hotel Fajkier Wellness&amp;SPA w Lgocie Murowanej<\/p>\n","protected":false},"author":3,"featured_media":3567,"comment_status":"open","ping_status":"open","sticky":false,"template":"","format":"standard","meta":{"_monsterinsights_skip_tracking":false,"_monsterinsights_sitenote_active":false,"_monsterinsights_sitenote_note":"","_monsterinsights_sitenote_category":0,"_uf_show_specific_survey":0,"_uf_disable_surveys":false,"footnotes":""},"categories":[3,12,4,2],"tags":[],"class_list":["post-3566","post","type-post","status-publish","format-standard","has-post-thumbnail","hentry","category-czestochowa-informacje","category-kultura-i-rozrywka","category-region","category-wiadomosci"],"_links":{"self":[{"href":"https:\/\/gazetaregionalna.com\/index.php?rest_route=\/wp\/v2\/posts\/3566","targetHints":{"allow":["GET"]}}],"collection":[{"href":"https:\/\/gazetaregionalna.com\/index.php?rest_route=\/wp\/v2\/posts"}],"about":[{"href":"https:\/\/gazetaregionalna.com\/index.php?rest_route=\/wp\/v2\/types\/post"}],"author":[{"embeddable":true,"href":"https:\/\/gazetaregionalna.com\/index.php?rest_route=\/wp\/v2\/users\/3"}],"replies":[{"embeddable":true,"href":"https:\/\/gazetaregionalna.com\/index.php?rest_route=%2Fwp%2Fv2%2Fcomments&post=3566"}],"version-history":[{"count":1,"href":"https:\/\/gazetaregionalna.com\/index.php?rest_route=\/wp\/v2\/posts\/3566\/revisions"}],"predecessor-version":[{"id":3568,"href":"https:\/\/gazetaregionalna.com\/index.php?rest_route=\/wp\/v2\/posts\/3566\/revisions\/3568"}],"wp:featuredmedia":[{"embeddable":true,"href":"https:\/\/gazetaregionalna.com\/index.php?rest_route=\/wp\/v2\/media\/3567"}],"wp:attachment":[{"href":"https:\/\/gazetaregionalna.com\/index.php?rest_route=%2Fwp%2Fv2%2Fmedia&parent=3566"}],"wp:term":[{"taxonomy":"category","embeddable":true,"href":"https:\/\/gazetaregionalna.com\/index.php?rest_route=%2Fwp%2Fv2%2Fcategories&post=3566"},{"taxonomy":"post_tag","embeddable":true,"href":"https:\/\/gazetaregionalna.com\/index.php?rest_route=%2Fwp%2Fv2%2Ftags&post=3566"}],"curies":[{"name":"wp","href":"https:\/\/api.w.org\/{rel}","templated":true}]}}