{"id":35513,"date":"2021-03-10T09:27:18","date_gmt":"2021-03-10T09:27:18","guid":{"rendered":"https:\/\/gazetaregionalna.com\/?p=35513"},"modified":"2021-03-10T09:27:19","modified_gmt":"2021-03-10T09:27:19","slug":"kobiecosc","status":"publish","type":"post","link":"https:\/\/gazetaregionalna.com\/?p=35513","title":{"rendered":"\u201eKobieco\u015b\u0107\u201d w MDK w Cz\u0119stochowie"},"content":{"rendered":"\n<p style=\"font-size:25px\">W Salonie Sztuki Miejskiego Domu Kultury w Cz\u0119stochowie odb\u0119dzie si\u0119 wystawa fotografii <strong>Wioletty Dymidowskiej- Golec<\/strong> pn. <strong>\u201eKobieco\u015b\u0107\u201d<\/strong>.<\/p>\n\n\n\n<p>Wioletta Dymidowska- Golec to absolwentka Lubelskiej Szko\u0142y Fotografii. Wielokrotna zdobywczyni nagr\u00f3d i wyr\u00f3\u017cnie\u0144 za swoje zdj\u0119cia. Zdoby\u0142a I miejsce w konkursie \u201eWie\u015b w obiektywie\u201d 2020, uczestniczka i laureatka konkursu \u201eTalenty fotograficzne Podkarpacia 2019\u201d. W 2021 roku otrzyma\u0142a wyr\u00f3\u017cnienie magazynu Vogue za zdj\u0119cie aktowe.<\/p>\n\n\n\n<p>Uczestniczy\u0142a w warsztatach fotoreporta\u017cu, kt\u00f3re prowadzi\u0142 Jacek Szyd\u0142owski i Wojciech Jargi\u0142a. Lucjan Demidowski zag\u0142\u0119bia\u0142 j\u0105 w histori\u0119 fotografii, a pod czujnym okiem Zbigniewa W\u00f3jcika zdobywa\u0142a arkana fotografii streetowej. Specjalizuje si\u0119 w fotografii cyfrowej, ale jej g\u0142\u00f3wny obszar zainteresowa\u0144 to fotografia plenerowa, portretowa, a tak\u017ce rodzinna.<\/p>\n\n\n\n<p>Warsztat z mody, aktu i portretu doskonali\u0142a u Paw\u0142a Totoro Adamca.<\/p>\n\n\n\n<p>Dnia 18 marca 2021 roku, online odb\u0119dzie si\u0119 <a href=\"https:\/\/www.facebook.com\/events\/282634300122425\" class=\"rank-math-link\" target=\"_blank\" rel=\"noopener\">wernisa\u017c wystawy fotograficznej \u201eKobieco\u015b\u0107\u201d Wioletty Dymidowskiej- Golec<\/a>, a w dniach 19.03-17.04.2021 w godzinach od 8:30 do 15:30 b\u0119dzie mo\u017cna podziwia\u0107 fotografie na \u017cywo, z zachowaniem zasad re\u017cimu sanitarnego, w Salonie Sztuki Miejskiego Domu Kultury w Cz\u0119stochowie przy ul. \u0141ukasi\u0144skiego 50\/68.<\/p>\n\n\n\n<p>Wst\u0119p darmowy. Wystawa przedstawia akt kobiecy, dlatego wst\u0119p maj\u0105 tylko osoby doros\u0142e!<\/p>\n\n\n\n<figure class=\"wp-block-image size-large\"><img decoding=\"async\" width=\"650\" height=\"866\" data-src=\"https:\/\/gazetaregionalna.com\/wp-content\/uploads\/2021\/03\/kobiecosc.jpg\" alt=\"kobiecosc\" class=\"wp-image-35515 lazyload\" data-srcset=\"https:\/\/gazetaregionalna.com\/wp-content\/uploads\/2021\/03\/kobiecosc.jpg 650w, https:\/\/gazetaregionalna.com\/wp-content\/uploads\/2021\/03\/kobiecosc-225x300.jpg 225w, https:\/\/gazetaregionalna.com\/wp-content\/uploads\/2021\/03\/kobiecosc-315x420.jpg 315w\" data-sizes=\"(max-width: 650px) 100vw, 650px\" src=\"data:image\/svg+xml;base64,PHN2ZyB3aWR0aD0iMSIgaGVpZ2h0PSIxIiB4bWxucz0iaHR0cDovL3d3dy53My5vcmcvMjAwMC9zdmciPjwvc3ZnPg==\" style=\"--smush-placeholder-width: 650px; --smush-placeholder-aspect-ratio: 650\/866;\" \/><figcaption>Fot. MDK w Cz\u0119stochowie<\/figcaption><\/figure>\n","protected":false},"excerpt":{"rendered":"<p>W Salonie Sztuki Miejskiego Domu Kultury w Cz\u0119stochowie odb\u0119dzie si\u0119 wystawa fotografii Wioletty Dymidowskiej- Golec pn. \u201eKobieco\u015b\u0107\u201d. Wioletta Dymidowska- Golec to absolwentka Lubelskiej Szko\u0142y<\/p>\n","protected":false},"author":12,"featured_media":35514,"comment_status":"open","ping_status":"open","sticky":false,"template":"","format":"standard","meta":{"_monsterinsights_skip_tracking":false,"_monsterinsights_sitenote_active":false,"_monsterinsights_sitenote_note":"","_monsterinsights_sitenote_category":0,"_uf_show_specific_survey":0,"_uf_disable_surveys":false,"footnotes":""},"categories":[1401,3,94],"tags":[1575,1577,1576],"class_list":["post-35513","post","type-post","status-publish","format-standard","has-post-thumbnail","hentry","category-wystawy-kultura-i-rozrywka","category-czestochowa-informacje","category-polecane","tag-kobiecosc","tag-mdk-w-czestochowie","tag-wioletta-dymidowska-golec"],"_links":{"self":[{"href":"https:\/\/gazetaregionalna.com\/index.php?rest_route=\/wp\/v2\/posts\/35513","targetHints":{"allow":["GET"]}}],"collection":[{"href":"https:\/\/gazetaregionalna.com\/index.php?rest_route=\/wp\/v2\/posts"}],"about":[{"href":"https:\/\/gazetaregionalna.com\/index.php?rest_route=\/wp\/v2\/types\/post"}],"author":[{"embeddable":true,"href":"https:\/\/gazetaregionalna.com\/index.php?rest_route=\/wp\/v2\/users\/12"}],"replies":[{"embeddable":true,"href":"https:\/\/gazetaregionalna.com\/index.php?rest_route=%2Fwp%2Fv2%2Fcomments&post=35513"}],"version-history":[{"count":1,"href":"https:\/\/gazetaregionalna.com\/index.php?rest_route=\/wp\/v2\/posts\/35513\/revisions"}],"predecessor-version":[{"id":35516,"href":"https:\/\/gazetaregionalna.com\/index.php?rest_route=\/wp\/v2\/posts\/35513\/revisions\/35516"}],"wp:featuredmedia":[{"embeddable":true,"href":"https:\/\/gazetaregionalna.com\/index.php?rest_route=\/wp\/v2\/media\/35514"}],"wp:attachment":[{"href":"https:\/\/gazetaregionalna.com\/index.php?rest_route=%2Fwp%2Fv2%2Fmedia&parent=35513"}],"wp:term":[{"taxonomy":"category","embeddable":true,"href":"https:\/\/gazetaregionalna.com\/index.php?rest_route=%2Fwp%2Fv2%2Fcategories&post=35513"},{"taxonomy":"post_tag","embeddable":true,"href":"https:\/\/gazetaregionalna.com\/index.php?rest_route=%2Fwp%2Fv2%2Ftags&post=35513"}],"curies":[{"name":"wp","href":"https:\/\/api.w.org\/{rel}","templated":true}]}}