{"id":35509,"date":"2021-03-10T08:14:35","date_gmt":"2021-03-10T08:14:35","guid":{"rendered":"https:\/\/gazetaregionalna.com\/?p=35509"},"modified":"2021-03-10T08:14:36","modified_gmt":"2021-03-10T08:14:36","slug":"denis-urubko","status":"publish","type":"post","link":"https:\/\/gazetaregionalna.com\/?p=35509","title":{"rendered":"Denis Urubko i wystawa jego fotografii w Cz\u0119stochowie"},"content":{"rendered":"\n<p style=\"font-size:25px\">W Miejskiej Galerii Sztuki w Cz\u0119stochowie odb\u0119dzie si\u0119 wystawa fotografii pn. <strong>\u201ePonad horyzont\u201d<\/strong>, autorstwa himalaisty <strong>Denisa Urubko<\/strong>. W dniu otwarcia wystawy b\u0119dzie mo\u017cna si\u0119 spotka\u0107 z autorem zdj\u0119\u0107.<\/p>\n\n\n\n<figure class=\"wp-block-image size-large\"><img decoding=\"async\" width=\"1024\" height=\"682\" data-src=\"https:\/\/gazetaregionalna.com\/wp-content\/uploads\/2021\/03\/Denis-Urubko-1024x682.jpg\" alt=\"\" class=\"wp-image-35510 lazyload\" data-srcset=\"https:\/\/gazetaregionalna.com\/wp-content\/uploads\/2021\/03\/Denis-Urubko-1024x682.jpg 1024w, https:\/\/gazetaregionalna.com\/wp-content\/uploads\/2021\/03\/Denis-Urubko-300x200.jpg 300w, https:\/\/gazetaregionalna.com\/wp-content\/uploads\/2021\/03\/Denis-Urubko-768x512.jpg 768w, https:\/\/gazetaregionalna.com\/wp-content\/uploads\/2021\/03\/Denis-Urubko-696x464.jpg 696w, https:\/\/gazetaregionalna.com\/wp-content\/uploads\/2021\/03\/Denis-Urubko-1068x712.jpg 1068w, https:\/\/gazetaregionalna.com\/wp-content\/uploads\/2021\/03\/Denis-Urubko-630x420.jpg 630w, https:\/\/gazetaregionalna.com\/wp-content\/uploads\/2021\/03\/Denis-Urubko.jpg 1200w\" data-sizes=\"(max-width: 1024px) 100vw, 1024px\" src=\"data:image\/svg+xml;base64,PHN2ZyB3aWR0aD0iMSIgaGVpZ2h0PSIxIiB4bWxucz0iaHR0cDovL3d3dy53My5vcmcvMjAwMC9zdmciPjwvc3ZnPg==\" style=\"--smush-placeholder-width: 1024px; --smush-placeholder-aspect-ratio: 1024\/682;\" \/><figcaption>Fot. wikipedia.org<\/figcaption><\/figure>\n\n\n\n<p>Denis Urubko urodzi\u0142 si\u0119 w 1973 roku w Rosji. Jako himalaista i instruktor wspinaczki ma na swoim koncie wiele wej\u015b\u0107 na szczyty, w tym siedmio i o\u015bmiotysi\u0119czne. Jest zdobywc\u0105 Korony Himalaj\u00f3w bez u\u017cycia tlenu i Karakorum. Jego wyczynem jest r\u00f3wnie\u017c zdobycie jako pierwszy trzech o\u015bmiotysi\u0119cznik\u00f3w w zimie. Mia\u0142 obywatelstwo radzieckie, a nast\u0119pnie kazachskie. Od 2013 ma obywatelstwo rosyjskie i od 2015 polskie.&nbsp;<\/p>\n\n\n\n<p>W 2018 Denis Urubko wzi\u0105\u0142 udzia\u0142 w g\u0142o\u015bnej akcji ratowniczej na Nanga Parbat, kt\u00f3rej celem by\u0142a pomoc schodz\u0105cym ze szczytu \u00c9lisabeth Revol i Tomaszowi Mackiewiczowi. Akcja ratunkowa zako\u0144czy\u0142a si\u0119 ocaleniem tylko Revol. Tomasza Mackiewicza niestety nie uda\u0142o si\u0119 odnale\u017a\u0107.<\/p>\n\n\n\n<p>16 marca 2021 roku ten znany i ceniony himalaista otworzy wystaw\u0119 swoich fotografii wykonanych podczas wypraw w g\u00f3ry. Jak sam podkre\u015bla, alpinizm to dla niego nie rodzaj sportu g\u00f3rskiego, a rodzaj sztuki, kt\u00f3r\u0105 chce si\u0119 dzieli\u0107 z innymi. Poprzez zdj\u0119cia chce si\u0119 podzieli\u0107 z innymi swoimi prze\u017cyciami i emocjami, kt\u00f3re towarzysz\u0105 mu podczas wspinaczki.<\/p>\n\n\n\n<p>Otwarcie wystawy fotografii odb\u0119dzie si\u0119 <strong>16 marca 2021 roku o godzinie 17:00 <\/strong>w Miejskiej Galerii Sztuki w Cz\u0119stochowie. Zdj\u0119cia b\u0119dzie mo\u017cna ogl\u0105da\u0107 do 11 kwietnia 2021 roku.<\/p>\n\n\n\n<p>Po otwarciu wystawy, <strong>o godzinie 17:15<\/strong> b\u0119dzie mo\u017cliwo\u015b\u0107 spotkania si\u0119 z Denisem w Sali kina Iluzja. Wej\u015bcie jest biletowane \u2013 10 z\u0142.<strong> Obowi\u0105zuje limit widz\u00f3w oraz stosowanie zasad sanitarnych (maseczki, dystans).<\/strong><\/p>\n","protected":false},"excerpt":{"rendered":"<p>W Miejskiej Galerii Sztuki w Cz\u0119stochowie odb\u0119dzie si\u0119 wystawa fotografii pn. \u201ePonad horyzont\u201d, autorstwa himalaisty Denisa Urubko. W dniu otwarcia wystawy b\u0119dzie mo\u017cna si\u0119<\/p>\n","protected":false},"author":12,"featured_media":35511,"comment_status":"open","ping_status":"open","sticky":false,"template":"","format":"standard","meta":{"_monsterinsights_skip_tracking":false,"_monsterinsights_sitenote_active":false,"_monsterinsights_sitenote_note":"","_monsterinsights_sitenote_category":0,"_uf_show_specific_survey":0,"_uf_disable_surveys":false,"footnotes":""},"categories":[1401,3,94,2],"tags":[1573,1574],"class_list":["post-35509","post","type-post","status-publish","format-standard","has-post-thumbnail","hentry","category-wystawy-kultura-i-rozrywka","category-czestochowa-informacje","category-polecane","category-wiadomosci","tag-denis-urubko","tag-wystawa-fotografii"],"_links":{"self":[{"href":"https:\/\/gazetaregionalna.com\/index.php?rest_route=\/wp\/v2\/posts\/35509","targetHints":{"allow":["GET"]}}],"collection":[{"href":"https:\/\/gazetaregionalna.com\/index.php?rest_route=\/wp\/v2\/posts"}],"about":[{"href":"https:\/\/gazetaregionalna.com\/index.php?rest_route=\/wp\/v2\/types\/post"}],"author":[{"embeddable":true,"href":"https:\/\/gazetaregionalna.com\/index.php?rest_route=\/wp\/v2\/users\/12"}],"replies":[{"embeddable":true,"href":"https:\/\/gazetaregionalna.com\/index.php?rest_route=%2Fwp%2Fv2%2Fcomments&post=35509"}],"version-history":[{"count":1,"href":"https:\/\/gazetaregionalna.com\/index.php?rest_route=\/wp\/v2\/posts\/35509\/revisions"}],"predecessor-version":[{"id":35512,"href":"https:\/\/gazetaregionalna.com\/index.php?rest_route=\/wp\/v2\/posts\/35509\/revisions\/35512"}],"wp:featuredmedia":[{"embeddable":true,"href":"https:\/\/gazetaregionalna.com\/index.php?rest_route=\/wp\/v2\/media\/35511"}],"wp:attachment":[{"href":"https:\/\/gazetaregionalna.com\/index.php?rest_route=%2Fwp%2Fv2%2Fmedia&parent=35509"}],"wp:term":[{"taxonomy":"category","embeddable":true,"href":"https:\/\/gazetaregionalna.com\/index.php?rest_route=%2Fwp%2Fv2%2Fcategories&post=35509"},{"taxonomy":"post_tag","embeddable":true,"href":"https:\/\/gazetaregionalna.com\/index.php?rest_route=%2Fwp%2Fv2%2Ftags&post=35509"}],"curies":[{"name":"wp","href":"https:\/\/api.w.org\/{rel}","templated":true}]}}