{"id":35467,"date":"2021-03-09T12:22:27","date_gmt":"2021-03-09T12:22:27","guid":{"rendered":"https:\/\/gazetaregionalna.com\/?p=35467"},"modified":"2021-03-09T12:22:28","modified_gmt":"2021-03-09T12:22:28","slug":"elektrosmieci","status":"publish","type":"post","link":"https:\/\/gazetaregionalna.com\/?p=35467","title":{"rendered":"Cz\u0119stochowskie pojemniki na elektro\u015bmieci w komplecie"},"content":{"rendered":"\n<p style=\"font-size:25px\">W Cz\u0119stochowie postawiono ju\u017c wszystkie zaplanowane pojemniki na elektro\u015bmieci. Mieszka\u0144cy mog\u0105 wyrzuca\u0107 zu\u017cyty \u00a0sprz\u0119t elektryczny i elektroniczny do <strong>32 kontener\u00f3w<\/strong>, znajduj\u0105cych si\u0119 we wszystkich dzielnicach miasta.<\/p>\n\n\n\n<p>Czerwone pojemniki pojawiaj\u0105 si\u0119 na terenie Polski ju\u017c od zesz\u0142ego roku, a jest to efekt realizacji systemu \u201eElektryczne \u015amieci\u201d. Dzi\u0119ki nim ka\u017cdy z nas mo\u017ce pozby\u0107 si\u0119 w spos\u00f3b ekologiczny wszystkich popsutych, niepotrzebnych i nieu\u017cywanych sprz\u0119t\u00f3w elektronicznych i elektrycznych dzia\u0142aj\u0105cych na pr\u0105d lub na baterie o wymiarach max. 50 cm, kt\u00f3re trafi\u0105 do recyklingu.<\/p>\n\n\n\n<p>Jest to niezwykle wa\u017cne, by tego typu \u015bmieci trafia\u0142y do kontener\u00f3w specjalnie dla nich przeznaczonych. Tylko w 2019 roku w Polsce powsta\u0142y 54 miliony ton zu\u017cytego sprz\u0119tu elektrycznego i elektronicznego, z czego niestety tylko 17% poddano recyklingowi. Reszta elektrycznych \u015bmieci albo nadal przetrzymywana jest w gospodarstwach domowych, albo trafi\u0142a na zwyk\u0142e wysypiska \u015bmieci.<\/p>\n\n\n\n<p>Pami\u0119tajmy, \u017ce nawet najmniejsze uszkodzenie jakiegokolwiek urz\u0105dzenia np. drukarki, lod\u00f3wki czy nawet baterii jest bardzo niebezpieczne dla zdrowia cz\u0142owieka i \u015brodowiska. Z uszkodzonych przedmiot\u00f3w cz\u0119sto wydostaj\u0105 si\u0119 szkodliwe substancje tj. o\u0142\u00f3w, rt\u0119\u0107, azbest, freon, kadm, chrom, nikiel czy lit, kt\u00f3re zatruwaj\u0105 gleb\u0119, wody gruntowe i powietrze.<\/p>\n\n\n\n<p>Aktualnie w Cz\u0119stochowie na elektro\u015bmieci czekaj\u0105 ju\u017c 32 postawione pojemniki, do kt\u00f3rych mieszka\u0144cy sukcesywnie wyrzucaj\u0105 zu\u017cyty sprz\u0119t od wrze\u015bnia ubieg\u0142ego roku. Kolejnych nowych 8 pojemnik\u00f3w w ostatnim czasie pojawi\u0142o si\u0119 na terenie miasta na ulicy:<\/p>\n\n\n\n<ul class=\"wp-block-list\"><li>Wielkoborska 54;<\/li><li>Wr\u0119czycka 111\/115;<\/li><li>Micha\u0142owskiego 12 \u2013 parking;<\/li><li>Starzy\u0144skiego 1;<\/li><li>Kukuczki 30;<\/li><li>Orkana 20 \u2013 parking;<\/li><li>Mireckiego 18;<\/li><li>\u0141ukasi\u0144skiego 33 &#8211; wjazd od ul. Elizy Orzeszkowej.<\/li><\/ul>\n\n\n\n<p>Lista lokalizacji 32 pojemnik\u00f3w dost\u0119pna <a href=\"https:\/\/cuk.czestochowa.pl\/mapa\/\" class=\"rank-math-link\" target=\"_blank\" rel=\"noopener\">TUTAJ<\/a>.<\/p>\n","protected":false},"excerpt":{"rendered":"<p>W Cz\u0119stochowie postawiono ju\u017c wszystkie zaplanowane pojemniki na elektro\u015bmieci. Mieszka\u0144cy mog\u0105 wyrzuca\u0107 zu\u017cyty \u00a0sprz\u0119t elektryczny i elektroniczny do 32 kontener\u00f3w, znajduj\u0105cych si\u0119 we wszystkich<\/p>\n","protected":false},"author":12,"featured_media":35468,"comment_status":"open","ping_status":"open","sticky":false,"template":"","format":"standard","meta":{"_monsterinsights_skip_tracking":false,"_monsterinsights_sitenote_active":false,"_monsterinsights_sitenote_note":"","_monsterinsights_sitenote_category":0,"_uf_show_specific_survey":0,"_uf_disable_surveys":false,"footnotes":""},"categories":[29,3,94,2],"tags":[1565],"class_list":["post-35467","post","type-post","status-publish","format-standard","has-post-thumbnail","hentry","category-ekologia","category-czestochowa-informacje","category-polecane","category-wiadomosci","tag-elektrosmieci"],"_links":{"self":[{"href":"https:\/\/gazetaregionalna.com\/index.php?rest_route=\/wp\/v2\/posts\/35467","targetHints":{"allow":["GET"]}}],"collection":[{"href":"https:\/\/gazetaregionalna.com\/index.php?rest_route=\/wp\/v2\/posts"}],"about":[{"href":"https:\/\/gazetaregionalna.com\/index.php?rest_route=\/wp\/v2\/types\/post"}],"author":[{"embeddable":true,"href":"https:\/\/gazetaregionalna.com\/index.php?rest_route=\/wp\/v2\/users\/12"}],"replies":[{"embeddable":true,"href":"https:\/\/gazetaregionalna.com\/index.php?rest_route=%2Fwp%2Fv2%2Fcomments&post=35467"}],"version-history":[{"count":1,"href":"https:\/\/gazetaregionalna.com\/index.php?rest_route=\/wp\/v2\/posts\/35467\/revisions"}],"predecessor-version":[{"id":35469,"href":"https:\/\/gazetaregionalna.com\/index.php?rest_route=\/wp\/v2\/posts\/35467\/revisions\/35469"}],"wp:featuredmedia":[{"embeddable":true,"href":"https:\/\/gazetaregionalna.com\/index.php?rest_route=\/wp\/v2\/media\/35468"}],"wp:attachment":[{"href":"https:\/\/gazetaregionalna.com\/index.php?rest_route=%2Fwp%2Fv2%2Fmedia&parent=35467"}],"wp:term":[{"taxonomy":"category","embeddable":true,"href":"https:\/\/gazetaregionalna.com\/index.php?rest_route=%2Fwp%2Fv2%2Fcategories&post=35467"},{"taxonomy":"post_tag","embeddable":true,"href":"https:\/\/gazetaregionalna.com\/index.php?rest_route=%2Fwp%2Fv2%2Ftags&post=35467"}],"curies":[{"name":"wp","href":"https:\/\/api.w.org\/{rel}","templated":true}]}}