{"id":35402,"date":"2021-03-07T19:58:22","date_gmt":"2021-03-07T19:58:22","guid":{"rendered":"https:\/\/gazetaregionalna.com\/?p=35402"},"modified":"2021-03-07T19:58:23","modified_gmt":"2021-03-07T19:58:23","slug":"w-myszkowie-pociag-smiertelnie-potracil-kobiete","status":"publish","type":"post","link":"https:\/\/gazetaregionalna.com\/?p=35402","title":{"rendered":"W Myszkowie poci\u0105g \u015bmiertelnie potr\u0105ci\u0142 kobiet\u0119"},"content":{"rendered":"\n<p>Do tragedii dosz\u0142o na szlaku kolejowym w Myszkowie, pomi\u0119dzy stacj\u0105 Mrzyg\u0142\u00f3d a \u015awiatowid. 44-latka zosta\u0142a potr\u0105cona przez poci\u0105g osobowy relacji Cz\u0119stochowa-Gliwice.<\/p>\n\n\n\n<p>W wyniku odniesionych obra\u017ce\u0144 kobieta zmar\u0142a na miejscu. Policja bada okoliczno\u015bci tego zdarzenia.<\/p>\n","protected":false},"excerpt":{"rendered":"<p>Do tragedii dosz\u0142o na szlaku kolejowym w Myszkowie, pomi\u0119dzy stacj\u0105 Mrzyg\u0142\u00f3d a \u015awiatowid. 44-latka zosta\u0142a potr\u0105cona przez poci\u0105g osobowy relacji Cz\u0119stochowa-Gliwice. W wyniku odniesionych<\/p>\n","protected":false},"author":7,"featured_media":35406,"comment_status":"open","ping_status":"open","sticky":false,"template":"","format":"standard","meta":{"_monsterinsights_skip_tracking":false,"_monsterinsights_sitenote_active":false,"_monsterinsights_sitenote_note":"","_monsterinsights_sitenote_category":0,"_uf_show_specific_survey":0,"_uf_disable_surveys":false,"footnotes":""},"categories":[94,26,2],"tags":[],"class_list":["post-35402","post","type-post","status-publish","format-standard","has-post-thumbnail","hentry","category-polecane","category-myszkow","category-wiadomosci"],"_links":{"self":[{"href":"https:\/\/gazetaregionalna.com\/index.php?rest_route=\/wp\/v2\/posts\/35402","targetHints":{"allow":["GET"]}}],"collection":[{"href":"https:\/\/gazetaregionalna.com\/index.php?rest_route=\/wp\/v2\/posts"}],"about":[{"href":"https:\/\/gazetaregionalna.com\/index.php?rest_route=\/wp\/v2\/types\/post"}],"author":[{"embeddable":true,"href":"https:\/\/gazetaregionalna.com\/index.php?rest_route=\/wp\/v2\/users\/7"}],"replies":[{"embeddable":true,"href":"https:\/\/gazetaregionalna.com\/index.php?rest_route=%2Fwp%2Fv2%2Fcomments&post=35402"}],"version-history":[{"count":2,"href":"https:\/\/gazetaregionalna.com\/index.php?rest_route=\/wp\/v2\/posts\/35402\/revisions"}],"predecessor-version":[{"id":35405,"href":"https:\/\/gazetaregionalna.com\/index.php?rest_route=\/wp\/v2\/posts\/35402\/revisions\/35405"}],"wp:featuredmedia":[{"embeddable":true,"href":"https:\/\/gazetaregionalna.com\/index.php?rest_route=\/wp\/v2\/media\/35406"}],"wp:attachment":[{"href":"https:\/\/gazetaregionalna.com\/index.php?rest_route=%2Fwp%2Fv2%2Fmedia&parent=35402"}],"wp:term":[{"taxonomy":"category","embeddable":true,"href":"https:\/\/gazetaregionalna.com\/index.php?rest_route=%2Fwp%2Fv2%2Fcategories&post=35402"},{"taxonomy":"post_tag","embeddable":true,"href":"https:\/\/gazetaregionalna.com\/index.php?rest_route=%2Fwp%2Fv2%2Ftags&post=35402"}],"curies":[{"name":"wp","href":"https:\/\/api.w.org\/{rel}","templated":true}]}}