{"id":35265,"date":"2021-05-05T08:30:00","date_gmt":"2021-05-05T08:30:00","guid":{"rendered":"https:\/\/gazetaregionalna.com\/?p=35265"},"modified":"2021-05-06T07:04:11","modified_gmt":"2021-05-06T07:04:11","slug":"pracownicy-produkcyjni","status":"publish","type":"post","link":"https:\/\/gazetaregionalna.com\/?p=35265","title":{"rendered":"Lubliniec &#8211; pracownicy produkcyjni pilnie poszukiwani"},"content":{"rendered":"\n<h2 class=\"wp-block-heading\">Pracownicy produkcyjni znajd\u0105 prac\u0119 od zaraz w fabryce mebli<\/h2>\n\n\n\n<p><a href=\"https:\/\/www.kler.eu\/pl\" class=\"rank-math-link\" target=\"_blank\" rel=\"noopener\">Firma Kler<\/a> przyjmie stolarzy, tapicer\u00f3w i szwaczki. Je\u015bli masz do\u015bwiadczenie w kt\u00f3rym\u015b z tych zawod\u00f3w, szukasz stabilnego, dobrze p\u0142atnego zatrudnienia, zg\u0142o\u015b si\u0119. <\/p>\n\n\n\n<p>Je\u017celi nie posiadasz odpowiednich umiej\u0119tno\u015bci, nie martw si\u0119, na miejscu zostaniesz przyuczony do zawodu. <\/p>\n\n\n\n<p>Szczeg\u00f3\u0142y poznasz dzwoni\u0105c pod numery telefon\u00f3w: (34) 3529131 lub (34) 3529135<\/p>\n\n\n\n<figure class=\"wp-block-image size-large\"><img decoding=\"async\" width=\"1024\" height=\"768\" data-src=\"https:\/\/gazetaregionalna.com\/wp-content\/uploads\/2021\/03\/kler-fb-1200x900-v2-1024x768.jpg\" alt=\"\" class=\"wp-image-35269 lazyload\" data-srcset=\"https:\/\/gazetaregionalna.com\/wp-content\/uploads\/2021\/03\/kler-fb-1200x900-v2-1024x768.jpg 1024w, https:\/\/gazetaregionalna.com\/wp-content\/uploads\/2021\/03\/kler-fb-1200x900-v2-300x225.jpg 300w, https:\/\/gazetaregionalna.com\/wp-content\/uploads\/2021\/03\/kler-fb-1200x900-v2-768x576.jpg 768w, https:\/\/gazetaregionalna.com\/wp-content\/uploads\/2021\/03\/kler-fb-1200x900-v2-696x522.jpg 696w, https:\/\/gazetaregionalna.com\/wp-content\/uploads\/2021\/03\/kler-fb-1200x900-v2-1068x801.jpg 1068w, https:\/\/gazetaregionalna.com\/wp-content\/uploads\/2021\/03\/kler-fb-1200x900-v2-560x420.jpg 560w, https:\/\/gazetaregionalna.com\/wp-content\/uploads\/2021\/03\/kler-fb-1200x900-v2-80x60.jpg 80w, https:\/\/gazetaregionalna.com\/wp-content\/uploads\/2021\/03\/kler-fb-1200x900-v2-265x198.jpg 265w, https:\/\/gazetaregionalna.com\/wp-content\/uploads\/2021\/03\/kler-fb-1200x900-v2.jpg 1200w\" data-sizes=\"(max-width: 1024px) 100vw, 1024px\" src=\"data:image\/svg+xml;base64,PHN2ZyB3aWR0aD0iMSIgaGVpZ2h0PSIxIiB4bWxucz0iaHR0cDovL3d3dy53My5vcmcvMjAwMC9zdmciPjwvc3ZnPg==\" style=\"--smush-placeholder-width: 1024px; --smush-placeholder-aspect-ratio: 1024\/768;\" \/><figcaption>Pracownicy produkcyjni<\/figcaption><\/figure>\n\n\n\n<p><a href=\"https:\/\/gazetaregionalna.com\/wp-admin\/post.php?post=34385&amp;action=edit\" class=\"rank-math-link\">Opublikowano najnowszy \u201eBarometr zawod\u00f3w\u201d<\/a><\/p>\n","protected":false},"excerpt":{"rendered":"<p>Pracownicy produkcyjni znajd\u0105 prac\u0119 od zaraz w fabryce mebli Firma Kler przyjmie stolarzy, tapicer\u00f3w i szwaczki. Je\u015bli masz do\u015bwiadczenie w kt\u00f3rym\u015b z tych zawod\u00f3w,<\/p>\n","protected":false},"author":5,"featured_media":40622,"comment_status":"open","ping_status":"open","sticky":false,"template":"","format":"standard","meta":{"_monsterinsights_skip_tracking":false,"_monsterinsights_sitenote_active":false,"_monsterinsights_sitenote_note":"","_monsterinsights_sitenote_category":0,"_uf_show_specific_survey":0,"_uf_disable_surveys":false,"footnotes":""},"categories":[36,25],"tags":[],"class_list":["post-35265","post","type-post","status-publish","format-standard","has-post-thumbnail","hentry","category-praca","category-lubliniec"],"_links":{"self":[{"href":"https:\/\/gazetaregionalna.com\/index.php?rest_route=\/wp\/v2\/posts\/35265","targetHints":{"allow":["GET"]}}],"collection":[{"href":"https:\/\/gazetaregionalna.com\/index.php?rest_route=\/wp\/v2\/posts"}],"about":[{"href":"https:\/\/gazetaregionalna.com\/index.php?rest_route=\/wp\/v2\/types\/post"}],"author":[{"embeddable":true,"href":"https:\/\/gazetaregionalna.com\/index.php?rest_route=\/wp\/v2\/users\/5"}],"replies":[{"embeddable":true,"href":"https:\/\/gazetaregionalna.com\/index.php?rest_route=%2Fwp%2Fv2%2Fcomments&post=35265"}],"version-history":[{"count":4,"href":"https:\/\/gazetaregionalna.com\/index.php?rest_route=\/wp\/v2\/posts\/35265\/revisions"}],"predecessor-version":[{"id":35272,"href":"https:\/\/gazetaregionalna.com\/index.php?rest_route=\/wp\/v2\/posts\/35265\/revisions\/35272"}],"wp:featuredmedia":[{"embeddable":true,"href":"https:\/\/gazetaregionalna.com\/index.php?rest_route=\/wp\/v2\/media\/40622"}],"wp:attachment":[{"href":"https:\/\/gazetaregionalna.com\/index.php?rest_route=%2Fwp%2Fv2%2Fmedia&parent=35265"}],"wp:term":[{"taxonomy":"category","embeddable":true,"href":"https:\/\/gazetaregionalna.com\/index.php?rest_route=%2Fwp%2Fv2%2Fcategories&post=35265"},{"taxonomy":"post_tag","embeddable":true,"href":"https:\/\/gazetaregionalna.com\/index.php?rest_route=%2Fwp%2Fv2%2Ftags&post=35265"}],"curies":[{"name":"wp","href":"https:\/\/api.w.org\/{rel}","templated":true}]}}