{"id":35218,"date":"2021-03-04T19:16:39","date_gmt":"2021-03-04T19:16:39","guid":{"rendered":"https:\/\/gazetaregionalna.com\/?p=35218"},"modified":"2021-03-04T19:23:57","modified_gmt":"2021-03-04T19:23:57","slug":"rakow-zagra-w-sobote-z-cracovia-o-trzecie-zwyciestwo-z-rzedu-w-ekstraklasie","status":"publish","type":"post","link":"https:\/\/gazetaregionalna.com\/?p=35218","title":{"rendered":"Rak\u00f3w zagra w sobot\u0119 z Cracovi\u0105 o trzecie zwyci\u0119stwo z rz\u0119du w Ekstraklasie"},"content":{"rendered":"\n<p>Po wtorkowej wygranej w Poznaniu z Lechem i awansie do p\u00f3\u0142fina\u0142u Pucharu Polski pi\u0142karze Rakowa w sobot\u0119 w ramach PKO BP Ekstraklasy podejmuj\u0105 Cracovi\u0119 Krak\u00f3w i mierz\u0105 w trzecie zwyci\u0119stwo z rz\u0119du.<\/p>\n\n\n\n<p>Pocz\u0105tek 2021 roku by\u0142 nieudany dla pi\u0142karzy Rakowa, ale ostatnie wyniki pokazuj\u0105, \u017ce chwilowe k\u0142opoty cz\u0119stochowianie maj\u0105 ju\u017c chyba za sob\u0105. Rak\u00f3w wygra\u0142 dwa mecze pod rz\u0105d w Ekstraklasie (z Zag\u0142\u0119biem Lubin i Podbeskidziem Bielsko-Bia\u0142a), a w miniony wtorek wygra\u0142 w Poznaniu z Lechem w 1\/4 Pucharu Polski i awansowa\u0142 do p\u00f3\u0142fina\u0142u.<\/p>\n\n\n\n<p>W sobot\u0119 podopieczni trenera Marka Papszuna podejmowa\u0107 b\u0119d\u0105 Cracovi\u0119 Krak\u00f3w. Zawodnicy z Krakowa sezon rozpocz\u0119li z kar\u0105 minus 5 punkt\u00f3w, co te\u017c przek\u0142ada si\u0119 na ich obecn\u0105 sytuacj\u0119 w tabeli. Cracovia po 19 rozegranych meczach ma na koncie 18 punkt\u00f3w i zajmuje 14. pozycj\u0119. \u201ePasy\u201d ca\u0142y czas walcz\u0105 o utrzymanie i dlatego do Be\u0142chatowa przyjad\u0105 walczy\u0107&#8230;<\/p>\n\n\n\n<figure class=\"wp-block-gallery columns-3 is-cropped wp-block-gallery-1 is-layout-flex wp-block-gallery-is-layout-flex\"><ul class=\"blocks-gallery-grid\"><li class=\"blocks-gallery-item\"><figure><img decoding=\"async\" width=\"1024\" height=\"683\" data-src=\"https:\/\/gazetaregionalna.com\/wp-content\/uploads\/2021\/01\/Rakow-Pogon-19-1024x683.jpg\" alt=\"\" data-id=\"32686\" data-full-url=\"https:\/\/gazetaregionalna.com\/wp-content\/uploads\/2021\/01\/Rakow-Pogon-19-scaled.jpg\" data-link=\"https:\/\/gazetaregionalna.com\/rakow-pogon-19\/\" class=\"wp-image-32686 lazyload\" data-srcset=\"https:\/\/gazetaregionalna.com\/wp-content\/uploads\/2021\/01\/Rakow-Pogon-19-1024x683.jpg 1024w, https:\/\/gazetaregionalna.com\/wp-content\/uploads\/2021\/01\/Rakow-Pogon-19-300x200.jpg 300w, https:\/\/gazetaregionalna.com\/wp-content\/uploads\/2021\/01\/Rakow-Pogon-19-768x512.jpg 768w, https:\/\/gazetaregionalna.com\/wp-content\/uploads\/2021\/01\/Rakow-Pogon-19-1536x1024.jpg 1536w, https:\/\/gazetaregionalna.com\/wp-content\/uploads\/2021\/01\/Rakow-Pogon-19-2048x1365.jpg 2048w, https:\/\/gazetaregionalna.com\/wp-content\/uploads\/2021\/01\/Rakow-Pogon-19-696x464.jpg 696w, https:\/\/gazetaregionalna.com\/wp-content\/uploads\/2021\/01\/Rakow-Pogon-19-1068x712.jpg 1068w, https:\/\/gazetaregionalna.com\/wp-content\/uploads\/2021\/01\/Rakow-Pogon-19-1920x1280.jpg 1920w, https:\/\/gazetaregionalna.com\/wp-content\/uploads\/2021\/01\/Rakow-Pogon-19-630x420.jpg 630w, https:\/\/gazetaregionalna.com\/wp-content\/uploads\/2021\/01\/Rakow-Pogon-19-scaled.jpg 1200w\" data-sizes=\"(max-width: 1024px) 100vw, 1024px\" src=\"data:image\/svg+xml;base64,PHN2ZyB3aWR0aD0iMSIgaGVpZ2h0PSIxIiB4bWxucz0iaHR0cDovL3d3dy53My5vcmcvMjAwMC9zdmciPjwvc3ZnPg==\" style=\"--smush-placeholder-width: 1024px; --smush-placeholder-aspect-ratio: 1024\/683;\" \/><\/figure><\/li><li class=\"blocks-gallery-item\"><figure><img decoding=\"async\" width=\"1024\" height=\"683\" data-src=\"https:\/\/gazetaregionalna.com\/wp-content\/uploads\/2021\/01\/Rakow-Pogon-18-1024x683.jpg\" alt=\"\" data-id=\"32685\" data-full-url=\"https:\/\/gazetaregionalna.com\/wp-content\/uploads\/2021\/01\/Rakow-Pogon-18-scaled.jpg\" data-link=\"https:\/\/gazetaregionalna.com\/rakow-pogon-18\/\" class=\"wp-image-32685 lazyload\" data-srcset=\"https:\/\/gazetaregionalna.com\/wp-content\/uploads\/2021\/01\/Rakow-Pogon-18-1024x683.jpg 1024w, https:\/\/gazetaregionalna.com\/wp-content\/uploads\/2021\/01\/Rakow-Pogon-18-300x200.jpg 300w, https:\/\/gazetaregionalna.com\/wp-content\/uploads\/2021\/01\/Rakow-Pogon-18-768x512.jpg 768w, https:\/\/gazetaregionalna.com\/wp-content\/uploads\/2021\/01\/Rakow-Pogon-18-1536x1024.jpg 1536w, https:\/\/gazetaregionalna.com\/wp-content\/uploads\/2021\/01\/Rakow-Pogon-18-2048x1365.jpg 2048w, https:\/\/gazetaregionalna.com\/wp-content\/uploads\/2021\/01\/Rakow-Pogon-18-696x464.jpg 696w, https:\/\/gazetaregionalna.com\/wp-content\/uploads\/2021\/01\/Rakow-Pogon-18-1068x712.jpg 1068w, https:\/\/gazetaregionalna.com\/wp-content\/uploads\/2021\/01\/Rakow-Pogon-18-1920x1280.jpg 1920w, https:\/\/gazetaregionalna.com\/wp-content\/uploads\/2021\/01\/Rakow-Pogon-18-630x420.jpg 630w, https:\/\/gazetaregionalna.com\/wp-content\/uploads\/2021\/01\/Rakow-Pogon-18-scaled.jpg 1200w\" data-sizes=\"(max-width: 1024px) 100vw, 1024px\" src=\"data:image\/svg+xml;base64,PHN2ZyB3aWR0aD0iMSIgaGVpZ2h0PSIxIiB4bWxucz0iaHR0cDovL3d3dy53My5vcmcvMjAwMC9zdmciPjwvc3ZnPg==\" style=\"--smush-placeholder-width: 1024px; --smush-placeholder-aspect-ratio: 1024\/683;\" \/><\/figure><\/li><li class=\"blocks-gallery-item\"><figure><img decoding=\"async\" width=\"1024\" height=\"683\" data-src=\"https:\/\/gazetaregionalna.com\/wp-content\/uploads\/2021\/01\/Rakow-Pogon-21-1024x683.jpg\" alt=\"\" data-id=\"32688\" data-full-url=\"https:\/\/gazetaregionalna.com\/wp-content\/uploads\/2021\/01\/Rakow-Pogon-21-scaled.jpg\" data-link=\"https:\/\/gazetaregionalna.com\/rakow-pogon-21\/\" class=\"wp-image-32688 lazyload\" data-srcset=\"https:\/\/gazetaregionalna.com\/wp-content\/uploads\/2021\/01\/Rakow-Pogon-21-1024x683.jpg 1024w, https:\/\/gazetaregionalna.com\/wp-content\/uploads\/2021\/01\/Rakow-Pogon-21-300x200.jpg 300w, https:\/\/gazetaregionalna.com\/wp-content\/uploads\/2021\/01\/Rakow-Pogon-21-768x512.jpg 768w, https:\/\/gazetaregionalna.com\/wp-content\/uploads\/2021\/01\/Rakow-Pogon-21-1536x1024.jpg 1536w, https:\/\/gazetaregionalna.com\/wp-content\/uploads\/2021\/01\/Rakow-Pogon-21-2048x1365.jpg 2048w, https:\/\/gazetaregionalna.com\/wp-content\/uploads\/2021\/01\/Rakow-Pogon-21-696x464.jpg 696w, https:\/\/gazetaregionalna.com\/wp-content\/uploads\/2021\/01\/Rakow-Pogon-21-1068x712.jpg 1068w, https:\/\/gazetaregionalna.com\/wp-content\/uploads\/2021\/01\/Rakow-Pogon-21-1920x1280.jpg 1920w, https:\/\/gazetaregionalna.com\/wp-content\/uploads\/2021\/01\/Rakow-Pogon-21-630x420.jpg 630w, https:\/\/gazetaregionalna.com\/wp-content\/uploads\/2021\/01\/Rakow-Pogon-21-scaled.jpg 1200w\" data-sizes=\"(max-width: 1024px) 100vw, 1024px\" src=\"data:image\/svg+xml;base64,PHN2ZyB3aWR0aD0iMSIgaGVpZ2h0PSIxIiB4bWxucz0iaHR0cDovL3d3dy53My5vcmcvMjAwMC9zdmciPjwvc3ZnPg==\" style=\"--smush-placeholder-width: 1024px; --smush-placeholder-aspect-ratio: 1024\/683;\" \/><\/figure><\/li><li class=\"blocks-gallery-item\"><figure><img decoding=\"async\" width=\"1024\" height=\"683\" data-src=\"https:\/\/gazetaregionalna.com\/wp-content\/uploads\/2021\/01\/Rakow-Pogon-8-1024x683.jpg\" alt=\"\" data-id=\"32672\" data-full-url=\"https:\/\/gazetaregionalna.com\/wp-content\/uploads\/2021\/01\/Rakow-Pogon-8-scaled.jpg\" data-link=\"https:\/\/gazetaregionalna.com\/rakow-pogon-8\/\" class=\"wp-image-32672 lazyload\" data-srcset=\"https:\/\/gazetaregionalna.com\/wp-content\/uploads\/2021\/01\/Rakow-Pogon-8-1024x683.jpg 1024w, https:\/\/gazetaregionalna.com\/wp-content\/uploads\/2021\/01\/Rakow-Pogon-8-300x200.jpg 300w, https:\/\/gazetaregionalna.com\/wp-content\/uploads\/2021\/01\/Rakow-Pogon-8-768x512.jpg 768w, https:\/\/gazetaregionalna.com\/wp-content\/uploads\/2021\/01\/Rakow-Pogon-8-1536x1024.jpg 1536w, https:\/\/gazetaregionalna.com\/wp-content\/uploads\/2021\/01\/Rakow-Pogon-8-2048x1365.jpg 2048w, https:\/\/gazetaregionalna.com\/wp-content\/uploads\/2021\/01\/Rakow-Pogon-8-696x464.jpg 696w, https:\/\/gazetaregionalna.com\/wp-content\/uploads\/2021\/01\/Rakow-Pogon-8-1068x712.jpg 1068w, https:\/\/gazetaregionalna.com\/wp-content\/uploads\/2021\/01\/Rakow-Pogon-8-1920x1280.jpg 1920w, https:\/\/gazetaregionalna.com\/wp-content\/uploads\/2021\/01\/Rakow-Pogon-8-630x420.jpg 630w, https:\/\/gazetaregionalna.com\/wp-content\/uploads\/2021\/01\/Rakow-Pogon-8-scaled.jpg 1200w\" data-sizes=\"(max-width: 1024px) 100vw, 1024px\" src=\"data:image\/svg+xml;base64,PHN2ZyB3aWR0aD0iMSIgaGVpZ2h0PSIxIiB4bWxucz0iaHR0cDovL3d3dy53My5vcmcvMjAwMC9zdmciPjwvc3ZnPg==\" style=\"--smush-placeholder-width: 1024px; --smush-placeholder-aspect-ratio: 1024\/683;\" \/><\/figure><\/li><\/ul><\/figure>\n\n\n\n<p>Pytanie tylko, czy na t\u0105 walk\u0119 pozwoli im Rak\u00f3w. Wydaje si\u0119, \u017ce czerwono-niebiescy wr\u00f3cili ju\u017c do swojej dyspozycji z jesieni. Rak\u00f3w po ostatnich wygranych z Zag\u0142\u0119biem i Podbeskidziem da\u0142 sygna\u0142, \u017ce zamierza goni\u0107 lidera Legi\u0119 Warszawa i wicelidera Pogo\u0144 Szczecin. Do 2. Pogoni cz\u0119stochowianie trac\u0105 ju\u017c tylko punkt, a do prowadz\u0105cej Legii 5 punkt\u00f3w.<\/p>\n\n\n\n<p>Cracovia w pi\u0119ciu tegorocznych spotkaniach wywalczy\u0142a tylko 2 punkty i nie wygra\u0142a w 2021 roku jeszcze meczu. Kibice Rakowa licz\u0105, \u017ce Rak\u00f3w pewnie wygra z Cracovi\u0105 i zdob\u0119dzie kolejne 3 punkty i 11 zwyci\u0119stwo.<\/p>\n\n\n\n<p>W czwartek okaza\u0142o si\u0119 te\u017c, \u017ce Cracovia b\u0119dzie rywalem Rakowa w 1\/2 Pucharu Polski (o tym pisali\u015bmy <a href=\"https:\/\/gazetaregionalna.com\/rakow-o-final-pp-zagra-z-cracovia\/\" class=\"rank-math-link\">TUTAJ<\/a>)<\/p>\n\n\n\n<figure class=\"wp-block-image size-large\"><img decoding=\"async\" width=\"1024\" height=\"741\" data-src=\"https:\/\/gazetaregionalna.com\/wp-content\/uploads\/2021\/02\/Rakow-Pogon-69-1024x741.jpg\" alt=\"\" class=\"wp-image-32924 lazyload\" data-srcset=\"https:\/\/gazetaregionalna.com\/wp-content\/uploads\/2021\/02\/Rakow-Pogon-69-1024x741.jpg 1024w, https:\/\/gazetaregionalna.com\/wp-content\/uploads\/2021\/02\/Rakow-Pogon-69-300x217.jpg 300w, https:\/\/gazetaregionalna.com\/wp-content\/uploads\/2021\/02\/Rakow-Pogon-69-768x556.jpg 768w, https:\/\/gazetaregionalna.com\/wp-content\/uploads\/2021\/02\/Rakow-Pogon-69-1536x1112.jpg 1536w, https:\/\/gazetaregionalna.com\/wp-content\/uploads\/2021\/02\/Rakow-Pogon-69-2048x1482.jpg 2048w, https:\/\/gazetaregionalna.com\/wp-content\/uploads\/2021\/02\/Rakow-Pogon-69-696x504.jpg 696w, https:\/\/gazetaregionalna.com\/wp-content\/uploads\/2021\/02\/Rakow-Pogon-69-1068x773.jpg 1068w, https:\/\/gazetaregionalna.com\/wp-content\/uploads\/2021\/02\/Rakow-Pogon-69-1920x1390.jpg 1920w, https:\/\/gazetaregionalna.com\/wp-content\/uploads\/2021\/02\/Rakow-Pogon-69-580x420.jpg 580w, https:\/\/gazetaregionalna.com\/wp-content\/uploads\/2021\/02\/Rakow-Pogon-69-324x235.jpg 324w, https:\/\/gazetaregionalna.com\/wp-content\/uploads\/2021\/02\/Rakow-Pogon-69-scaled.jpg 1200w\" data-sizes=\"(max-width: 1024px) 100vw, 1024px\" src=\"data:image\/svg+xml;base64,PHN2ZyB3aWR0aD0iMSIgaGVpZ2h0PSIxIiB4bWxucz0iaHR0cDovL3d3dy53My5vcmcvMjAwMC9zdmciPjwvc3ZnPg==\" style=\"--smush-placeholder-width: 1024px; --smush-placeholder-aspect-ratio: 1024\/741;\" \/><\/figure>\n\n\n\n<p>Foto: Gazeta Regionalna\/AK<\/p>\n","protected":false},"excerpt":{"rendered":"<p>Po wtorkowej wygranej w Poznaniu z Lechem i awansie do p\u00f3\u0142fina\u0142u Pucharu Polski pi\u0142karze Rakowa w sobot\u0119 w ramach PKO BP Ekstraklasy podejmuj\u0105 Cracovi\u0119<\/p>\n","protected":false},"author":15,"featured_media":32677,"comment_status":"open","ping_status":"open","sticky":false,"template":"","format":"standard","meta":{"_monsterinsights_skip_tracking":false,"_monsterinsights_sitenote_active":false,"_monsterinsights_sitenote_note":"","_monsterinsights_sitenote_category":0,"_uf_show_specific_survey":0,"_uf_disable_surveys":false,"footnotes":""},"categories":[94,6,5],"tags":[],"class_list":["post-35218","post","type-post","status-publish","format-standard","has-post-thumbnail","hentry","category-polecane","category-pilka-nozna","category-sport"],"_links":{"self":[{"href":"https:\/\/gazetaregionalna.com\/index.php?rest_route=\/wp\/v2\/posts\/35218","targetHints":{"allow":["GET"]}}],"collection":[{"href":"https:\/\/gazetaregionalna.com\/index.php?rest_route=\/wp\/v2\/posts"}],"about":[{"href":"https:\/\/gazetaregionalna.com\/index.php?rest_route=\/wp\/v2\/types\/post"}],"author":[{"embeddable":true,"href":"https:\/\/gazetaregionalna.com\/index.php?rest_route=\/wp\/v2\/users\/15"}],"replies":[{"embeddable":true,"href":"https:\/\/gazetaregionalna.com\/index.php?rest_route=%2Fwp%2Fv2%2Fcomments&post=35218"}],"version-history":[{"count":2,"href":"https:\/\/gazetaregionalna.com\/index.php?rest_route=\/wp\/v2\/posts\/35218\/revisions"}],"predecessor-version":[{"id":35221,"href":"https:\/\/gazetaregionalna.com\/index.php?rest_route=\/wp\/v2\/posts\/35218\/revisions\/35221"}],"wp:featuredmedia":[{"embeddable":true,"href":"https:\/\/gazetaregionalna.com\/index.php?rest_route=\/wp\/v2\/media\/32677"}],"wp:attachment":[{"href":"https:\/\/gazetaregionalna.com\/index.php?rest_route=%2Fwp%2Fv2%2Fmedia&parent=35218"}],"wp:term":[{"taxonomy":"category","embeddable":true,"href":"https:\/\/gazetaregionalna.com\/index.php?rest_route=%2Fwp%2Fv2%2Fcategories&post=35218"},{"taxonomy":"post_tag","embeddable":true,"href":"https:\/\/gazetaregionalna.com\/index.php?rest_route=%2Fwp%2Fv2%2Ftags&post=35218"}],"curies":[{"name":"wp","href":"https:\/\/api.w.org\/{rel}","templated":true}]}}