{"id":35209,"date":"2021-03-04T17:01:56","date_gmt":"2021-03-04T17:01:56","guid":{"rendered":"https:\/\/gazetaregionalna.com\/?p=35209"},"modified":"2021-03-04T17:01:57","modified_gmt":"2021-03-04T17:01:57","slug":"sps-politechnika-czestochowa-zaprasza-na-treningi-do-grup-mlodziezowych","status":"publish","type":"post","link":"https:\/\/gazetaregionalna.com\/?p=35209","title":{"rendered":"SPS Politechnika Cz\u0119stochowa zaprasza na treningi do grup m\u0142odzie\u017cowych"},"content":{"rendered":"\n<p>Siatkarski klub m\u0142odzie\u017cowy SPS Politechnika Cz\u0119stochowa zaprasza na treningi dziewczyny z rocznik\u00f3w 2008, 2009, 2010 i 2011.<\/p>\n\n\n\n<p>Zaj\u0119cia odbywa\u0107 si\u0119 b\u0119d\u0105 w ka\u017cdy pi\u0105tek marca w hali Polonia o godz. 16. &#8211; Zapraszamy serdecznie nowe kandydatki na treningi w ramach akcji \u201eNabory 2021\u201d. Do\u0142\u0105cz ju\u017c dzi\u015b do SPS-u.<\/p>\n\n\n\n<p>&#8211; Je\u015bli urodzi\u0142a\u015b si\u0119 w latach 2008-2011, lubisz aktywnie sp\u0119dza\u0107 czas, masz niez\u0142e warunki fizyczne i przede wszystkim spore ch\u0119ci do systematycznego trenowania siatk\u00f3wki to zapraszamy na treningi w ka\u017cdy pi\u0105tek marca \u2013 zach\u0119ca trener SPS Politechniki Pawe\u0142 Bielak. &#8211; Zaj\u0119cia odbywa\u0107 si\u0119 b\u0119d\u0105 w ka\u017cdy pi\u0105tek marca o godz. 16 w hali Polonia przy ul. Dekabryst\u00f3w. Prosimy o potwierdzenia przybycia pod numerem telefonu 609174869.<\/p>\n\n\n\n<p><\/p>\n","protected":false},"excerpt":{"rendered":"<p>Siatkarski klub m\u0142odzie\u017cowy SPS Politechnika Cz\u0119stochowa zaprasza na treningi dziewczyny z rocznik\u00f3w 2008, 2009, 2010 i 2011. Zaj\u0119cia odbywa\u0107 si\u0119 b\u0119d\u0105 w ka\u017cdy pi\u0105tek<\/p>\n","protected":false},"author":15,"featured_media":0,"comment_status":"open","ping_status":"open","sticky":false,"template":"","format":"standard","meta":{"_monsterinsights_skip_tracking":false,"_monsterinsights_sitenote_active":false,"_monsterinsights_sitenote_note":"","_monsterinsights_sitenote_category":0,"_uf_show_specific_survey":0,"_uf_disable_surveys":false,"footnotes":""},"categories":[8,5],"tags":[],"class_list":["post-35209","post","type-post","status-publish","format-standard","hentry","category-siatkowka","category-sport"],"_links":{"self":[{"href":"https:\/\/gazetaregionalna.com\/index.php?rest_route=\/wp\/v2\/posts\/35209","targetHints":{"allow":["GET"]}}],"collection":[{"href":"https:\/\/gazetaregionalna.com\/index.php?rest_route=\/wp\/v2\/posts"}],"about":[{"href":"https:\/\/gazetaregionalna.com\/index.php?rest_route=\/wp\/v2\/types\/post"}],"author":[{"embeddable":true,"href":"https:\/\/gazetaregionalna.com\/index.php?rest_route=\/wp\/v2\/users\/15"}],"replies":[{"embeddable":true,"href":"https:\/\/gazetaregionalna.com\/index.php?rest_route=%2Fwp%2Fv2%2Fcomments&post=35209"}],"version-history":[{"count":1,"href":"https:\/\/gazetaregionalna.com\/index.php?rest_route=\/wp\/v2\/posts\/35209\/revisions"}],"predecessor-version":[{"id":35210,"href":"https:\/\/gazetaregionalna.com\/index.php?rest_route=\/wp\/v2\/posts\/35209\/revisions\/35210"}],"wp:attachment":[{"href":"https:\/\/gazetaregionalna.com\/index.php?rest_route=%2Fwp%2Fv2%2Fmedia&parent=35209"}],"wp:term":[{"taxonomy":"category","embeddable":true,"href":"https:\/\/gazetaregionalna.com\/index.php?rest_route=%2Fwp%2Fv2%2Fcategories&post=35209"},{"taxonomy":"post_tag","embeddable":true,"href":"https:\/\/gazetaregionalna.com\/index.php?rest_route=%2Fwp%2Fv2%2Ftags&post=35209"}],"curies":[{"name":"wp","href":"https:\/\/api.w.org\/{rel}","templated":true}]}}