{"id":35120,"date":"2021-03-03T14:09:40","date_gmt":"2021-03-03T14:09:40","guid":{"rendered":"https:\/\/gazetaregionalna.com\/?p=35120"},"modified":"2021-03-03T14:09:41","modified_gmt":"2021-03-03T14:09:41","slug":"w-kozieglowach-sprawdzaja-ile-osob-jest-zainteresowanych-proekologicznymi-dotacjami-i-poprawa-jakosci-powietrza","status":"publish","type":"post","link":"https:\/\/gazetaregionalna.com\/?p=35120","title":{"rendered":"W Kozieg\u0142owach sprawdzaj\u0105, ile os\u00f3b jest zainteresowanych proekologicznymi dotacjami i popraw\u0105 jako\u015bci powietrza"},"content":{"rendered":"\n<h2 class=\"wp-block-heading\">Gmina przymierza si\u0119 do realizacji proekologicznego programu pod has\u0142em: Wymiana \u017ar\u00f3de\u0142 ciep\u0142a w budynkach indywidualnych mieszka\u0144c\u00f3w na terenie Gminy i Miasta Kozieg\u0142owy \u2013 etap II\u201d. Warunkiem rozpocz\u0119cia dzia\u0142a\u0144 jest uzyskanie przez samorz\u0105d dofinansowania z Wojew\u00f3dzkiego Funduszu Ochrony \u015arodowiska i Gospodarki Wodnej w Katowicach. Aby projekt mia\u0142 sens, musi by\u0107 ni\u0105 zainteresowana odpowiednia liczba mieszka\u0144c\u00f3w.<\/h2>\n\n\n\n<p>Z tego powodu gmina og\u0142osi\u0142a wst\u0119pny nab\u00f3r ankiet uczestnictwa w projekcie.<\/p>\n\n\n\n<p>Proekologiczny program ma polega\u0107 na wymianie starego nieekologicznego \u017ar\u00f3d\u0142a ciep\u0142a na paliwo sta\u0142e, na \u017ar\u00f3d\u0142a ekologiczne takie jak kot\u0142y na: eko groszek 5 klasy (spe\u0142niaj\u0105ce standard emisyjny zgodny z norm\u0105 PN-EN 303-5:2012, ecodesign); pellet 5 klasy (spe\u0142niaj\u0105ce standard emisyjny zgodny z norm\u0105 PN-EN 303-5:2012, ecodesign) oraz monta\u017cu kot\u0142\u00f3w gazowych.<\/p>\n\n\n\n<p>Inwestycja obejmuje demonta\u017c oraz likwidacj\u0119 starych \u017ar\u00f3de\u0142 ciep\u0142a.<\/p>\n\n\n\n<p>Nab\u00f3r wst\u0119pnych ankiet uczestnictwa potrwa od 8 do 31 marca 2021 roku. Zainteresowani t\u0105 propozycj\u0105 mieszka\u0144cy gminy mog\u0105 si\u0119 zg\u0142asza\u0107 w godzinach pracy Urz\u0119du Gminy i Miasta Kozieg\u0142owy, tj.: pon., \u015br., czw., pt.: od 7:30 do 15:30; wt.: od 8:00 do 16:00<\/p>\n\n\n\n<p>Wype\u0142nione ankiety uczestnictwa nale\u017cy sk\u0142ada\u0107 w Biurze Podawczym UGiM Kozieg\u0142owy.<\/p>\n\n\n\n<p>Kontakt telefoniczny z pracownikami UGiM pod nr telefonu: 34 314 12 19 wew. 120 w godzinach pracy urz\u0119du.<\/p>\n\n\n\n<p>Ankiet\u0119 do udzia\u0142u w projekcie mog\u0105 z\u0142o\u017cy\u0107: osoby fizyczne, kt\u00f3re s\u0105 w\u0142a\u015bcicielem lub wsp\u00f3\u0142w\u0142a\u015bcicielem budynku zlokalizowanego w Gminie Kozieg\u0142owy, osoby fizyczne zamieszka\u0142e na terenie Gminy i Miasta Kozieg\u0142owy, b\u0119d\u0105ce w\u0142a\u015bcicielem budynku mieszkalnego, gdzie efekty realizacji Projektu wykorzystywane b\u0119d\u0105 wy\u0142\u0105cznie do cel\u00f3w socjalno &#8211; bytowych mieszka\u0144c\u00f3w oraz osoby nieposiadaj\u0105ce jakichkolwiek zaleg\u0142o\u015bci finansowych wobec Gminy i Miasta Kozieg\u0142owy oraz Zespo\u0142u Us\u0142ug Komunalnych z tytu\u0142u nale\u017cno\u015bci podatkowych, op\u0142at za wod\u0119, wyw\u00f3z nieczysto\u015bci itp.<\/p>\n\n\n\n<p>Planowana warto\u015b\u0107 dotacji stanowi\u0107 b\u0119dzie maksymalnie 6 000 z\u0142 (lecz nie wi\u0119cej ni\u017c 50% koszt\u00f3w kwalifikowanych inwestycji w ramach gospodarstwa domowego).<\/p>\n\n\n\n<p>Ankiet\u0119 oraz wszelkie szczeg\u00f3\u0142y dotycz\u0105ce projektu mo\u017cna znale\u017a\u0107 na stronie: <a href=\"https:\/\/l.facebook.com\/l.php?u=http%3A%2F%2Fwww.kozieglowy.pl%2F%3Ffbclid%3DIwAR2C2dxkCvac5HboEiaZkJWM-N6JL3CHu5pga8zc-wX--R8xjOCL8tW9Zpg&amp;h=AT1aTULH4Zfa9AfjZKqYTPwd8y7rfVkZaXvQTrkG2m4lk24_grPC8q8Sw-tui9ULyCVnilabcSQ2Fme9NE98aDfmjLMTty3V_eZyzC2Nsgwjh3ri9wcJf7n3iQUVHoaEbJ23mw&amp;__tn__=-UK-R&amp;c[0]=AT22XyH4A2JgCKeOwAZ38wnaU52RVDxffKn6z4jFDKGIC4T1y48DfMXYPt_52GPTab_zi0VDTcIlSOFGO8tLV--sRyUr01coUxovBRFeOgyeXx9NdZW52vuYdu7exNiltMUuePu3F3EKC5HmJl4qPr5N18FGjQ72g2jFK_AnP1hzsUw\" target=\"_blank\" rel=\"noreferrer noopener\">www.kozieglowy.pl<\/a><\/p>\n","protected":false},"excerpt":{"rendered":"<p>Gmina przymierza si\u0119 do realizacji proekologicznego programu pod has\u0142em: Wymiana \u017ar\u00f3de\u0142 ciep\u0142a w budynkach indywidualnych mieszka\u0144c\u00f3w na terenie Gminy i Miasta Kozieg\u0142owy \u2013 etap<\/p>\n","protected":false},"author":7,"featured_media":14083,"comment_status":"open","ping_status":"open","sticky":false,"template":"","format":"standard","meta":{"_monsterinsights_skip_tracking":false,"_monsterinsights_sitenote_active":false,"_monsterinsights_sitenote_note":"","_monsterinsights_sitenote_category":0,"_uf_show_specific_survey":0,"_uf_disable_surveys":false,"footnotes":""},"categories":[29,26,4,2],"tags":[],"class_list":["post-35120","post","type-post","status-publish","format-standard","has-post-thumbnail","hentry","category-ekologia","category-myszkow","category-region","category-wiadomosci"],"_links":{"self":[{"href":"https:\/\/gazetaregionalna.com\/index.php?rest_route=\/wp\/v2\/posts\/35120","targetHints":{"allow":["GET"]}}],"collection":[{"href":"https:\/\/gazetaregionalna.com\/index.php?rest_route=\/wp\/v2\/posts"}],"about":[{"href":"https:\/\/gazetaregionalna.com\/index.php?rest_route=\/wp\/v2\/types\/post"}],"author":[{"embeddable":true,"href":"https:\/\/gazetaregionalna.com\/index.php?rest_route=\/wp\/v2\/users\/7"}],"replies":[{"embeddable":true,"href":"https:\/\/gazetaregionalna.com\/index.php?rest_route=%2Fwp%2Fv2%2Fcomments&post=35120"}],"version-history":[{"count":1,"href":"https:\/\/gazetaregionalna.com\/index.php?rest_route=\/wp\/v2\/posts\/35120\/revisions"}],"predecessor-version":[{"id":35121,"href":"https:\/\/gazetaregionalna.com\/index.php?rest_route=\/wp\/v2\/posts\/35120\/revisions\/35121"}],"wp:featuredmedia":[{"embeddable":true,"href":"https:\/\/gazetaregionalna.com\/index.php?rest_route=\/wp\/v2\/media\/14083"}],"wp:attachment":[{"href":"https:\/\/gazetaregionalna.com\/index.php?rest_route=%2Fwp%2Fv2%2Fmedia&parent=35120"}],"wp:term":[{"taxonomy":"category","embeddable":true,"href":"https:\/\/gazetaregionalna.com\/index.php?rest_route=%2Fwp%2Fv2%2Fcategories&post=35120"},{"taxonomy":"post_tag","embeddable":true,"href":"https:\/\/gazetaregionalna.com\/index.php?rest_route=%2Fwp%2Fv2%2Ftags&post=35120"}],"curies":[{"name":"wp","href":"https:\/\/api.w.org\/{rel}","templated":true}]}}