{"id":35080,"date":"2021-03-02T17:36:50","date_gmt":"2021-03-02T17:36:50","guid":{"rendered":"https:\/\/gazetaregionalna.com\/?p=35080"},"modified":"2021-03-02T17:37:22","modified_gmt":"2021-03-02T17:37:22","slug":"zuzlowcy-eltrox-wlokniarza-wyjechali-we-wtorek-na-pierwszy-trening-w-2021-roku","status":"publish","type":"post","link":"https:\/\/gazetaregionalna.com\/?p=35080","title":{"rendered":"\u017bu\u017clowcy Eltrox W\u0142\u00f3kniarza wyjechali we wtorek na pierwszy trening w 2021 roku"},"content":{"rendered":"\n<p>We wtorek na stadionie przy ul. Olszty\u0144skiej odby\u0142 si\u0119 pierwszy tegoroczny trening \u017cu\u017clowc\u00f3w Eltrox W\u0142\u00f3kniarza. Trenowali m.in. Kacper Woryna i Bartosz Smekta\u0142a.<\/p>\n\n\n\n<p>Ostatnie dni s\u0105 bardzo intensywne dla dzia\u0142aczy Eltrox W\u0142\u00f3kniarza. W poprzednim tygodniu dzia\u0142acze byli zaanga\u017cowani w prezentacj\u0119 dru\u017cyny, kt\u00f3ra odby\u0142a si\u0119 w Hotelu Arche. W poniedzia\u0142ek na stadionie Arena Zielona-Energia.com montowano dmuchane bandy i przygotowywano tor do wtorkowego treningu. Aura we wtorek dopisa\u0142a wi\u0119c ch\u0119tni zawodnicy mogli odjecha\u0107 pierwsze k\u00f3\u0142ka na torze.<\/p>\n\n\n\n<p>Na wtorkowym treningu pojawili si\u0119 nowi \u017cu\u017clowcy Eltrox W\u0142\u00f3kniarza: Kacper Woryna oraz Bartosz Smekta\u0142a. By\u0142 te\u017c junior Mateusz \u015awidnicki oraz pozostali m\u0142odzie\u017cowcy: Kamil Kr\u00f3l, Jakub Martyniak i Franciszek Karczewski.<\/p>\n\n\n\n<p>\u017bu\u017clowcy zapoznali si\u0119 z torem i odjechali pierwsze k\u00f3\u0142ka. W najbli\u017cszych dniach nale\u017cy spodziewa\u0107 si\u0119 kolejnych trening\u00f3w i ryku silnik\u00f3w. Do trening\u00f3w na torze powinni do\u0142\u0105czy\u0107 kolejni \u017cu\u017clowcy Eltrox W\u0142\u00f3kniarza.<\/p>\n\n\n\n<p>Je\u015bli aura b\u0119dzie sprzyja\u0107 \u017cu\u017clowcom to w dniach 16 i 17 marca cz\u0119stochowianie odjad\u0105 pierwsze mecze kontrolne ze Startem Gniezno. We wtorek, 16 marca sparing ma si\u0119 odby\u0107 na torze w Gnie\u017anie, a dzie\u0144 p\u00f3\u017aniej rewan\u017c w Cz\u0119stochowie.<\/p>\n\n\n\n<p>Foto: Gazeta Regionalna\/AK<\/p>\n","protected":false},"excerpt":{"rendered":"<p>We wtorek na stadionie przy ul. Olszty\u0144skiej odby\u0142 si\u0119 pierwszy tegoroczny trening \u017cu\u017clowc\u00f3w Eltrox W\u0142\u00f3kniarza. Trenowali m.in. Kacper Woryna i Bartosz Smekta\u0142a. Ostatnie dni<\/p>\n","protected":false},"author":15,"featured_media":17655,"comment_status":"open","ping_status":"open","sticky":false,"template":"","format":"standard","meta":{"_monsterinsights_skip_tracking":false,"_monsterinsights_sitenote_active":false,"_monsterinsights_sitenote_note":"","_monsterinsights_sitenote_category":0,"_uf_show_specific_survey":0,"_uf_disable_surveys":false,"footnotes":""},"categories":[5,94,7],"tags":[],"class_list":["post-35080","post","type-post","status-publish","format-standard","has-post-thumbnail","hentry","category-sport","category-polecane","category-zuzel"],"_links":{"self":[{"href":"https:\/\/gazetaregionalna.com\/index.php?rest_route=\/wp\/v2\/posts\/35080","targetHints":{"allow":["GET"]}}],"collection":[{"href":"https:\/\/gazetaregionalna.com\/index.php?rest_route=\/wp\/v2\/posts"}],"about":[{"href":"https:\/\/gazetaregionalna.com\/index.php?rest_route=\/wp\/v2\/types\/post"}],"author":[{"embeddable":true,"href":"https:\/\/gazetaregionalna.com\/index.php?rest_route=\/wp\/v2\/users\/15"}],"replies":[{"embeddable":true,"href":"https:\/\/gazetaregionalna.com\/index.php?rest_route=%2Fwp%2Fv2%2Fcomments&post=35080"}],"version-history":[{"count":1,"href":"https:\/\/gazetaregionalna.com\/index.php?rest_route=\/wp\/v2\/posts\/35080\/revisions"}],"predecessor-version":[{"id":35081,"href":"https:\/\/gazetaregionalna.com\/index.php?rest_route=\/wp\/v2\/posts\/35080\/revisions\/35081"}],"wp:featuredmedia":[{"embeddable":true,"href":"https:\/\/gazetaregionalna.com\/index.php?rest_route=\/wp\/v2\/media\/17655"}],"wp:attachment":[{"href":"https:\/\/gazetaregionalna.com\/index.php?rest_route=%2Fwp%2Fv2%2Fmedia&parent=35080"}],"wp:term":[{"taxonomy":"category","embeddable":true,"href":"https:\/\/gazetaregionalna.com\/index.php?rest_route=%2Fwp%2Fv2%2Fcategories&post=35080"},{"taxonomy":"post_tag","embeddable":true,"href":"https:\/\/gazetaregionalna.com\/index.php?rest_route=%2Fwp%2Fv2%2Ftags&post=35080"}],"curies":[{"name":"wp","href":"https:\/\/api.w.org\/{rel}","templated":true}]}}