{"id":35060,"date":"2021-03-02T10:50:47","date_gmt":"2021-03-02T10:50:47","guid":{"rendered":"https:\/\/gazetaregionalna.com\/?p=35060"},"modified":"2021-03-02T10:50:48","modified_gmt":"2021-03-02T10:50:48","slug":"czestochowska-filharmonia-proponuje-z-okazji-dnia-kobiet-przeboje-seweryna-krajewskiego","status":"publish","type":"post","link":"https:\/\/gazetaregionalna.com\/?p=35060","title":{"rendered":"Cz\u0119stochowska Filharmonia proponuje z okazji Dnia Kobiet przeboje Seweryna Krajewskiego"},"content":{"rendered":"\n<h2 class=\"wp-block-heading\"><strong>W najbli\u017cszy pi\u0105tek, 5 marca, Filharmonia Cz\u0119stochowska zaprasza panie, ale nie tylko, na wyj\u0105tkowy koncert z okazji Dnia Kobiet. Wydarzenie pod has\u0142em \u201eNie jeste\u015b sama \u2013 Krajewski symfonicznie\u201d rozpocznie si\u0119 o godzinie 19.<\/strong><\/h2>\n\n\n\n<p>Pi\u0105tkowy koncer przygotowali znani z projekt\u00f3w &#8222;Po\u0142o\u0144ska \u015bpiewa Osieck\u0105&#8221; i &#8222;M\u0142ynarski symfonicznie&#8221; wokalistka Izabela Po\u0142o\u0144ska i aran\u017cer Leszek Ko\u0142odziejski. Tym razem w sali koncertowej zabrzmi\u0105 znane przeboje kompozytora i lidera zespo\u0142u Czerwone Gitary. Jak zapewniaj\u0105 autorzy przedsi\u0119wzi\u0119cia b\u0119dzie przebojowo, lirycznie i sentymentalnie.<\/p>\n\n\n\n<p>Do udzia\u0142u w tym projekcie uda\u0142o si\u0119 zaprosi\u0107 wyj\u0105tkowego wokalist\u0119 Wojciecha Myrczka &#8211; laureata wielu wokalnych konkurs\u00f3w jazzowych w kraju i za granic\u0105. Wyst\u0105pi\u0105: Orkiestra Symfoniczna Filharmonii Cz\u0119stochowskiej pod batut\u0105 Adama Klocka, Iza Po\u0142o\u0144ska &#8211; \u015bpiew, Wojtek Myrczek &#8211; \u015bpiew, Leszek Ko\u0142odziejski \u2013 fortepian, akordeon, Micha\u0142 Kobojek \u2013 saksofon, Micha\u0142 Grott \u2013 gitara basowa, Radek Bolewski &#8211; perkusja. W programie znajd\u0105 si\u0119 piosenki w wi\u0119kszo\u015bci do tekst\u00f3w Agnieszki Osieckiej:&nbsp; tytu\u0142owa \u201eNie jeste\u015b sama\u201d,&nbsp; \u201eUciekaj, moje serce\u201d, \u201ePod niebami\u201d, \u201eSama chcia\u0142a\u201d i wiele innych.<\/p>\n\n\n\n<p>Cena bilet\u00f3w: 50 z\u0142 (normalny), 45 z\u0142 (ulgowy). Wej\u015bci\u00f3wki do nabycia w kasie lub za po\u015brednictwem strony internetowej Filharmonii.<\/p>\n\n\n\n<p>Poniewa\u017c w dalszym ci\u0105gu mamy epidemi\u0119, Filharmonia Cz\u0119stochowska przypomina melomanom o kilku wa\u017cnych zasadach.<\/p>\n\n\n\n<p><strong>Uczestnicy koncert\u00f3w i imprez w Filharmonii zobowi\u0105zani s\u0105 do:<\/strong><\/p>\n\n\n\n<ul class=\"wp-block-list\"><li>zas\u0142aniania nosa i ust, przy pomocy m.in.: maseczki ochronnej, zapewnionej we w\u0142asnym zakresie, przez ca\u0142y czas (r\u00f3wnie\u017c w czasie koncertu) przebywania na terenie Filharmonii<\/li><li>wype\u0142nienia o\u015bwiadczenia, mo\u017cna to zrobi\u0107 wcze\u015bniej, pobieraj\u0105c ze strony Filharmonii<a href=\"https:\/\/bit.ly\/FilharmoniaCz_oswiadczenie\" target=\"_blank\" rel=\"noopener\">https:\/\/bit.ly\/FilharmoniaCz_oswiadczenie<\/a>&nbsp;&nbsp;<\/li><li>poddania si\u0119 bezdotykowemu badaniu temperatury<\/li><li>dezynfekcji r\u0105k<\/li><li>zachowania dystansu spo\u0142ecznego zw\u0142aszcza w kolejce do Kasy lub przy wej\u015bciach na sale koncertowe<\/li><\/ul>\n\n\n\n<p>Filharmonia udost\u0119pnia publiczno\u015bci 50% miejsc na sali koncertowej. Wy\u0142\u0105czone miejsca s\u0105 odpowiednio oznaczone na sali koncertowej.<\/p>\n","protected":false},"excerpt":{"rendered":"<p>W najbli\u017cszy pi\u0105tek, 5 marca, Filharmonia Cz\u0119stochowska zaprasza panie, ale nie tylko, na wyj\u0105tkowy koncert z okazji Dnia Kobiet. Wydarzenie pod has\u0142em \u201eNie jeste\u015b<\/p>\n","protected":false},"author":7,"featured_media":35063,"comment_status":"open","ping_status":"open","sticky":false,"template":"","format":"standard","meta":{"_monsterinsights_skip_tracking":false,"_monsterinsights_sitenote_active":false,"_monsterinsights_sitenote_note":"","_monsterinsights_sitenote_category":0,"_uf_show_specific_survey":0,"_uf_disable_surveys":false,"footnotes":""},"categories":[12,3,2,13],"tags":[],"class_list":["post-35060","post","type-post","status-publish","format-standard","has-post-thumbnail","hentry","category-kultura-i-rozrywka","category-czestochowa-informacje","category-wiadomosci","category-wydarzenia"],"_links":{"self":[{"href":"https:\/\/gazetaregionalna.com\/index.php?rest_route=\/wp\/v2\/posts\/35060","targetHints":{"allow":["GET"]}}],"collection":[{"href":"https:\/\/gazetaregionalna.com\/index.php?rest_route=\/wp\/v2\/posts"}],"about":[{"href":"https:\/\/gazetaregionalna.com\/index.php?rest_route=\/wp\/v2\/types\/post"}],"author":[{"embeddable":true,"href":"https:\/\/gazetaregionalna.com\/index.php?rest_route=\/wp\/v2\/users\/7"}],"replies":[{"embeddable":true,"href":"https:\/\/gazetaregionalna.com\/index.php?rest_route=%2Fwp%2Fv2%2Fcomments&post=35060"}],"version-history":[{"count":3,"href":"https:\/\/gazetaregionalna.com\/index.php?rest_route=\/wp\/v2\/posts\/35060\/revisions"}],"predecessor-version":[{"id":35064,"href":"https:\/\/gazetaregionalna.com\/index.php?rest_route=\/wp\/v2\/posts\/35060\/revisions\/35064"}],"wp:featuredmedia":[{"embeddable":true,"href":"https:\/\/gazetaregionalna.com\/index.php?rest_route=\/wp\/v2\/media\/35063"}],"wp:attachment":[{"href":"https:\/\/gazetaregionalna.com\/index.php?rest_route=%2Fwp%2Fv2%2Fmedia&parent=35060"}],"wp:term":[{"taxonomy":"category","embeddable":true,"href":"https:\/\/gazetaregionalna.com\/index.php?rest_route=%2Fwp%2Fv2%2Fcategories&post=35060"},{"taxonomy":"post_tag","embeddable":true,"href":"https:\/\/gazetaregionalna.com\/index.php?rest_route=%2Fwp%2Fv2%2Ftags&post=35060"}],"curies":[{"name":"wp","href":"https:\/\/api.w.org\/{rel}","templated":true}]}}